{"id":87399,"date":"2015-12-28T13:03:55","date_gmt":"2015-12-28T16:03:55","guid":{"rendered":"http:\/\/senoticias.com.br\/se\/?p=87399"},"modified":"2015-12-28T13:04:30","modified_gmt":"2015-12-28T16:04:30","slug":"para-valorizar-servidores-prefeitura-de-itaporanga-antecipa-salario-de-dezembro","status":"publish","type":"post","link":"https:\/\/senoticias.com.br\/se\/para-valorizar-servidores-prefeitura-de-itaporanga-antecipa-salario-de-dezembro\/","title":{"rendered":"Para valorizar servidores, Prefeitura de Itaporanga antecipa sal\u00e1rio de dezembro"},"content":{"rendered":"<p>&nbsp;<\/p>\n<p style=\"text-align: justify;\">Por determina\u00e7\u00e3o da prefeita Maria das Gra\u00e7as (Gracinha), o pagamento dos sal\u00e1rios de dezembro dos servidores municipais foi antecipado para esta ter\u00e7a-feira (29). Com a antecipa\u00e7\u00e3o dos sal\u00e1rios, a Prefeitura estar\u00e1 injetando no com\u00e9rcio local aproximadamente R$ 2,5 milh\u00f5es.<\/p>\n<div id=\"attachment_87400\" style=\"width: 310px\" class=\"wp-caption alignright\"><a href=\"http:\/\/senoticias.com.br\/se\/wp-content\/uploads\/2015\/12\/dezembro.jpg\"><img loading=\"lazy\" decoding=\"async\" aria-describedby=\"caption-attachment-87400\" class=\"size-medium wp-image-87400\" alt=\" Com a antecipa\u00e7\u00e3o dos sal\u00e1rios, a Prefeitura estar\u00e1 injetando no com\u00e9rcio local aproximadamente R$ 2,5 milh\u00f5es. (Foto: reprodu\u00e7\u00e3o\/Net)\" src=\"http:\/\/senoticias.com.br\/se\/wp-content\/uploads\/2015\/12\/dezembro-300x229.jpg\" width=\"300\" height=\"229\" srcset=\"https:\/\/senoticias.com.br\/se\/wp-content\/uploads\/2015\/12\/dezembro-300x229.jpg 300w, https:\/\/senoticias.com.br\/se\/wp-content\/uploads\/2015\/12\/dezembro-342x261.jpg 342w, https:\/\/senoticias.com.br\/se\/wp-content\/uploads\/2015\/12\/dezembro-60x45.jpg 60w, https:\/\/senoticias.com.br\/se\/wp-content\/uploads\/2015\/12\/dezembro.jpg 520w\" sizes=\"(max-width: 300px) 100vw, 300px\" \/><\/a><p id=\"caption-attachment-87400\" class=\"wp-caption-text\">Com a antecipa\u00e7\u00e3o dos sal\u00e1rios, a Prefeitura estar\u00e1 injetando no com\u00e9rcio local aproximadamente R$ 2,5 milh\u00f5es. (Foto: reprodu\u00e7\u00e3o\/Net)<\/p><\/div>\n<p style=\"text-align: justify;\">A antecipa\u00e7\u00e3o do sal\u00e1rio \u00e9 fruto do esfor\u00e7o da prefeita Gracinha e de sua equipe, que zelam por uma administra\u00e7\u00e3o pautada na seriedade e no respeito ao servidor p\u00fablico.<\/p>\n<p style=\"text-align: justify;\">\u201cEsse \u00e9 mais um compromisso da prefeita Gracinha que est\u00e1 sendo cumprido rigorosamente. Mesmo com as dificuldades encontradas a gest\u00e3o da prefeita Gracinha vem fazendo todos os esfor\u00e7os para valorizar cada vez mais o nosso servidor, que \u00e9 pe\u00e7a fundamental para o sucesso de nossa administra\u00e7\u00e3o. O sal\u00e1rio dos servidores \u00e9 algo sagrado. Portanto, o sal\u00e1rio faz parte desse compromisso e nesta ter\u00e7a-feira, dia 29, o dinheiro j\u00e1 est\u00e1 na conta dos servidores\u201d, confirma a secret\u00e1ria de Finan\u00e7as e Economia, Erivalda Santana.<\/p>\n<p style=\"text-align: justify;\">Para a prefeita Gracinha, a medida \u00e9 importante porque muitos servidores t\u00eam d\u00edvidas, compromissos, poupan\u00e7as, investimentos e necessidades financeiras. Ela lembra que o respeito e a valoriza\u00e7\u00e3o do servidor p\u00fablico \u00e9 um dos compromissos da gest\u00e3o municipal.<\/p>\n<p style=\"text-align: justify;\">\u201cQuanto mais a gente puder trabalhar em parceria com os servidores, vamos trabalhar, porque eles ficaram muito tempo sem ter o devido respeito, principalmente, com rela\u00e7\u00e3o ao pagamento do sal\u00e1rio em dia. Todo dinheiro que \u00e9 destinado ao servidor, que possa, ent\u00e3o, dentro das condi\u00e7\u00f5es financeiras do munic\u00edpio, ser logo colocado \u00e0 disposi\u00e7\u00e3o daqueles que fazem a prefeitura andar no nosso dia a dia. Nosso compromisso \u00e9 manter o sal\u00e1rio em dia e valorizar cada vez mais os nossos servidores\u201d, observa.<\/p>\n<p style=\"text-align: justify;\"><strong><em>Acompanhe o SE Not\u00edcias no\u00a0<a href=\"https:\/\/twitter.com\/Senoticias\" target=\"_blank\">Twitter<\/a>\u00a0e no\u00a0<a href=\"https:\/\/www.facebook.com\/senoticias1\" target=\"_blank\">Facebook<\/a><\/em><\/strong><\/p>\n<p style=\"text-align: justify;\"><strong>Ascom\/Itaporanga<\/strong><\/p>\n","protected":false},"excerpt":{"rendered":"<p>&nbsp; Por determina\u00e7\u00e3o da prefeita Maria das Gra\u00e7as (Gracinha), o pagamento dos sal\u00e1rios de dezembro dos servidores municipais foi antecipado para esta ter\u00e7a-feira (29). Com a antecipa\u00e7\u00e3o dos sal\u00e1rios, a Prefeitura estar\u00e1 injetando no com\u00e9rcio local aproximadamente R$ 2,5 milh\u00f5es. A antecipa\u00e7\u00e3o do sal\u00e1rio \u00e9 fruto do esfor\u00e7o da prefeita Gracinha e de sua equipe, [&hellip;]<\/p>\n","protected":false},"author":1,"featured_media":87400,"comment_status":"closed","ping_status":"closed","sticky":false,"template":"","format":"standard","meta":{"footnotes":""},"categories":[38,1],"tags":[],"class_list":{"0":"post-87399","1":"post","2":"type-post","3":"status-publish","4":"format-standard","5":"has-post-thumbnail","7":"category-municipios","8":"category-sem-categoria"},"_links":{"self":[{"href":"https:\/\/senoticias.com.br\/se\/wp-json\/wp\/v2\/posts\/87399"}],"collection":[{"href":"https:\/\/senoticias.com.br\/se\/wp-json\/wp\/v2\/posts"}],"about":[{"href":"https:\/\/senoticias.com.br\/se\/wp-json\/wp\/v2\/types\/post"}],"author":[{"embeddable":true,"href":"https:\/\/senoticias.com.br\/se\/wp-json\/wp\/v2\/users\/1"}],"replies":[{"embeddable":true,"href":"https:\/\/senoticias.com.br\/se\/wp-json\/wp\/v2\/comments?post=87399"}],"version-history":[{"count":0,"href":"https:\/\/senoticias.com.br\/se\/wp-json\/wp\/v2\/posts\/87399\/revisions"}],"wp:featuredmedia":[{"embeddable":true,"href":"https:\/\/senoticias.com.br\/se\/wp-json\/wp\/v2\/media\/87400"}],"wp:attachment":[{"href":"https:\/\/senoticias.com.br\/se\/wp-json\/wp\/v2\/media?parent=87399"}],"wp:term":[{"taxonomy":"category","embeddable":true,"href":"https:\/\/senoticias.com.br\/se\/wp-json\/wp\/v2\/categories?post=87399"},{"taxonomy":"post_tag","embeddable":true,"href":"https:\/\/senoticias.com.br\/se\/wp-json\/wp\/v2\/tags?post=87399"}],"curies":[{"name":"wp","href":"https:\/\/api.w.org\/{rel}","templated":true}]}}