{"id":87389,"date":"2015-12-28T08:34:11","date_gmt":"2015-12-28T11:34:11","guid":{"rendered":"http:\/\/senoticias.com.br\/se\/?p=87389"},"modified":"2015-12-29T21:29:12","modified_gmt":"2015-12-30T00:29:12","slug":"iml-registra-27-corpos-sendo-que-oito-foram-vitimas-de-acidentes-veja-lista-completa","status":"publish","type":"post","link":"https:\/\/senoticias.com.br\/se\/iml-registra-27-corpos-sendo-que-oito-foram-vitimas-de-acidentes-veja-lista-completa\/","title":{"rendered":"IML registra 27 corpos sendo que oito foram v\u00edtimas de acidentes; veja lista completa."},"content":{"rendered":"<p style=\"text-align: justify;\">O Instituto M\u00e9dico Legal (IML) registrou 27 corpos no per\u00edodo entre a manh\u00e3 de sexta-feira (25), feriado de Natal, at\u00e9 a madrugada desta segunda-feira (28) em Sergipe. Desses, 16 s\u00e3o de v\u00edtimas de homic\u00eddios, sendo que apenas dois desse total foram por arma branca, um por espancamento e os outros 13 por arma de fogo.<\/p>\n<div id=\"attachment_87390\" style=\"width: 606px\" class=\"wp-caption aligncenter\"><a href=\"http:\/\/senoticias.com.br\/se\/wp-content\/uploads\/2015\/12\/2632014144753-e1451302415689.jpg\"><img loading=\"lazy\" decoding=\"async\" aria-describedby=\"caption-attachment-87390\" class=\"size-full wp-image-87390\" alt=\"Foto: Divulga\u00e7\u00e3o\" src=\"http:\/\/senoticias.com.br\/se\/wp-content\/uploads\/2015\/12\/2632014144753-e1451302415689.jpg\" width=\"596\" height=\"447\" \/><\/a><p id=\"caption-attachment-87390\" class=\"wp-caption-text\">Foto: Divulga\u00e7\u00e3o\/SSP\/SE<\/p><\/div>\n<p style=\"text-align: justify;\">As v\u00edtimas de acidentes somam oito em ocorr\u00eancias registradas em <em>Itabaiana, Nossa Senhora do Socorro, Barra dos Coqueiros, Aracaju, Nossa Senhora da Gl\u00f3ria, Arau\u00e1, Propri\u00e1 e Itabaianinha<\/em>.<\/p>\n<p style=\"text-align: justify;\">H\u00e1 ainda os registros de duas v\u00edtimas de causa de morte ainda a esclarecer e um por enforcamento.<\/p>\n<p><strong><em>Acompanhe o SE Not\u00edcias no <a href=\"https:\/\/twitter.com\/Senoticias\" target=\"_blank\">Twitter<\/a> e no <a href=\"https:\/\/www.facebook.com\/senoticias1\" target=\"_blank\">Facebook<\/a><\/em><\/strong><\/p>\n<p style=\"text-align: justify;\"><strong><em>\u00a0<\/em><\/strong><\/p>\n<p style=\"text-align: justify;\"><strong><em>Fonte: G1 SE.<\/em><\/strong><\/p>\n","protected":false},"excerpt":{"rendered":"<p>O Instituto M\u00e9dico Legal (IML) registrou 27 corpos no per\u00edodo entre a manh\u00e3 de sexta-feira (25), feriado de Natal, at\u00e9 a madrugada desta segunda-feira (28) em Sergipe. Desses, 16 s\u00e3o de v\u00edtimas de homic\u00eddios, sendo que apenas dois desse total foram por arma branca, um por espancamento e os outros 13 por arma de fogo. [&hellip;]<\/p>\n","protected":false},"author":3,"featured_media":87390,"comment_status":"closed","ping_status":"closed","sticky":false,"template":"","format":"standard","meta":{"footnotes":""},"categories":[310,7],"tags":[],"class_list":{"0":"post-87389","1":"post","2":"type-post","3":"status-publish","4":"format-standard","5":"has-post-thumbnail","7":"category-destaques-da-semana","8":"category-policia"},"_links":{"self":[{"href":"https:\/\/senoticias.com.br\/se\/wp-json\/wp\/v2\/posts\/87389"}],"collection":[{"href":"https:\/\/senoticias.com.br\/se\/wp-json\/wp\/v2\/posts"}],"about":[{"href":"https:\/\/senoticias.com.br\/se\/wp-json\/wp\/v2\/types\/post"}],"author":[{"embeddable":true,"href":"https:\/\/senoticias.com.br\/se\/wp-json\/wp\/v2\/users\/3"}],"replies":[{"embeddable":true,"href":"https:\/\/senoticias.com.br\/se\/wp-json\/wp\/v2\/comments?post=87389"}],"version-history":[{"count":0,"href":"https:\/\/senoticias.com.br\/se\/wp-json\/wp\/v2\/posts\/87389\/revisions"}],"wp:featuredmedia":[{"embeddable":true,"href":"https:\/\/senoticias.com.br\/se\/wp-json\/wp\/v2\/media\/87390"}],"wp:attachment":[{"href":"https:\/\/senoticias.com.br\/se\/wp-json\/wp\/v2\/media?parent=87389"}],"wp:term":[{"taxonomy":"category","embeddable":true,"href":"https:\/\/senoticias.com.br\/se\/wp-json\/wp\/v2\/categories?post=87389"},{"taxonomy":"post_tag","embeddable":true,"href":"https:\/\/senoticias.com.br\/se\/wp-json\/wp\/v2\/tags?post=87389"}],"curies":[{"name":"wp","href":"https:\/\/api.w.org\/{rel}","templated":true}]}}