{"id":87291,"date":"2015-12-24T08:58:34","date_gmt":"2015-12-24T11:58:34","guid":{"rendered":"http:\/\/senoticias.com.br\/se\/?p=87291"},"modified":"2015-12-24T10:27:27","modified_gmt":"2015-12-24T13:27:27","slug":"corpo-de-homem-e-encontrado-a-beira-do-rio-sergipe","status":"publish","type":"post","link":"https:\/\/senoticias.com.br\/se\/corpo-de-homem-e-encontrado-a-beira-do-rio-sergipe\/","title":{"rendered":"Corpo de homem \u00e9 encontrado \u00e0 beira do Rio Sergipe"},"content":{"rendered":"<p style=\"text-align: justify;\">O corpo de um homem foi encontrado \u00e0 beira do Rio Sergipe, em frente \u00e0 avenida Ivo do Pardo, na manh\u00e3 desta quinta-feira (24). De acordo com informa\u00e7\u00f5es, o homem tinha sinais de afogamento.<\/p>\n<div id=\"attachment_87292\" style=\"width: 606px\" class=\"wp-caption aligncenter\"><a href=\"http:\/\/senoticias.com.br\/se\/wp-content\/uploads\/2015\/12\/2313424911-corpo-de-afogamento-e1450958218992.jpg\"><img loading=\"lazy\" decoding=\"async\" aria-describedby=\"caption-attachment-87292\" class=\"size-full wp-image-87292\" alt=\"Foto: Divulga\u00e7\u00e3o\/Portal A8\" src=\"http:\/\/senoticias.com.br\/se\/wp-content\/uploads\/2015\/12\/2313424911-corpo-de-afogamento-e1450958218992.jpg\" width=\"596\" height=\"336\" \/><\/a><p id=\"caption-attachment-87292\" class=\"wp-caption-text\">Foto: Divulga\u00e7\u00e3o\/Portal A8<\/p><\/div>\n<p style=\"text-align: justify;\">Segundo os peritos do Instituto M\u00e9dico Legal (IML), o homem foi encontrado vestido e com sinais de sangue nos ouvidos e no nariz. Sinais que demostram que a v\u00edtima sofreu um afogamento.<\/p>\n<p style=\"text-align: justify;\">O corpo foi levado para o Instituto M\u00e9dico Legal para identifica\u00e7\u00e3o da fam\u00edlia.<\/p>\n<p style=\"text-align: justify;\"><strong><em>Acompanhe o SE Not\u00edcias no <a href=\"https:\/\/twitter.com\/Senoticias\" target=\"_blank\">Twitter<\/a> e no <a href=\"https:\/\/www.facebook.com\/senoticias1\" target=\"_blank\">Facebook<\/a><\/em><\/strong><\/p>\n<p style=\"text-align: justify;\"><strong><em>\u00a0<\/em><\/strong><\/p>\n<p style=\"text-align: justify;\"><strong><em>Fonte: Portal A8SE.com<\/em><\/strong><\/p>\n","protected":false},"excerpt":{"rendered":"<p>O corpo de um homem foi encontrado \u00e0 beira do Rio Sergipe, em frente \u00e0 avenida Ivo do Pardo, na manh\u00e3 desta quinta-feira (24). De acordo com informa\u00e7\u00f5es, o homem tinha sinais de afogamento. Segundo os peritos do Instituto M\u00e9dico Legal (IML), o homem foi encontrado vestido e com sinais de sangue nos ouvidos e [&hellip;]<\/p>\n","protected":false},"author":3,"featured_media":87292,"comment_status":"closed","ping_status":"closed","sticky":false,"template":"","format":"standard","meta":{"footnotes":""},"categories":[7],"tags":[],"class_list":{"0":"post-87291","1":"post","2":"type-post","3":"status-publish","4":"format-standard","5":"has-post-thumbnail","7":"category-policia"},"_links":{"self":[{"href":"https:\/\/senoticias.com.br\/se\/wp-json\/wp\/v2\/posts\/87291"}],"collection":[{"href":"https:\/\/senoticias.com.br\/se\/wp-json\/wp\/v2\/posts"}],"about":[{"href":"https:\/\/senoticias.com.br\/se\/wp-json\/wp\/v2\/types\/post"}],"author":[{"embeddable":true,"href":"https:\/\/senoticias.com.br\/se\/wp-json\/wp\/v2\/users\/3"}],"replies":[{"embeddable":true,"href":"https:\/\/senoticias.com.br\/se\/wp-json\/wp\/v2\/comments?post=87291"}],"version-history":[{"count":0,"href":"https:\/\/senoticias.com.br\/se\/wp-json\/wp\/v2\/posts\/87291\/revisions"}],"wp:featuredmedia":[{"embeddable":true,"href":"https:\/\/senoticias.com.br\/se\/wp-json\/wp\/v2\/media\/87292"}],"wp:attachment":[{"href":"https:\/\/senoticias.com.br\/se\/wp-json\/wp\/v2\/media?parent=87291"}],"wp:term":[{"taxonomy":"category","embeddable":true,"href":"https:\/\/senoticias.com.br\/se\/wp-json\/wp\/v2\/categories?post=87291"},{"taxonomy":"post_tag","embeddable":true,"href":"https:\/\/senoticias.com.br\/se\/wp-json\/wp\/v2\/tags?post=87291"}],"curies":[{"name":"wp","href":"https:\/\/api.w.org\/{rel}","templated":true}]}}