{"id":87288,"date":"2015-12-23T21:43:02","date_gmt":"2015-12-24T00:43:02","guid":{"rendered":"http:\/\/senoticias.com.br\/se\/?p=87288"},"modified":"2015-12-25T17:21:52","modified_gmt":"2015-12-25T20:21:52","slug":"ex-interno-da-usip-e-e-suspeito-de-matar-proprietario-de-mercadinho-no-santa-maria","status":"publish","type":"post","link":"https:\/\/senoticias.com.br\/se\/ex-interno-da-usip-e-e-suspeito-de-matar-proprietario-de-mercadinho-no-santa-maria\/","title":{"rendered":"Ex-interno da Usip \u00e9 suspeito de matar propriet\u00e1rio de mercadinho, no Santa Maria"},"content":{"rendered":"<p style=\"text-align: justify;\"><strong><em>Do <a href=\"http:\/\/g1.globo.com\/se\/sergipe\/noticia\/2015\/12\/adolescente-e-suspeito-de-matar-proprietario-de-mercadinho.html\" target=\"_blank\">G1<\/a> SE<\/em><\/strong><\/p>\n<p style=\"text-align: justify;\">O dono de um mercadinho foi morto no in\u00edcio da noite desta quarta-feira (23) ap\u00f3s uma tentativa de assalto. De acordo com a pol\u00edcia, um adolescente de 14 anos tentou assaltar o estabelecimento comercial que fica localizado no Bairro Santa Maria, em\u00a0Aracaju, e acabou baleando o comerciante que n\u00e3o resistiu aos ferimentos. O suspeito levou uma motoneta.<\/p>\n<div id=\"attachment_87289\" style=\"width: 608px\" class=\"wp-caption aligncenter\"><a href=\"http:\/\/senoticias.com.br\/se\/wp-content\/uploads\/2015\/12\/Santa-Maria-e1450917692331.jpg\"><img loading=\"lazy\" decoding=\"async\" aria-describedby=\"caption-attachment-87289\" class=\"size-full wp-image-87289\" alt=\"Crime ocorreu no in\u00edcio da noite desta quarta-feira em Aracaju. (Foto: WhatSapp\/SENot\u00edcias)\" src=\"http:\/\/senoticias.com.br\/se\/wp-content\/uploads\/2015\/12\/Santa-Maria-e1450917692331.jpg\" width=\"598\" height=\"797\" \/><\/a><p id=\"caption-attachment-87289\" class=\"wp-caption-text\">Crime ocorreu no in\u00edcio da noite desta quarta-feira em Aracaju. (Foto: WhatSapp\/SENot\u00edcias)<\/p><\/div>\n<p>Policiais militares apreenderam o adolescente e informaram que ele confessou o crime. A arma tamb\u00e9m foi apreendida e a motoneta foi recuperada.<\/p>\n<p>O menor j\u00e1 havia sido internado na\u00a0 Unidade Socioeducativa de Interna\u00e7\u00e3o Provis\u00f3ria (Usip) ap\u00f3s praticar um roubo.<\/p>\n<p>O corpo foi recolhido pelo Instituto M\u00e9dico Legal.<\/p>\n<p style=\"text-align: justify;\">Acompanhe o SENot\u00edcias no\u00a0<a href=\"https:\/\/twitter.com\/Senoticias\" target=\"_blank\">Twitter<\/a>\u00a0e no\u00a0<a href=\"https:\/\/www.facebook.com\/PortalSENoticias\/\" target=\"_blank\">Facebook<\/a><\/p>\n","protected":false},"excerpt":{"rendered":"<p>Do G1 SE O dono de um mercadinho foi morto no in\u00edcio da noite desta quarta-feira (23) ap\u00f3s uma tentativa de assalto. De acordo com a pol\u00edcia, um adolescente de 14 anos tentou assaltar o estabelecimento comercial que fica localizado no Bairro Santa Maria, em\u00a0Aracaju, e acabou baleando o comerciante que n\u00e3o resistiu aos ferimentos. [&hellip;]<\/p>\n","protected":false},"author":1,"featured_media":87289,"comment_status":"closed","ping_status":"closed","sticky":false,"template":"","format":"standard","meta":{"footnotes":""},"categories":[310,7],"tags":[],"class_list":{"0":"post-87288","1":"post","2":"type-post","3":"status-publish","4":"format-standard","5":"has-post-thumbnail","7":"category-destaques-da-semana","8":"category-policia"},"_links":{"self":[{"href":"https:\/\/senoticias.com.br\/se\/wp-json\/wp\/v2\/posts\/87288"}],"collection":[{"href":"https:\/\/senoticias.com.br\/se\/wp-json\/wp\/v2\/posts"}],"about":[{"href":"https:\/\/senoticias.com.br\/se\/wp-json\/wp\/v2\/types\/post"}],"author":[{"embeddable":true,"href":"https:\/\/senoticias.com.br\/se\/wp-json\/wp\/v2\/users\/1"}],"replies":[{"embeddable":true,"href":"https:\/\/senoticias.com.br\/se\/wp-json\/wp\/v2\/comments?post=87288"}],"version-history":[{"count":0,"href":"https:\/\/senoticias.com.br\/se\/wp-json\/wp\/v2\/posts\/87288\/revisions"}],"wp:featuredmedia":[{"embeddable":true,"href":"https:\/\/senoticias.com.br\/se\/wp-json\/wp\/v2\/media\/87289"}],"wp:attachment":[{"href":"https:\/\/senoticias.com.br\/se\/wp-json\/wp\/v2\/media?parent=87288"}],"wp:term":[{"taxonomy":"category","embeddable":true,"href":"https:\/\/senoticias.com.br\/se\/wp-json\/wp\/v2\/categories?post=87288"},{"taxonomy":"post_tag","embeddable":true,"href":"https:\/\/senoticias.com.br\/se\/wp-json\/wp\/v2\/tags?post=87288"}],"curies":[{"name":"wp","href":"https:\/\/api.w.org\/{rel}","templated":true}]}}