{"id":87285,"date":"2015-12-23T21:27:11","date_gmt":"2015-12-24T00:27:11","guid":{"rendered":"http:\/\/senoticias.com.br\/se\/?p=87285"},"modified":"2015-12-26T13:51:05","modified_gmt":"2015-12-26T16:51:05","slug":"servidores-da-prefeitura-de-estancia-realizam-protesto","status":"publish","type":"post","link":"https:\/\/senoticias.com.br\/se\/servidores-da-prefeitura-de-estancia-realizam-protesto\/","title":{"rendered":"Servidores ocupam C\u00e2mara Municipal de Est\u00e2ncia"},"content":{"rendered":"<p style=\"text-align: justify;\"><strong><em>Do <a href=\"http:\/\/g1.globo.com\/se\/sergipe\/noticia\/2015\/12\/servidores-da-prefeitura-de-estancia-realizam-protesto.html\" target=\"_blank\">G1 <\/a>SE<\/em><\/strong><\/p>\n<p style=\"text-align: justify;\">Os servidores da Prefeitura de\u00a0Est\u00e2ncia, na regi\u00e3o sul do estado, realizaram um protesto na tarde desta quarta-feira (23). Cerca de 300 funcion\u00e1rios da administra\u00e7\u00e3o ligados \u00e0 sa\u00fade e \u00e0 educa\u00e7\u00e3o ocuparam a C\u00e2mara de Vereadores desde o in\u00edcio da manha e no in\u00edcio da tarde eles entraram na Prefeitura de Est\u00e2ncia para protestar contra o atraso no pagamento de sal\u00e1rios e do 13\u00ba sal\u00e1rio.<\/p>\n<div id=\"attachment_87286\" style=\"width: 608px\" class=\"wp-caption aligncenter\"><a href=\"http:\/\/senoticias.com.br\/se\/wp-content\/uploads\/2015\/12\/protest-e1450916729897.jpg\"><img loading=\"lazy\" decoding=\"async\" aria-describedby=\"caption-attachment-87286\" class=\"size-full wp-image-87286\" alt=\"Servidores da Prefeitura de Est\u00e2ncia realizam protesto (Foto: Divulga\u00e7\u00e3o \/ Arquivo Pessoal)\" src=\"http:\/\/senoticias.com.br\/se\/wp-content\/uploads\/2015\/12\/protest-e1450916729897.jpg\" width=\"598\" height=\"449\" \/><\/a><p id=\"caption-attachment-87286\" class=\"wp-caption-text\">Servidores da Prefeitura de Est\u00e2ncia realizam protesto (Foto: Divulga\u00e7\u00e3o \/ Arquivo Pessoal)<\/p><\/div>\n<p>Segundo a categoria eles devem permanecer no local at\u00e9 que o prefeito fa\u00e7a acordo com a categoria.<\/p>\n<p>A equipe de reportagem do\u00a0<strong>G1<\/strong>\u00a0tentou falar com o prefeito da cidade, mas ele n\u00e3o foi localizado, assim como a assessoria de imprensa ou outros representantes.<\/p>\n<p style=\"text-align: justify;\">Acompanhe o SENot\u00edcias no\u00a0<a href=\"https:\/\/twitter.com\/Senoticias\" target=\"_blank\">Twitter<\/a>\u00a0e no\u00a0<a href=\"https:\/\/www.facebook.com\/PortalSENoticias\/\" target=\"_blank\">Facebook<\/a><\/p>\n","protected":false},"excerpt":{"rendered":"<p>Do G1 SE Os servidores da Prefeitura de\u00a0Est\u00e2ncia, na regi\u00e3o sul do estado, realizaram um protesto na tarde desta quarta-feira (23). Cerca de 300 funcion\u00e1rios da administra\u00e7\u00e3o ligados \u00e0 sa\u00fade e \u00e0 educa\u00e7\u00e3o ocuparam a C\u00e2mara de Vereadores desde o in\u00edcio da manha e no in\u00edcio da tarde eles entraram na Prefeitura de Est\u00e2ncia para [&hellip;]<\/p>\n","protected":false},"author":1,"featured_media":87286,"comment_status":"closed","ping_status":"closed","sticky":false,"template":"","format":"standard","meta":{"footnotes":""},"categories":[38],"tags":[],"class_list":{"0":"post-87285","1":"post","2":"type-post","3":"status-publish","4":"format-standard","5":"has-post-thumbnail","7":"category-municipios"},"_links":{"self":[{"href":"https:\/\/senoticias.com.br\/se\/wp-json\/wp\/v2\/posts\/87285"}],"collection":[{"href":"https:\/\/senoticias.com.br\/se\/wp-json\/wp\/v2\/posts"}],"about":[{"href":"https:\/\/senoticias.com.br\/se\/wp-json\/wp\/v2\/types\/post"}],"author":[{"embeddable":true,"href":"https:\/\/senoticias.com.br\/se\/wp-json\/wp\/v2\/users\/1"}],"replies":[{"embeddable":true,"href":"https:\/\/senoticias.com.br\/se\/wp-json\/wp\/v2\/comments?post=87285"}],"version-history":[{"count":0,"href":"https:\/\/senoticias.com.br\/se\/wp-json\/wp\/v2\/posts\/87285\/revisions"}],"wp:featuredmedia":[{"embeddable":true,"href":"https:\/\/senoticias.com.br\/se\/wp-json\/wp\/v2\/media\/87286"}],"wp:attachment":[{"href":"https:\/\/senoticias.com.br\/se\/wp-json\/wp\/v2\/media?parent=87285"}],"wp:term":[{"taxonomy":"category","embeddable":true,"href":"https:\/\/senoticias.com.br\/se\/wp-json\/wp\/v2\/categories?post=87285"},{"taxonomy":"post_tag","embeddable":true,"href":"https:\/\/senoticias.com.br\/se\/wp-json\/wp\/v2\/tags?post=87285"}],"curies":[{"name":"wp","href":"https:\/\/api.w.org\/{rel}","templated":true}]}}