{"id":87281,"date":"2015-12-23T13:46:15","date_gmt":"2015-12-23T16:46:15","guid":{"rendered":"http:\/\/senoticias.com.br\/se\/?p=87281"},"modified":"2015-12-25T17:14:39","modified_gmt":"2015-12-25T20:14:39","slug":"gerente-de-quadrilha-interestadual-de-trafico-de-drogas-e-morto-em-confronto-com-a-policia-na-caueira","status":"publish","type":"post","link":"https:\/\/senoticias.com.br\/se\/gerente-de-quadrilha-interestadual-de-trafico-de-drogas-e-morto-em-confronto-com-a-policia-na-caueira\/","title":{"rendered":"Gerente de quadrilha de tr\u00e1fico de drogas \u00e9 morto em confronto com a pol\u00edcia, na Caueira"},"content":{"rendered":"<p style=\"text-align: justify;\">Uma opera\u00e7\u00e3o desencadeada no in\u00edcio dessa manh\u00e3 desta quarta-feira, 23, na praia da Caueira, em Itaporanga D&#8217;Ajuda, localizou um dos traficantes mais procurados de Est\u00e2ncia. Michel dos Santos Caetano, conhecido como &#8216;Michel do Olhinho&#8217;, reagiu contra as equipes da Delegacia Regional de Est\u00e2ncia e do Grupo Especial de Repress\u00e3o e Buscas (Gerb) da Pol\u00edcia Civil e acabou alvejado e morto dentro da confort\u00e1vel casa de praia onde se escondia.<\/p>\n<div id=\"attachment_87283\" style=\"width: 608px\" class=\"wp-caption aligncenter\"><a href=\"http:\/\/senoticias.com.br\/se\/wp-content\/uploads\/2015\/12\/mi-e1450889276434.jpg\"><img loading=\"lazy\" decoding=\"async\" aria-describedby=\"caption-attachment-87283\" class=\"size-full wp-image-87283\" alt=\" Michel dos Santos Caetano, conhecido como 'Michel do Olhinho. (Foto: SSP\/SE)\" src=\"http:\/\/senoticias.com.br\/se\/wp-content\/uploads\/2015\/12\/mi-e1450889276434.jpg\" width=\"598\" height=\"650\" \/><\/a><p id=\"caption-attachment-87283\" class=\"wp-caption-text\">Michel dos Santos Caetano, conhecido como &#8216;Michel do Olhinho. (Foto: SSP\/SE)<\/p><\/div>\n<p style=\"text-align: justify;\">A opera\u00e7\u00e3o foi coordenada pelos delegados Andr\u00e9 David e Hugo Leonardo, com apoio da Divis\u00e3o de Intelig\u00eancia Policial (Dipol). Segundo Andr\u00e9 David, o suspeito tinha quatro mandados de pris\u00e3o em aberto pelos crimes de homic\u00eddio e tr\u00e1fico de drogas e o per\u00edodo em que se encontrava foragido praticou diversos outros crimes, sendo um de grande repercuss\u00e3o.<\/p>\n<div id=\"attachment_87284\" style=\"width: 310px\" class=\"wp-caption alignright\"><a href=\"http:\/\/senoticias.com.br\/se\/wp-content\/uploads\/2015\/12\/img567a8e47839bd-e1450889485480.jpg\"><img loading=\"lazy\" decoding=\"async\" aria-describedby=\"caption-attachment-87284\" class=\"size-medium wp-image-87284\" alt=\" Tamb\u00e9m foram presos pela pol\u00edcia, Rafael dos Santos, 26, e Luana dos Santos, 20, no conjunto Albano Franco, em Est\u00e2ncia. (Foto; SSP\/SE)\" src=\"http:\/\/senoticias.com.br\/se\/wp-content\/uploads\/2015\/12\/img567a8e47839bd-300x259.jpg\" width=\"300\" height=\"259\" \/><\/a><p id=\"caption-attachment-87284\" class=\"wp-caption-text\">Tamb\u00e9m foram presos pela pol\u00edcia, Rafael dos Santos, 26, e Luana dos Santos, 20, no conjunto Albano Franco, em Est\u00e2ncia. (Foto; SSP\/SE)<\/p><\/div>\n<p style=\"text-align: justify;\">\u201cNo in\u00edcio deste ano, Michel Olhinho, armado com uma pistola .40, amea\u00e7ou de morte o juiz de Est\u00e2ncia dentro do f\u00f3rum da cidade. A pol\u00edcia foi acionada e ele conseguiu escapar. Em outras duas oportunidades, montamos opera\u00e7\u00f5es para captur\u00e1-lo, mas ele novamente conseguiu fugir, deixando para tr\u00e1s uma pistola calibre .40, uma pistola 9mm e dois rev\u00f3lveres calibre 38\u201d, explicou o delegado Andr\u00e9 David.<\/p>\n<p style=\"text-align: justify;\">O delegado ressalta que as investiga\u00e7\u00f5es para prender o suspeito duraram cerca de um ano. \u201cEle matou muitos rivais e pessoas inocentes e era um dos maiores traficantes no varejo de Est\u00e2ncia. Al\u00e9m disso, sua atua\u00e7\u00e3o n\u00e3o se restringia ao munic\u00edpio de Est\u00e2ncia, mas ampliava a rede criminosa da quadrilha para os munic\u00edpios de Itabaianinha e Umba\u00faba e Dias D&#8217;\u00c1vila, Girau e Esplanada, estes tr\u00eas \u00faltimos na Bahia\u201d, disse.<\/p>\n<p style=\"text-align: justify;\">Para a pol\u00edcia, o sucesso da opera\u00e7\u00e3o realizada nessa quarta-feira se deve as investiga\u00e7\u00f5es eficientes sobre a movimenta\u00e7\u00e3o de Michel, que pernoitava em tr\u00eas resid\u00eancias diferentes. Diversos outros membros da quadrilha j\u00e1 foram presos. Tamb\u00e9m foram presos pela pol\u00edcia, Rafael dos Santos, 26, e Luana dos Santos, 20, no conjunto Albano Franco, em Est\u00e2ncia. \u201cEles eram soldados do tr\u00e1fico, ou seja, eram respons\u00e1veis por vender pequenas quantidades de drogas no varejo\u201d, explicou o delegado.<\/p>\n<p style=\"text-align: justify;\">Acompanhe o SE Not\u00edcias no\u00a0<a href=\"https:\/\/twitter.com\/Senoticias\" target=\"_blank\">Twitter<\/a>\u00a0e no\u00a0<a href=\"https:\/\/www.facebook.com\/PortalSENoticias\/\" target=\"_blank\">Facebook<\/a><\/p>\n<p style=\"text-align: justify;\">Informa\u00e7\u00f5es da SSP\/SE<\/p>\n","protected":false},"excerpt":{"rendered":"<p>Uma opera\u00e7\u00e3o desencadeada no in\u00edcio dessa manh\u00e3 desta quarta-feira, 23, na praia da Caueira, em Itaporanga D&#8217;Ajuda, localizou um dos traficantes mais procurados de Est\u00e2ncia. Michel dos Santos Caetano, conhecido como &#8216;Michel do Olhinho&#8217;, reagiu contra as equipes da Delegacia Regional de Est\u00e2ncia e do Grupo Especial de Repress\u00e3o e Buscas (Gerb) da Pol\u00edcia Civil [&hellip;]<\/p>\n","protected":false},"author":1,"featured_media":87283,"comment_status":"closed","ping_status":"closed","sticky":false,"template":"","format":"standard","meta":{"footnotes":""},"categories":[310,7,1],"tags":[],"class_list":{"0":"post-87281","1":"post","2":"type-post","3":"status-publish","4":"format-standard","5":"has-post-thumbnail","7":"category-destaques-da-semana","8":"category-policia","9":"category-sem-categoria"},"_links":{"self":[{"href":"https:\/\/senoticias.com.br\/se\/wp-json\/wp\/v2\/posts\/87281"}],"collection":[{"href":"https:\/\/senoticias.com.br\/se\/wp-json\/wp\/v2\/posts"}],"about":[{"href":"https:\/\/senoticias.com.br\/se\/wp-json\/wp\/v2\/types\/post"}],"author":[{"embeddable":true,"href":"https:\/\/senoticias.com.br\/se\/wp-json\/wp\/v2\/users\/1"}],"replies":[{"embeddable":true,"href":"https:\/\/senoticias.com.br\/se\/wp-json\/wp\/v2\/comments?post=87281"}],"version-history":[{"count":0,"href":"https:\/\/senoticias.com.br\/se\/wp-json\/wp\/v2\/posts\/87281\/revisions"}],"wp:featuredmedia":[{"embeddable":true,"href":"https:\/\/senoticias.com.br\/se\/wp-json\/wp\/v2\/media\/87283"}],"wp:attachment":[{"href":"https:\/\/senoticias.com.br\/se\/wp-json\/wp\/v2\/media?parent=87281"}],"wp:term":[{"taxonomy":"category","embeddable":true,"href":"https:\/\/senoticias.com.br\/se\/wp-json\/wp\/v2\/categories?post=87281"},{"taxonomy":"post_tag","embeddable":true,"href":"https:\/\/senoticias.com.br\/se\/wp-json\/wp\/v2\/tags?post=87281"}],"curies":[{"name":"wp","href":"https:\/\/api.w.org\/{rel}","templated":true}]}}