{"id":87278,"date":"2015-12-23T13:07:29","date_gmt":"2015-12-23T16:07:29","guid":{"rendered":"http:\/\/senoticias.com.br\/se\/?p=87278"},"modified":"2015-12-24T21:00:08","modified_gmt":"2015-12-25T00:00:08","slug":"edvaldo-joao-alves-deu-o-maior-aumento-da-tarifa-de-onibus-em-15-anos","status":"publish","type":"post","link":"https:\/\/senoticias.com.br\/se\/edvaldo-joao-alves-deu-o-maior-aumento-da-tarifa-de-onibus-em-15-anos\/","title":{"rendered":"&#8216;Jo\u00e3o Alves deu o maior aumento da tarifa de \u00f4nibus em 15 anos&#8217;, diz Edvaldo"},"content":{"rendered":"<p><strong>por Valter Lima, do Sergipe 247\u00a0<\/strong><\/p>\n<p style=\"text-align: justify;\">O ex-prefeito da capital, Edvaldo Nogueira (PC do B)\u00a0reagiu com dureza ao reajuste da tarifa do transporte p\u00fablico, proposto pelo prefeito Jo\u00e3o Alves Filho (DEM), e que foi aprovado anteontem por dez vereadores na C\u00e2mara de Aracaju. O aumento de 14,81% elevar\u00e1 a passagem de R$ 2,70 para R$ 3,10.<\/p>\n<div id=\"attachment_87279\" style=\"width: 569px\" class=\"wp-caption aligncenter\"><a href=\"http:\/\/senoticias.com.br\/se\/wp-content\/uploads\/2015\/12\/images-cms-image-000473745-e1450886765775.jpg\"><img loading=\"lazy\" decoding=\"async\" aria-describedby=\"caption-attachment-87279\" class=\"size-full wp-image-87279\" alt=\"O ex-prefeito da capital, Edvaldo Nogueira (PC do B) reagiu com dureza ao reajuste da tarifa do transporte p\u00fablico, proposto pelo prefeito Jo\u00e3o Alves Filho (DEM). (Foto: Brasil 247)\" src=\"http:\/\/senoticias.com.br\/se\/wp-content\/uploads\/2015\/12\/images-cms-image-000473745-e1450886765775.jpg\" width=\"559\" height=\"200\" \/><\/a><p id=\"caption-attachment-87279\" class=\"wp-caption-text\">O ex-prefeito da capital, Edvaldo Nogueira (PC do B) reagiu com dureza ao reajuste da tarifa do transporte p\u00fablico, proposto pelo prefeito Jo\u00e3o Alves Filho (DEM). (Foto: Brasil 247)<\/p><\/div>\n<p style=\"text-align: justify;\">\u201cFoi absurdo o que Jo\u00e3o fez. \u00c9 o maior aumento desde que Marcelo D\u00e9da e eu assumimos a administra\u00e7\u00e3o em 2001. Isso s\u00f3 mostra que ele n\u00e3o tem compromisso nem com a cidade, que est\u00e1 destru\u00edda, acabada, esbaga\u00e7ada, nem com o povo ao impor um reajuste deste n\u00edvel\u201d, afirmou.<\/p>\n<p style=\"text-align: justify;\">Edvaldo ressaltou que, durante sua gest\u00e3o na capital, entre 2007 e 2012, o reajuste da passagem nunca foi t\u00e3o elevado como os que est\u00e3o sendo aplicados na atual administra\u00e7\u00e3o. \u201cSempre fizemos de acordo com a infla\u00e7\u00e3o \u2013 e at\u00e9 abaixo dela. Al\u00e9m disso, durante dois anos, a tarifa ficou congelada. Zeramos o ISS e assim mantivemos o mesmo valor. Se compararmos os \u00faltimos tr\u00eas anos da minha administra\u00e7\u00e3o com os tr\u00eas primeiros anos da gest\u00e3o de Jo\u00e3o Alves, percebemos uma grande diferen\u00e7a: o reajuste entre 2009 e 2012 foi de 30 centavos. Com Jo\u00e3o, de 2013 at\u00e9 agora, foi de 85 centavos\u201d, ressaltou.<\/p>\n<p style=\"text-align: justify;\">O ex-prefeito ainda alerta para outra quest\u00e3o relacionada ao aumento da passagem. Segundo ele, o trabalhador pagar\u00e1 pelo reajuste duas vezes. \u201cO empres\u00e1rio que tiver que arcar com este reajuste no custo do vale-transporte, repassar\u00e1 este aumento para o seu produto, para o cliente. Ou seja, o usu\u00e1rio do transporte pagar\u00e1 diretamente pelo aumento de 40 centavos na passagem e mais quando for comprar qualquer produto\u201d, destacou.<\/p>\n<p style=\"text-align: justify;\"><strong>O aumento<\/strong><\/p>\n<p style=\"text-align: justify;\">O reajuste da tarifa do transporte p\u00fablico foi aprovado na \u00faltima segunda-feira (22). Os vereadores da oposi\u00e7\u00e3o reclamaram da pressa na tramita\u00e7\u00e3o do projeto, que foi distribu\u00eddo aos parlamentares na manh\u00e3 do mesmo dia e votado no in\u00edcio da tarde. Foram dez votos favor\u00e1veis ao aumento e nove votos contr\u00e1rios.<\/p>\n<p style=\"text-align: justify;\">Votaram a favor do aumento da tarifa os vereadores Adriano Taxista (PSDB), Agamenon Sobral (PHS), Augusto do Jap\u00e3ozinho (PRTB), Agnaldo Feitosa (PR), Gonzaga (PMDB), Manuel Marcos (DEM), Ivaldo Jos\u00e9 (PSD), Renilson F\u00e9lix (DEM), Valdir dos Santos (PT do B) e o presidente da Casa, Vinicius Porto (DEM).<\/p>\n<p style=\"text-align: justify;\">Foram contr\u00e1rios ao reajuste os parlamentares Bertulino Menezes (PSB), Emerson Ferreira (Rede), Emmanuel Nascimento (PT), Iran Barbosa (PT), Lucas Arib\u00e9 (PSB), Lucimara Passos (PC do B), Max Preju\u00edzo (PSB), Nitinho (DEM) e Roberto Morais (SDD) \u2013 os dois \u00faltimos votaram contra mesmo sendo da bancada governista.<\/p>\n<p style=\"text-align: justify;\">Se abstiveram de votar os vereadores Adelson Barreto Filho (PSL) e Jailton Santana (PSC). Faltaram \u00e0 sess\u00e3o Bigode do Santa Maria (PMDB), Daniela Fortes (PR) e Anderson de Tuca (PRTB).<\/p>\n<p style=\"text-align: justify;\">Acompanhe o SE Not\u00edcias no\u00a0<a href=\"https:\/\/twitter.com\/Senoticias\" target=\"_blank\">Twitter<\/a>\u00a0e no\u00a0<a href=\"https:\/\/www.facebook.com\/PortalSENoticias\/\" target=\"_blank\">Facebook<\/a><\/p>\n","protected":false},"excerpt":{"rendered":"<p>por Valter Lima, do Sergipe 247\u00a0 O ex-prefeito da capital, Edvaldo Nogueira (PC do B)\u00a0reagiu com dureza ao reajuste da tarifa do transporte p\u00fablico, proposto pelo prefeito Jo\u00e3o Alves Filho (DEM), e que foi aprovado anteontem por dez vereadores na C\u00e2mara de Aracaju. O aumento de 14,81% elevar\u00e1 a passagem de R$ 2,70 para R$ [&hellip;]<\/p>\n","protected":false},"author":1,"featured_media":87279,"comment_status":"closed","ping_status":"closed","sticky":false,"template":"","format":"standard","meta":{"footnotes":""},"categories":[6],"tags":[],"class_list":{"0":"post-87278","1":"post","2":"type-post","3":"status-publish","4":"format-standard","5":"has-post-thumbnail","7":"category-politica"},"_links":{"self":[{"href":"https:\/\/senoticias.com.br\/se\/wp-json\/wp\/v2\/posts\/87278"}],"collection":[{"href":"https:\/\/senoticias.com.br\/se\/wp-json\/wp\/v2\/posts"}],"about":[{"href":"https:\/\/senoticias.com.br\/se\/wp-json\/wp\/v2\/types\/post"}],"author":[{"embeddable":true,"href":"https:\/\/senoticias.com.br\/se\/wp-json\/wp\/v2\/users\/1"}],"replies":[{"embeddable":true,"href":"https:\/\/senoticias.com.br\/se\/wp-json\/wp\/v2\/comments?post=87278"}],"version-history":[{"count":0,"href":"https:\/\/senoticias.com.br\/se\/wp-json\/wp\/v2\/posts\/87278\/revisions"}],"wp:featuredmedia":[{"embeddable":true,"href":"https:\/\/senoticias.com.br\/se\/wp-json\/wp\/v2\/media\/87279"}],"wp:attachment":[{"href":"https:\/\/senoticias.com.br\/se\/wp-json\/wp\/v2\/media?parent=87278"}],"wp:term":[{"taxonomy":"category","embeddable":true,"href":"https:\/\/senoticias.com.br\/se\/wp-json\/wp\/v2\/categories?post=87278"},{"taxonomy":"post_tag","embeddable":true,"href":"https:\/\/senoticias.com.br\/se\/wp-json\/wp\/v2\/tags?post=87278"}],"curies":[{"name":"wp","href":"https:\/\/api.w.org\/{rel}","templated":true}]}}