{"id":87276,"date":"2015-12-23T12:00:35","date_gmt":"2015-12-23T15:00:35","guid":{"rendered":"http:\/\/senoticias.com.br\/se\/?p=87276"},"modified":"2015-12-23T12:06:54","modified_gmt":"2015-12-23T15:06:54","slug":"nota-de-repudio-ao-abusivo-aumento-da-tarifa-de-onibus-da-grande-aracaju","status":"publish","type":"post","link":"https:\/\/senoticias.com.br\/se\/nota-de-repudio-ao-abusivo-aumento-da-tarifa-de-onibus-da-grande-aracaju\/","title":{"rendered":"Nota de rep\u00fadio ao abusivo aumento da tarifa de \u00f4nibus da Grande Aracaju"},"content":{"rendered":"<p style=\"text-align: justify;\">O Presidente do Diret\u00f3rio Estadual do Partido dos Trabalhadores em Sergipe, Rog\u00e9rio Carvalho, e o Presidente do Diret\u00f3rio Municipal de Aracaju, Emanuel Nascimento, v\u00eam a p\u00fablico manifestar perplexidade e rep\u00fadio ao abusivo reajuste na tarifa de transporte urbano concedido pelo prefeito de Aracaju, Jo\u00e3o Alves Filho.<\/p>\n<p style=\"text-align: justify;\">Um aumento de 14,81%, quase 50% acima do \u00edndice de infla\u00e7\u00e3o, medido pelo IPCA, que fez a tarifa saltar dos atuais R$ 2,70 para R$ 3,10 &#8211; um pesado aumento no bolso dos mais de 850 mil trabalhadores na grande Aracaju.<\/p>\n<div id=\"attachment_79169\" style=\"width: 608px\" class=\"wp-caption aligncenter\"><a href=\"http:\/\/senoticias.com.br\/se\/wp-content\/uploads\/2015\/04\/grande-rogeriocarvalho_divulgacao_230314-e1450883064939.jpg\"><img loading=\"lazy\" decoding=\"async\" aria-describedby=\"caption-attachment-79169\" class=\"size-full wp-image-79169\" alt=\"Rog\u00e9rio Carvalho e Emanuel Nascimento, respectivamente, lamentam a forma como o abusivo aumento do transporte urbano foi tratado pelo prefeito Jo\u00e3o Alves Filho. (Foto: divulga\u00e7\u00e3o) \" src=\"http:\/\/senoticias.com.br\/se\/wp-content\/uploads\/2015\/04\/grande-rogeriocarvalho_divulgacao_230314-e1450883064939.jpg\" width=\"598\" height=\"397\" \/><\/a><p id=\"caption-attachment-79169\" class=\"wp-caption-text\">Rog\u00e9rio Carvalho, lamenta a forma como o abusivo aumento do transporte urbano foi tratado pelo prefeito Jo\u00e3o Alves Filho. (Foto: arquivo\/divulga\u00e7\u00e3o)<\/p><\/div>\n<p style=\"text-align: justify;\">Com mais esse abusivo aumento, a gest\u00e3o de Jo\u00e3o Alves se consolida como aquela que mais aumento de impostos e contribui\u00e7\u00e3o imp\u00f4s \u00e0 popula\u00e7\u00e3o e aquela que n\u00e3o cumpriu as promessas de campanha durante a elei\u00e7\u00e3o:<\/p>\n<p>&#8211; Jo\u00e3o prometeu construir casas para fam\u00edlias de baixa renda e que iria zerar o d\u00e9ficit habitacional da capital. Qual programa o prefeito lan\u00e7ou?;<\/p>\n<p style=\"text-align: justify;\">&#8211; Jo\u00e3o prometeu criar uma Secretaria Municipal de Ind\u00fastria, Com\u00e9rcio e Turismo para atrair investimentos, reaquecer o com\u00e9rcio e gerar milhares de empregos para a juventude. Quais investimentos o prefeito trouxe atrav\u00e9s dessa secretaria e qual programa de gera\u00e7\u00e3o de empregos foi criado?;<\/p>\n<p style=\"text-align: justify;\">&#8211; Jo\u00e3o prometeu que em 180 dias resolveria os problemas na sa\u00fade. O que se viu foi um retrocesso nos servi\u00e7os, a volta das filas, falta de medicamentos, longa espera na marca\u00e7\u00e3o de exames e o retorno do Pr\u00f3-Mulher, um atestado das defici\u00eancias do sistema de sa\u00fade na gest\u00e3o de Jo\u00e3o Alves;<\/p>\n<p style=\"text-align: justify;\">&#8211; No discurso, Jo\u00e3o Alves se apresenta ao povo contra o aumento de impostos, mas na sua gest\u00e3o, criou a Contribui\u00e7\u00e3o de Ilumina\u00e7\u00e3o P\u00fablica, que em muitos casos, chega a 10% do total da conta de energia; aumentou o IPTU em n\u00edveis estratosf\u00e9ricos e que o cidad\u00e3o n\u00e3o v\u00ea os benef\u00edcios desses aumentos em obras, em qualidade de vida e aumentos na tarifa de transporte urbano, sempre acima da infla\u00e7\u00e3o, sempre prejudicando e maltratando o trabalhador;<\/p>\n<p>&#8211; O transporte urbano \u00e9 uma fic\u00e7\u00e3o na cabe\u00e7a do prefeito, que imagina um servi\u00e7o \u00e0 altura da tarifa &#8211; que ele agora reajusta para R$ 3,10 &#8211; e acha que est\u00e1 sendo justo com o povo.<\/p>\n<p>O prefeito trata o povo com zombaria e desprezo.<\/p>\n<p>Diagn\u00f3stico da gest\u00e3o de Jo\u00e3o Alves em Aracaju<\/p>\n<p style=\"text-align: justify;\">Constantes paralisa\u00e7\u00f5es na coleta de lixo, deixando a cidade entregue \u00e0 sujeira; frota de \u00f4nibus coletivo velha; tarifa car\u00edssima para um servi\u00e7o ruim; hor\u00e1rios dos \u00f4nibus irregulares nos terminais; terminais de integra\u00e7\u00e3o aos peda\u00e7os; pontos de \u00f4nibus sem abrigo; pra\u00e7as p\u00fablicas destru\u00eddas e asfaltadas; ilumina\u00e7\u00e3o p\u00fablica precar\u00edssima nos bairros; IPTU escorchante e interrup\u00e7\u00e3o de atendimento na rede hospitalar &#8211; como o Hospital Cirurgia &#8211; mostram a falta de compromisso do prefeito com os cidad\u00e3os.<\/p>\n<p style=\"text-align: justify;\">A gest\u00e3o do prefeito Jo\u00e3o Alves Filho rebaixou a cidade da Qualidade de Vida, deixada pelo saudoso Marcelo D\u00e9da, para a cidade do lixo, do abandono, do caos urbano, do retrocesso nos servi\u00e7os de sa\u00fade, da falta de aten\u00e7\u00e3o com a periferia, da falta de olhar para os aracajuanos.<\/p>\n<p style=\"text-align: justify;\">O mapa de Aracaju, na gest\u00e3o de Jo\u00e3o Alves Filho, come\u00e7a na Orla de Atalaia e termina no bairro 13 de Julho. O resto da cidade \u00e9 ch\u00e3o que ele n\u00e3o pisa, \u00e9 ch\u00e3o que ele n\u00e3o v\u00ea, \u00e9 povo que ele quer dist\u00e2ncia, \u00e9 povo abandonado.<\/p>\n<p>Aracaju precisa voltar a ser bem cuidada<\/p>\n<p style=\"text-align: justify;\">Ao contr\u00e1rio de Jo\u00e3o Alves, uma das marcas da gest\u00e3o do PT na prefeitura de Aracaju foi exatamente querer o povo perto da administra\u00e7\u00e3o, elev\u00e1-lo \u00e0 condi\u00e7\u00e3o de definidor dos destinos da cidade com o Or\u00e7amento Participativo, que deu voz e obras para todos.<\/p>\n<p style=\"text-align: justify;\">Transpar\u00eancia e controle social em uma gest\u00e3o moderna, comprometida com a cidade e com os aracajuanos, um novo tempo inaugurado com o Partido dos Trabalhadores, com Marcelo D\u00e9da.<\/p>\n<p style=\"text-align: justify;\">A palavra \u201cpovo\u201d, na gest\u00e3o do ent\u00e3o prefeito Marcelo D\u00e9da, significou dignidade, significou obras que o tempo n\u00e3o destr\u00f3i, obras com reflexos duradouros na vida de seguidas gera\u00e7\u00f5es de aracajuanos.<\/p>\n<p style=\"text-align: justify;\">E a palavra \u201cobra\u201d, para Marcelo D\u00e9da, n\u00e3o tinha o olhar do concreto, do cimento, mas o olhar social e na dire\u00e7\u00e3o da gente sofrida. Uma marca inconfund\u00edvel e que Aracaju sente falta.<\/p>\n<p>Isso \u00e9 respeito. Isso \u00e9 aten\u00e7\u00e3o. Isso \u00e9 cuidado com o povo, agora abandonado pelo atual prefeito.<\/p>\n<p>A completa reformula\u00e7\u00e3o da sa\u00fade em Aracaju mostrou a din\u00e2mica e o olhar do novo gestor nos graves problemas de sa\u00fade, de um sistema que humilhava o cidad\u00e3o com filas nos postos de sa\u00fade, falta de medicamentos, falta de atendimentos especializados, indisponibilidade de exames e unidades de sa\u00fade com pr\u00e9dios em ru\u00ednas e sem espa\u00e7os adequados para procedimentos m\u00e9dicos.<\/p>\n<p style=\"text-align: justify;\">O ent\u00e3o secret\u00e1rio da sa\u00fade no munic\u00edpio, Rog\u00e9rio Carvalho, viu o trabalho que teria que fazer e n\u00e3o passou o tempo a reclamar. Elaborou e conduziu um planejamento com uma equipe de profissionais e servidores do munic\u00edpio, transformando a sa\u00fade de Aracaju em modelo sist\u00eamico para o Brasil, criando o mais importante servi\u00e7o de atendimento \u00e0 popula\u00e7\u00e3o: o SAMU, uma a\u00e7\u00e3o que fica na hist\u00f3ria de Aracaju, com a marca da aten\u00e7\u00e3o e respeito ao povo.<\/p>\n<p style=\"text-align: justify;\">A reurbaniza\u00e7\u00e3o das favelas da Coroa do Meio tamb\u00e9m ilustra o significado e esfor\u00e7o da gest\u00e3o petista em Aracaju, que se preocupou com o povo sofrido que se abrigava em perigosas palafitas e lhe deu dignidade, lhe deu propriedade, lhe deu seguran\u00e7a, lhe deu aten\u00e7\u00e3o, a simples aten\u00e7\u00e3o de um gestor p\u00fablico preocupado com sua gente e que hoje se sente \u00f3rf\u00e3 na gest\u00e3o do prefeito Jo\u00e3o Alves Filho.<\/p>\n<p style=\"text-align: justify;\">Tramita\u00e7\u00e3o do projeto de aumento da tarifa na C\u00e2mara de Vereadores<\/p>\n<p style=\"text-align: justify;\">Os presidentes do Diret\u00f3rio Estadual de Sergipe e do Diret\u00f3rio Municipal de Aracaju, do Partido dos Trabalhadores, Rog\u00e9rio Carvalho e Emanuel Nascimento, respectivamente, lamentam a forma como o abusivo aumento do transporte urbano foi tratado pelo prefeito Jo\u00e3o Alves Filho, sem o m\u00ednimo de discuss\u00e3o na C\u00e2mara de Vereadores, um desrespeito ao Poder Legislativo e ao povo de Aracaju.<\/p>\n<p style=\"text-align: justify;\">Uma mat\u00e9ria t\u00e3o complexa e de tamanho impacto no bolso do cidad\u00e3o aracajuano n\u00e3o poderia ser discutida em apenas meio expediente de uma sess\u00e3o legislativa. Precisaria de uma an\u00e1lise mais aprofundada dos vereadores nos itens que comp\u00f5em a planilha de insumos do transporte e que incidem na forma\u00e7\u00e3o do pre\u00e7o da tarifa.<\/p>\n<p style=\"text-align: justify;\">Mais uma vez, o prefeito Jo\u00e3o Alves Filho d\u00e1 as costas ao povo aracajuano e comprova que nunca esteve preparado para administrar nossa cidade, com a aten\u00e7\u00e3o e carinho que ela merece.<\/p>\n<p style=\"text-align: justify;\">Aracaju precisa de uma administra\u00e7\u00e3o que volte a lhe dar o honroso t\u00edtulo de \u201cCapital da Qualidade de Vida\u201d deixado pela administra\u00e7\u00e3o petista do saudoso prefeito Marcelo D\u00e9da e destru\u00eddo pelo atual prefeito Jo\u00e3o Alves Filho.<\/p>\n<p style=\"text-align: justify;\">Acompanhe o SE Not\u00edcias no\u00a0<a href=\"https:\/\/twitter.com\/Senoticias\" target=\"_blank\">Twitter<\/a>\u00a0e no\u00a0<a href=\"https:\/\/www.facebook.com\/PortalSENoticias\/\" target=\"_blank\">Facebook<\/a><\/p>\n<p>Aracaju, precisa voltar a sorrir!<\/p>\n<p>Aracaju, 23 de dezembro de 2015.<\/p>\n<p>ROG\u00c9RIO CARVALHO<br \/>\nPresidente do Diret\u00f3rio Estadual do PT\/Se<\/p>\n<p>EMANUEL NASCIMENTO<br \/>\nPresidente do Diret\u00f3rio Municipal de Aracaju do PT\/Se<\/p>\n","protected":false},"excerpt":{"rendered":"<p>O Presidente do Diret\u00f3rio Estadual do Partido dos Trabalhadores em Sergipe, Rog\u00e9rio Carvalho, e o Presidente do Diret\u00f3rio Municipal de Aracaju, Emanuel Nascimento, v\u00eam a p\u00fablico manifestar perplexidade e rep\u00fadio ao abusivo reajuste na tarifa de transporte urbano concedido pelo prefeito de Aracaju, Jo\u00e3o Alves Filho. Um aumento de 14,81%, quase 50% acima do \u00edndice [&hellip;]<\/p>\n","protected":false},"author":3,"featured_media":79169,"comment_status":"closed","ping_status":"closed","sticky":false,"template":"","format":"standard","meta":{"footnotes":""},"categories":[6],"tags":[],"class_list":{"0":"post-87276","1":"post","2":"type-post","3":"status-publish","4":"format-standard","5":"has-post-thumbnail","7":"category-politica"},"_links":{"self":[{"href":"https:\/\/senoticias.com.br\/se\/wp-json\/wp\/v2\/posts\/87276"}],"collection":[{"href":"https:\/\/senoticias.com.br\/se\/wp-json\/wp\/v2\/posts"}],"about":[{"href":"https:\/\/senoticias.com.br\/se\/wp-json\/wp\/v2\/types\/post"}],"author":[{"embeddable":true,"href":"https:\/\/senoticias.com.br\/se\/wp-json\/wp\/v2\/users\/3"}],"replies":[{"embeddable":true,"href":"https:\/\/senoticias.com.br\/se\/wp-json\/wp\/v2\/comments?post=87276"}],"version-history":[{"count":0,"href":"https:\/\/senoticias.com.br\/se\/wp-json\/wp\/v2\/posts\/87276\/revisions"}],"wp:featuredmedia":[{"embeddable":true,"href":"https:\/\/senoticias.com.br\/se\/wp-json\/wp\/v2\/media\/79169"}],"wp:attachment":[{"href":"https:\/\/senoticias.com.br\/se\/wp-json\/wp\/v2\/media?parent=87276"}],"wp:term":[{"taxonomy":"category","embeddable":true,"href":"https:\/\/senoticias.com.br\/se\/wp-json\/wp\/v2\/categories?post=87276"},{"taxonomy":"post_tag","embeddable":true,"href":"https:\/\/senoticias.com.br\/se\/wp-json\/wp\/v2\/tags?post=87276"}],"curies":[{"name":"wp","href":"https:\/\/api.w.org\/{rel}","templated":true}]}}