{"id":87273,"date":"2015-12-23T11:41:50","date_gmt":"2015-12-23T14:41:50","guid":{"rendered":"http:\/\/senoticias.com.br\/se\/?p=87273"},"modified":"2015-12-24T10:17:51","modified_gmt":"2015-12-24T13:17:51","slug":"policia-desarticula-grupo-criminoso-que-praticava-estelionato-na-capital","status":"publish","type":"post","link":"https:\/\/senoticias.com.br\/se\/policia-desarticula-grupo-criminoso-que-praticava-estelionato-na-capital\/","title":{"rendered":"Pol\u00edcia desarticula grupo criminoso que praticava estelionato em Aracaju"},"content":{"rendered":"<p style=\"text-align: justify;\">A Pol\u00edcia Militar do Estado de Sergipe, por meio do 1\u00ba Batalh\u00e3o de Pol\u00edcia Comunit\u00e1ria (1\u00ba BPCom) , desarticulou na tarde dessa ter\u00e7a-feira, dia 22, um grupo de criminosos que praticava crimes de estelionato, porte de instrumentos destinados \u00e0 falsifica\u00e7\u00e3o de documentos, associa\u00e7\u00e3o criminosa e uso de documentos falsos na capital.<\/p>\n<div id=\"attachment_87275\" style=\"width: 608px\" class=\"wp-caption aligncenter\"><a href=\"http:\/\/senoticias.com.br\/se\/wp-content\/uploads\/2015\/12\/foto-1-bom-e1450882179543.jpg\"><img loading=\"lazy\" decoding=\"async\" aria-describedby=\"caption-attachment-87275\" class=\"size-full wp-image-87275\" alt=\"PM desarticula grupo criminoso que praticava estelionato na capital. (Foto: PM\/SE)\" src=\"http:\/\/senoticias.com.br\/se\/wp-content\/uploads\/2015\/12\/foto-1-bom-e1450882179543.jpg\" width=\"598\" height=\"398\" \/><\/a><p id=\"caption-attachment-87275\" class=\"wp-caption-text\">PM desarticula grupo criminoso que praticava estelionato na capital. (Foto: PM\/SE)<\/p><\/div>\n<p style=\"text-align: justify;\">Na a\u00e7\u00e3o, Ivone Carneiro Pinheiro, a chefe do grupo, foi detida em flagrante no mercado central de Aracaju e outros dois integrantes foram presos em uma pousada, na Orla de Atalaia. &#8220;Ap\u00f3s dilig\u00eancias, conseguimos localizar e prender os integrantes da associa\u00e7\u00e3o. Inclusive, um dos homens j\u00e1 havia sido preso h\u00e1 tr\u00eas meses na capital, pelo mesmo crime&#8221;, explica o Comandante do 1\u00ba BPM, tenente-coronel Reinaldo Chaves.<\/p>\n<p style=\"text-align: justify;\">Ainda segundo o comandante, diversos materiais foram apreendidos com os integrantes. \u201cCom eles, apreendemos uma m\u00e1quina de clonar cart\u00e3o, v\u00e1rios celulares, muitas pe\u00e7as de roupas novas, duas havaianas, uma caixa de whisky, documentos falsos, um rel\u00f3gio que custa em m\u00e9dia R$ 5.000,00 (cinco mil reais), e um gol vermelho de placa do Cear\u00e1\u201d, conclui.<\/p>\n<p style=\"text-align: justify;\">Os integrantes portavam diversos documentos de identifica\u00e7\u00e3o e por isso n\u00e3o sabe ao certo os nomes verdadeiros e as idades.\u00a0A pol\u00edcia sergipana vai acionar o Instituto de Identifica\u00e7\u00e3o do Cear\u00e1 para descobrir os nomes originais dos suspeitos.<\/p>\n<p>Acompanhe o SE Not\u00edcias no\u00a0<a href=\"https:\/\/twitter.com\/Senoticias\" target=\"_blank\">Twitter<\/a>\u00a0e no\u00a0<a href=\"https:\/\/www.facebook.com\/PortalSENoticias\/\" target=\"_blank\">Facebook<\/a><\/p>\n<p>&nbsp;<\/p>\n<p>Ascom \/SSP<\/p>\n","protected":false},"excerpt":{"rendered":"<p>A Pol\u00edcia Militar do Estado de Sergipe, por meio do 1\u00ba Batalh\u00e3o de Pol\u00edcia Comunit\u00e1ria (1\u00ba BPCom) , desarticulou na tarde dessa ter\u00e7a-feira, dia 22, um grupo de criminosos que praticava crimes de estelionato, porte de instrumentos destinados \u00e0 falsifica\u00e7\u00e3o de documentos, associa\u00e7\u00e3o criminosa e uso de documentos falsos na capital. Na a\u00e7\u00e3o, Ivone Carneiro [&hellip;]<\/p>\n","protected":false},"author":1,"featured_media":87275,"comment_status":"closed","ping_status":"closed","sticky":false,"template":"","format":"standard","meta":{"footnotes":""},"categories":[7],"tags":[],"class_list":{"0":"post-87273","1":"post","2":"type-post","3":"status-publish","4":"format-standard","5":"has-post-thumbnail","7":"category-policia"},"_links":{"self":[{"href":"https:\/\/senoticias.com.br\/se\/wp-json\/wp\/v2\/posts\/87273"}],"collection":[{"href":"https:\/\/senoticias.com.br\/se\/wp-json\/wp\/v2\/posts"}],"about":[{"href":"https:\/\/senoticias.com.br\/se\/wp-json\/wp\/v2\/types\/post"}],"author":[{"embeddable":true,"href":"https:\/\/senoticias.com.br\/se\/wp-json\/wp\/v2\/users\/1"}],"replies":[{"embeddable":true,"href":"https:\/\/senoticias.com.br\/se\/wp-json\/wp\/v2\/comments?post=87273"}],"version-history":[{"count":0,"href":"https:\/\/senoticias.com.br\/se\/wp-json\/wp\/v2\/posts\/87273\/revisions"}],"wp:featuredmedia":[{"embeddable":true,"href":"https:\/\/senoticias.com.br\/se\/wp-json\/wp\/v2\/media\/87275"}],"wp:attachment":[{"href":"https:\/\/senoticias.com.br\/se\/wp-json\/wp\/v2\/media?parent=87273"}],"wp:term":[{"taxonomy":"category","embeddable":true,"href":"https:\/\/senoticias.com.br\/se\/wp-json\/wp\/v2\/categories?post=87273"},{"taxonomy":"post_tag","embeddable":true,"href":"https:\/\/senoticias.com.br\/se\/wp-json\/wp\/v2\/tags?post=87273"}],"curies":[{"name":"wp","href":"https:\/\/api.w.org\/{rel}","templated":true}]}}