{"id":87267,"date":"2015-12-22T18:33:15","date_gmt":"2015-12-22T21:33:15","guid":{"rendered":"http:\/\/senoticias.com.br\/se\/?p=87267"},"modified":"2015-12-23T21:42:55","modified_gmt":"2015-12-24T00:42:55","slug":"policia-sergipana-apreende-nove-armas-de-fogo-em-fazenda-em-itabaianinha","status":"publish","type":"post","link":"https:\/\/senoticias.com.br\/se\/policia-sergipana-apreende-nove-armas-de-fogo-em-fazenda-em-itabaianinha\/","title":{"rendered":"Pol\u00edcia sergipana apreende nove armas de fogo em fazenda em Itabaianinha"},"content":{"rendered":"<div style=\"text-align: justify;\">Uma opera\u00e7\u00e3o envolvendo policiais militares e civis de Sergipe resultou na pris\u00e3o de dois homens e apreens\u00e3o de nove armas de diversos calibres, no final da tarde da sexta-feira, 18, no munic\u00edpio de Itabaianinha, regi\u00e3o Sul do estado. A a\u00e7\u00e3o, coordenada pelo delegado Paulo Cristiano, foi desencadeada por policiais civis de Arau\u00e1 e Umba\u00faba, com o apoio dos militares do Grupo de A\u00e7\u00f5es T\u00e1ticas do Interior (GATI) e do Grupo T\u00e1tico A\u00e9reo (GTA), em cumprimento a um mandado de busca e apreens\u00e3o em uma fazenda localizada no povoado Diamante, em Itabaianinha.<\/div>\n<div style=\"text-align: justify;\">\n<div id=\"attachment_87268\" style=\"width: 608px\" class=\"wp-caption aligncenter\"><a href=\"http:\/\/senoticias.com.br\/se\/wp-content\/uploads\/2015\/12\/foto-4-e1450819885818.jpg\"><img loading=\"lazy\" decoding=\"async\" aria-describedby=\"caption-attachment-87268\" class=\"size-full wp-image-87268\" alt=\"Al\u00e9m das armas de fogo, os policiais recolheram uma balaclava, uma touca, uma camisa camuflada, v\u00e1rias muni\u00e7\u00f5es deflagradas e intactas, bem como tal\u00f5es de cheque, folhas de cheque em nome de terceiros e a quantia de R$ 19.419,00 (reais) e $ 1.391 9,00 (d\u00f3lares) em esp\u00e9cie. (Foto: SSP\/SE)\" src=\"http:\/\/senoticias.com.br\/se\/wp-content\/uploads\/2015\/12\/foto-4-e1450819885818.jpg\" width=\"598\" height=\"336\" \/><\/a><p id=\"caption-attachment-87268\" class=\"wp-caption-text\">Al\u00e9m das armas de fogo, os policiais recolheram uma balaclava, uma touca, uma camisa camuflada, v\u00e1rias muni\u00e7\u00f5es deflagradas e intactas, bem como tal\u00f5es de cheque, folhas de cheque em nome de terceiros e a quantia de R$ 19.419,00 (reais) e $ 1.391 9,00 (d\u00f3lares) em esp\u00e9cie. (Foto: SSP\/SE)<\/p><\/div>\n<\/div>\n<div style=\"text-align: justify;\"><\/div>\n<div style=\"text-align: justify;\">Os policiais seguiram ao local e cercaram a fazenda. Houve resist\u00eancia do propriet\u00e1rio e a resid\u00eancia precisou ser invadida. Em uma das casas constru\u00eddas no terreno da fazenda, a pol\u00edcia encontrou um indiv\u00edduo conhecido como \u2018Pez\u00e3o\u2019, que reagiu ao ser abordado, apontando uma espingarda para guarni\u00e7\u00e3o. Apesar da rea\u00e7\u00e3o, os policiais conseguiram cont\u00ea-lo e proceder com as buscas.<\/div>\n<div style=\"text-align: justify;\"><\/div>\n<div style=\"text-align: justify;\">Na ocasi\u00e3o, as equipes encontraram nove armas de fogo: dois rev\u00f3lveres calibre 38, um rev\u00f3lver calibre 22, uma espingarda calibre 28, duas espingardas calibre 12, uma espingarda calibre 36, uma espingarda de press\u00e3o e insumos para recarregar a espingarda, al\u00e9m de diversas muni\u00e7\u00f5es, algumas intactas e outras deflagradas. Com Pez\u00e3o, foi apreendida a nona arma, uma espingarda calibre 12, de fabrica\u00e7\u00e3o caseira.<\/div>\n<div style=\"text-align: justify;\"><\/div>\n<div style=\"text-align: justify;\">Al\u00e9m das armas de fogo, os policiais recolheram uma balaclava, uma touca, uma camisa camuflada, v\u00e1rias muni\u00e7\u00f5es deflagradas e intactas, bem como tal\u00f5es de cheque, folhas de cheque em nome de terceiros e a quantia de R$ 19.419,00 (reais) e $ 1.391 9,00 (d\u00f3lares) em esp\u00e9cie.<\/div>\n<div style=\"text-align: justify;\"><\/div>\n<div style=\"text-align: justify;\">Todo o material apreendido, o propriet\u00e1rio e empregado da fazenda foram conduzidos \u00e0 Delegacia de Itabaianinha para ado\u00e7\u00e3o das medidas necess\u00e1rias.<\/div>\n<div style=\"text-align: justify;\"><\/div>\n<div style=\"text-align: justify;\"><strong><em>Acompanhe o SE Not\u00edcias no\u00a0<a href=\"https:\/\/twitter.com\/Senoticias\" target=\"_blank\">Twitter<\/a>\u00a0e no\u00a0<a href=\"https:\/\/www.facebook.com\/PortalSENoticias\/\" target=\"_blank\">Facebook<\/a><\/em><\/strong><\/div>\n<div style=\"text-align: justify;\"><em><strong>Informa\u00e7\u00f5es da SSP\/SE<\/strong><\/em><\/div>\n","protected":false},"excerpt":{"rendered":"<p>Uma opera\u00e7\u00e3o envolvendo policiais militares e civis de Sergipe resultou na pris\u00e3o de dois homens e apreens\u00e3o de nove armas de diversos calibres, no final da tarde da sexta-feira, 18, no munic\u00edpio de Itabaianinha, regi\u00e3o Sul do estado. A a\u00e7\u00e3o, coordenada pelo delegado Paulo Cristiano, foi desencadeada por policiais civis de Arau\u00e1 e Umba\u00faba, com [&hellip;]<\/p>\n","protected":false},"author":1,"featured_media":87268,"comment_status":"closed","ping_status":"closed","sticky":false,"template":"","format":"standard","meta":{"footnotes":""},"categories":[7],"tags":[],"class_list":{"0":"post-87267","1":"post","2":"type-post","3":"status-publish","4":"format-standard","5":"has-post-thumbnail","7":"category-policia"},"_links":{"self":[{"href":"https:\/\/senoticias.com.br\/se\/wp-json\/wp\/v2\/posts\/87267"}],"collection":[{"href":"https:\/\/senoticias.com.br\/se\/wp-json\/wp\/v2\/posts"}],"about":[{"href":"https:\/\/senoticias.com.br\/se\/wp-json\/wp\/v2\/types\/post"}],"author":[{"embeddable":true,"href":"https:\/\/senoticias.com.br\/se\/wp-json\/wp\/v2\/users\/1"}],"replies":[{"embeddable":true,"href":"https:\/\/senoticias.com.br\/se\/wp-json\/wp\/v2\/comments?post=87267"}],"version-history":[{"count":0,"href":"https:\/\/senoticias.com.br\/se\/wp-json\/wp\/v2\/posts\/87267\/revisions"}],"wp:featuredmedia":[{"embeddable":true,"href":"https:\/\/senoticias.com.br\/se\/wp-json\/wp\/v2\/media\/87268"}],"wp:attachment":[{"href":"https:\/\/senoticias.com.br\/se\/wp-json\/wp\/v2\/media?parent=87267"}],"wp:term":[{"taxonomy":"category","embeddable":true,"href":"https:\/\/senoticias.com.br\/se\/wp-json\/wp\/v2\/categories?post=87267"},{"taxonomy":"post_tag","embeddable":true,"href":"https:\/\/senoticias.com.br\/se\/wp-json\/wp\/v2\/tags?post=87267"}],"curies":[{"name":"wp","href":"https:\/\/api.w.org\/{rel}","templated":true}]}}