{"id":87259,"date":"2015-12-22T16:04:47","date_gmt":"2015-12-22T19:04:47","guid":{"rendered":"http:\/\/senoticias.com.br\/se\/?p=87259"},"modified":"2015-12-23T13:49:34","modified_gmt":"2015-12-23T16:49:34","slug":"usuarios-reclamam-do-aumento-da-tarifa-do-transporte-publico","status":"publish","type":"post","link":"https:\/\/senoticias.com.br\/se\/usuarios-reclamam-do-aumento-da-tarifa-do-transporte-publico\/","title":{"rendered":"Usu\u00e1rios reclamam do aumento da tarifa do transporte p\u00fablico"},"content":{"rendered":"<p style=\"text-align: justify;\">Os usu\u00e1rios do transporte p\u00fablico da Grande Aracaju est\u00e3o insatisfeitos com o aumento da tarifa que foi aprovado pela C\u00e2mara Municipal de Aracaju (CMA) nesta segunda-feira (21). A passagem de \u00f4nibus subiu de R$ 2,70 para R$ 3,10, um aumento de quase 15%.<\/p>\n<div id=\"attachment_87260\" style=\"width: 608px\" class=\"wp-caption aligncenter\"><a href=\"http:\/\/senoticias.com.br\/se\/wp-content\/uploads\/2015\/12\/terminal01-e1450810969872.jpg\"><img loading=\"lazy\" decoding=\"async\" aria-describedby=\"caption-attachment-87260\" class=\"size-full wp-image-87260\" alt=\"Usu\u00e1rios n\u00e3o aprovam nova tarifa e pedem melhorias no servi\u00e7o (Foto: T\u00e1ssio Andrade\/G1)\" src=\"http:\/\/senoticias.com.br\/se\/wp-content\/uploads\/2015\/12\/terminal01-e1450810969872.jpg\" width=\"598\" height=\"449\" \/><\/a><p id=\"caption-attachment-87260\" class=\"wp-caption-text\">Usu\u00e1rios n\u00e3o aprovam nova tarifa e pedem melhorias no servi\u00e7o (Foto: T\u00e1ssio Andrade\/G1)<\/p><\/div>\n<p style=\"text-align: justify;\">\u201cEu moro em Est\u00e2ncia e trabalho como empregada dom\u00e9stica em uma casa e fam\u00edlia. Geralmente, pego apenas um \u00f4nibus, quando quero resolver algo meu, pego \u00f4nibus para ir ao centro. Esse aumento vai prejudicar somente as pessoas mais necessitadas, como sempre\u201d, diz indignada a empregada dom\u00e9stica Maria Jos\u00e9 Santos de Jesus.<br \/>\nSegundo os passageiros, a atual tarifa de R$ 2,50 j\u00e1 \u00e9 cara levando em considera\u00e7\u00e3o a qualidade do servi\u00e7o ofertado. \u201c\u00c9 um aumento abusivo sim, n\u00e3o existe melhoria no transporte. N\u00f3s fazemos um esfor\u00e7o danado para sair para trabalhar cedo, temos os \u00f4nibus de p\u00e9ssima qualidade, os terminais em condi\u00e7\u00e3o lastim\u00e1vel. E esse valor n\u00e3o foi nada justo com a popula\u00e7\u00e3o. E, a gente entra nos \u00f4nibus e n\u00e3o encontra nenhuma melhoria, tudo sucateado\u201d, relata Valdmar Pereira da Silva, estudante de direito.<\/p>\n<p style=\"text-align: justify;\">\u201cA gente n\u00e3o tem aumento, n\u00e3o tem nada. E, as coisas s\u00f3 sobem o tempo todo. Estou esperando \u00f4nibus j\u00e1 tem mais de uma hora. Eles s\u00f3 olham o lado deles, e n\u00f3s como ficamos? Pois, o servi\u00e7o n\u00e3o tem qualidade nenhuma\u201d, afirma a professora Magda Figueiredo.<\/p>\n<p style=\"text-align: justify;\"><strong>Aprova\u00e7\u00e3o<\/strong><\/p>\n<p style=\"text-align: justify;\">O reajuste foi aprovado com 10 votos a favor contra 9. Houve empate e o presidente da Casa, Vin\u00edcius Porto, desempatou.<br \/>\nVotaram a favor do projeto os vereadores Vin\u00edcius Porto (DEM), Adriano Taxista (PSDB), Agamenon Sobral (PHS), Augusto do Jap\u00e3ozinho (PRTB), Bigode do Santa Maria (PMDB), Agnaldo Feitosa (PR), Gonzaga (PMDB), Manuel Marcos (DEM), Ivaldo Jos\u00e9 (PSD), Renilson F\u00e9lix (DEM) e Valdir dos Santos (PT do B).<br \/>\nAdelson Barreto Filho e Jailton Santana n\u00e3o votaram e os vereadores Anderson de Tuca e Daniela Fortes n\u00e3o compareceram a sess\u00e3o.<\/p>\n<p style=\"text-align: justify;\"><strong>Protesto<\/strong><\/p>\n<p style=\"text-align: justify;\">Na tentativa de impedir esse aumento, o Movimento N\u00e3o Pago e a Frente Contra o Aumento da Tarifa realizaram um protesto na Pra\u00e7a Fausto Cardoso, no Centro da capital. O Levante Popular da Juventude, a Uni\u00e3o Nacional dos Estudantes e o Movimento Rua tamb\u00e9m apoiaram o ato.<br \/>\nPara o &#8216;N\u00e3o Pago&#8217;, encaminhar o projeto para a CMA dias antes do recesso oficial \u00e9 uma \u2018manobra\u2019 feita pelos empres\u00e1rios. O movimento ajuizou uma A\u00e7\u00e3o Popular Preventiva para que a discuss\u00e3o sobre o aumento na C\u00e2mara seja suspensa.<br \/>\nDurante o protesto, os manifestantes pediram que planilhas e documentos que serviram como base para o pedido de reajuste sejam divulgados e, que ap\u00f3s isso, seja feita uma audi\u00eancia p\u00fablica para que a sociedade possa se posicionar diante da Superintend\u00eancia Municipal de Transporte e Tr\u00e2nsito (SMTT) e o Sindicato das Empresas de Transporte de Passageiros de Aracaju (Setransp).<\/p>\n<p style=\"text-align: justify;\"><strong>Nordeste<\/strong><\/p>\n<p style=\"text-align: justify;\">Em Natal a passagem custa R$ 2,65, em Teresina a passagem custa R$ 2,50. Em Fortaleza R$ 2,75, mesmo valor praticado em Jo\u00e3o Pessoa. Em Salvador a passagem custa R$ 3, mas vai passar para R$ 3,30 em janeiro. Em S\u00e3o Lu\u00eds, R$ 2,60. Em Recife, o valor \u00e9 R$ 2,45. E em Macei\u00f3, onde o sistema n\u00e3o \u00e9 integrado, a passagem custa R$ 2,75.<\/p>\n<p style=\"text-align: justify;\"><em><strong>Acompanhe o SE Not\u00edcias no <a href=\"https:\/\/twitter.com\/Senoticias\" target=\"_blank\">Twitter<\/a> e no <a href=\"https:\/\/www.facebook.com\/PortalSENoticias\/\" target=\"_blank\">Facebook<\/a><\/strong><\/em><\/p>\n<p style=\"text-align: justify;\"><em><strong>\u00a0<\/strong><\/em><\/p>\n<p style=\"text-align: justify;\"><em><strong>Fonte:Portal G1 SE.<\/strong><\/em><\/p>\n","protected":false},"excerpt":{"rendered":"<p>Os usu\u00e1rios do transporte p\u00fablico da Grande Aracaju est\u00e3o insatisfeitos com o aumento da tarifa que foi aprovado pela C\u00e2mara Municipal de Aracaju (CMA) nesta segunda-feira (21). A passagem de \u00f4nibus subiu de R$ 2,70 para R$ 3,10, um aumento de quase 15%. \u201cEu moro em Est\u00e2ncia e trabalho como empregada dom\u00e9stica em uma casa [&hellip;]<\/p>\n","protected":false},"author":3,"featured_media":87260,"comment_status":"closed","ping_status":"closed","sticky":false,"template":"","format":"standard","meta":{"footnotes":""},"categories":[38,6],"tags":[],"class_list":{"0":"post-87259","1":"post","2":"type-post","3":"status-publish","4":"format-standard","5":"has-post-thumbnail","7":"category-municipios","8":"category-politica"},"_links":{"self":[{"href":"https:\/\/senoticias.com.br\/se\/wp-json\/wp\/v2\/posts\/87259"}],"collection":[{"href":"https:\/\/senoticias.com.br\/se\/wp-json\/wp\/v2\/posts"}],"about":[{"href":"https:\/\/senoticias.com.br\/se\/wp-json\/wp\/v2\/types\/post"}],"author":[{"embeddable":true,"href":"https:\/\/senoticias.com.br\/se\/wp-json\/wp\/v2\/users\/3"}],"replies":[{"embeddable":true,"href":"https:\/\/senoticias.com.br\/se\/wp-json\/wp\/v2\/comments?post=87259"}],"version-history":[{"count":0,"href":"https:\/\/senoticias.com.br\/se\/wp-json\/wp\/v2\/posts\/87259\/revisions"}],"wp:featuredmedia":[{"embeddable":true,"href":"https:\/\/senoticias.com.br\/se\/wp-json\/wp\/v2\/media\/87260"}],"wp:attachment":[{"href":"https:\/\/senoticias.com.br\/se\/wp-json\/wp\/v2\/media?parent=87259"}],"wp:term":[{"taxonomy":"category","embeddable":true,"href":"https:\/\/senoticias.com.br\/se\/wp-json\/wp\/v2\/categories?post=87259"},{"taxonomy":"post_tag","embeddable":true,"href":"https:\/\/senoticias.com.br\/se\/wp-json\/wp\/v2\/tags?post=87259"}],"curies":[{"name":"wp","href":"https:\/\/api.w.org\/{rel}","templated":true}]}}