{"id":87256,"date":"2015-12-22T15:57:10","date_gmt":"2015-12-22T18:57:10","guid":{"rendered":"http:\/\/senoticias.com.br\/se\/?p=87256"},"modified":"2015-12-23T11:47:10","modified_gmt":"2015-12-23T14:47:10","slug":"catedral-metropolitana-tem-programacao-especial-de-natal","status":"publish","type":"post","link":"https:\/\/senoticias.com.br\/se\/catedral-metropolitana-tem-programacao-especial-de-natal\/","title":{"rendered":"Catedral Metropolitana tem programa\u00e7\u00e3o especial de Natal"},"content":{"rendered":"<p>A Arquidiocese de Aracaju vai contar com uma programa\u00e7\u00e3o especial para o Natal. Com a celebra\u00e7\u00e3o da Missa do Galo a partir da 00h. Missas ser\u00e3o celebradas durante o per\u00edodo natalino.<\/p>\n<div id=\"attachment_74197\" style=\"width: 608px\" class=\"wp-caption aligncenter\"><a href=\"http:\/\/senoticias.com.br\/se\/wp-content\/uploads\/2014\/12\/missa-do-galo-e1450810498377.jpg\"><img loading=\"lazy\" decoding=\"async\" aria-describedby=\"caption-attachment-74197\" class=\"size-full wp-image-74197\" alt=\"Na Catedral de Aracaju a missa do galo acontece \u00e0 meia noite. (Foto: Reprodu\u00e7\u00e3o) \" src=\"http:\/\/senoticias.com.br\/se\/wp-content\/uploads\/2014\/12\/missa-do-galo-e1450810498377.jpg\" width=\"598\" height=\"398\" \/><\/a><p id=\"caption-attachment-74197\" class=\"wp-caption-text\">Na Catedral de Aracaju a missa do galo acontece \u00e0 meia noite. (Foto: Reprodu\u00e7\u00e3o)<\/p><\/div>\n<p><strong>Dia 24:<\/strong><br \/>\n7h &#8211; Missa celebrada pelo vig\u00e1rio Pe. Geovane Bomfim<br \/>\n19h30 &#8211; Missa celebrada pelo Arcebispo Dom Jos\u00e9 Palmeira Lessa<br \/>\n00h &#8211; Missa celebrada pelo P\u00e1roco Pe. Manoel Barbosa (Campal)<\/p>\n<p><strong>Dia 25:<\/strong><br \/>\n8h &#8211; Missa celebrada Vig\u00e1rio Pe. Geovane Bomfim<br \/>\n16h30 &#8211; Missa celebrada P\u00e1roco Pe. Manoel Barbosa<br \/>\nOutras Atividades no palco:<\/p>\n<p><strong>Dia 24:<\/strong><br \/>\n16 &#8211; Banda Musical do Corpo de Bombeiros<br \/>\n17h &#8211; Orquestra Sinf\u00f4nica Dom Jos\u00e9 Palmeira Lessa, da Par\u00f3quia Sagrada Fam\u00edlia<br \/>\n18h \u2013 Apresenta\u00e7\u00e3o teatral sobe o Nascimento de Jesus com a Comunidade Shalom<br \/>\n21h &#8211; Show com o cantor Jonny Mendes (Bras\u00edlia)<br \/>\n<strong><em>Acompanhe o SE Not\u00edcias no <a href=\"https:\/\/twitter.com\/Senoticias\" target=\"_blank\">Twitter<\/a> e no <a href=\"https:\/\/www.facebook.com\/PortalSENoticias\/\" target=\"_blank\">Facebook<\/a><\/em><\/strong><\/p>\n<p><strong><em>\u00a0<\/em><\/strong><\/p>\n<p><strong><em>Fonte: Portal G1 SE.<\/em><\/strong><\/p>\n","protected":false},"excerpt":{"rendered":"<p>A Arquidiocese de Aracaju vai contar com uma programa\u00e7\u00e3o especial para o Natal. Com a celebra\u00e7\u00e3o da Missa do Galo a partir da 00h. Missas ser\u00e3o celebradas durante o per\u00edodo natalino. Dia 24: 7h &#8211; Missa celebrada pelo vig\u00e1rio Pe. Geovane Bomfim 19h30 &#8211; Missa celebrada pelo Arcebispo Dom Jos\u00e9 Palmeira Lessa 00h &#8211; Missa [&hellip;]<\/p>\n","protected":false},"author":3,"featured_media":74197,"comment_status":"closed","ping_status":"closed","sticky":false,"template":"","format":"standard","meta":{"footnotes":""},"categories":[310,46],"tags":[],"class_list":{"0":"post-87256","1":"post","2":"type-post","3":"status-publish","4":"format-standard","5":"has-post-thumbnail","7":"category-destaques-da-semana","8":"category-religiao"},"_links":{"self":[{"href":"https:\/\/senoticias.com.br\/se\/wp-json\/wp\/v2\/posts\/87256"}],"collection":[{"href":"https:\/\/senoticias.com.br\/se\/wp-json\/wp\/v2\/posts"}],"about":[{"href":"https:\/\/senoticias.com.br\/se\/wp-json\/wp\/v2\/types\/post"}],"author":[{"embeddable":true,"href":"https:\/\/senoticias.com.br\/se\/wp-json\/wp\/v2\/users\/3"}],"replies":[{"embeddable":true,"href":"https:\/\/senoticias.com.br\/se\/wp-json\/wp\/v2\/comments?post=87256"}],"version-history":[{"count":0,"href":"https:\/\/senoticias.com.br\/se\/wp-json\/wp\/v2\/posts\/87256\/revisions"}],"wp:featuredmedia":[{"embeddable":true,"href":"https:\/\/senoticias.com.br\/se\/wp-json\/wp\/v2\/media\/74197"}],"wp:attachment":[{"href":"https:\/\/senoticias.com.br\/se\/wp-json\/wp\/v2\/media?parent=87256"}],"wp:term":[{"taxonomy":"category","embeddable":true,"href":"https:\/\/senoticias.com.br\/se\/wp-json\/wp\/v2\/categories?post=87256"},{"taxonomy":"post_tag","embeddable":true,"href":"https:\/\/senoticias.com.br\/se\/wp-json\/wp\/v2\/tags?post=87256"}],"curies":[{"name":"wp","href":"https:\/\/api.w.org\/{rel}","templated":true}]}}