{"id":87255,"date":"2015-12-22T15:48:07","date_gmt":"2015-12-22T18:48:07","guid":{"rendered":"http:\/\/senoticias.com.br\/se\/?p=87255"},"modified":"2015-12-22T15:48:07","modified_gmt":"2015-12-22T18:48:07","slug":"smtt-informa-horario-de-funcionamento-no-final-do-ano","status":"publish","type":"post","link":"https:\/\/senoticias.com.br\/se\/smtt-informa-horario-de-funcionamento-no-final-do-ano\/","title":{"rendered":"SMTT informa hor\u00e1rio de funcionamento no final do ano"},"content":{"rendered":"<p style=\"text-align: justify;\"><a href=\"http:\/\/senoticias.com.br\/se\/wp-content\/uploads\/2012\/02\/smtt-aracaju.jpg\"><img loading=\"lazy\" decoding=\"async\" class=\"alignleft size-full wp-image-25627\" alt=\"smtt aracaju\" src=\"http:\/\/senoticias.com.br\/se\/wp-content\/uploads\/2012\/02\/smtt-aracaju.jpg\" width=\"180\" height=\"187\" \/><\/a><\/p>\n<p style=\"text-align: justify;\">A Superintend\u00eancia Municipal de Transportes e Tr\u00e2nsito (SMTT) informou nesta ter\u00e7a-feira (22), que o setor de atendimento ao p\u00fablico do \u00f3rg\u00e3o n\u00e3o funcionar\u00e1 nos dias 24, 25, 31 e 01. O n\u00e3o funcionamento se dar\u00e1 devido ao ponto facultativo decretado pelo Prefeito de Aracaju, Jo\u00e3o Alves Filho, em virtude das comemora\u00e7\u00f5es de fim de ano.<\/p>\n<p style=\"text-align: justify;\">Contudo, nos dias que antecedem \u00e0s comemora\u00e7\u00f5es de Natal e Ano Novo, 23, 28, 29 e 30 o setor, assim como todos os outros da Superintend\u00eancia, funcionar\u00e3o em hor\u00e1rio normal, das 7h \u00e0s 17h.<\/p>\n<p style=\"text-align: justify;\">\n<p style=\"text-align: justify;\">\n<p style=\"text-align: justify;\">\n<p style=\"text-align: justify;\"><em><strong>Acompanhe o SE Not\u00edcias no <a href=\"https:\/\/twitter.com\/Senoticias\" target=\"_blank\">Twitter<\/a> e no <a href=\"https:\/\/www.facebook.com\/PortalSENoticias\/\" target=\"_blank\">Facebook<\/a><\/strong><\/em><\/p>\n<p style=\"text-align: justify;\"><em><strong>\u00a0<\/strong><\/em><\/p>\n<p style=\"text-align: justify;\"><em><strong>Fonte:Portal G1 SE.<\/strong><\/em><\/p>\n","protected":false},"excerpt":{"rendered":"<p>A Superintend\u00eancia Municipal de Transportes e Tr\u00e2nsito (SMTT) informou nesta ter\u00e7a-feira (22), que o setor de atendimento ao p\u00fablico do \u00f3rg\u00e3o n\u00e3o funcionar\u00e1 nos dias 24, 25, 31 e 01. O n\u00e3o funcionamento se dar\u00e1 devido ao ponto facultativo decretado pelo Prefeito de Aracaju, Jo\u00e3o Alves Filho, em virtude das comemora\u00e7\u00f5es de fim de ano. [&hellip;]<\/p>\n","protected":false},"author":3,"featured_media":25627,"comment_status":"closed","ping_status":"closed","sticky":false,"template":"","format":"standard","meta":{"footnotes":""},"categories":[38],"tags":[],"class_list":{"0":"post-87255","1":"post","2":"type-post","3":"status-publish","4":"format-standard","5":"has-post-thumbnail","7":"category-municipios"},"_links":{"self":[{"href":"https:\/\/senoticias.com.br\/se\/wp-json\/wp\/v2\/posts\/87255"}],"collection":[{"href":"https:\/\/senoticias.com.br\/se\/wp-json\/wp\/v2\/posts"}],"about":[{"href":"https:\/\/senoticias.com.br\/se\/wp-json\/wp\/v2\/types\/post"}],"author":[{"embeddable":true,"href":"https:\/\/senoticias.com.br\/se\/wp-json\/wp\/v2\/users\/3"}],"replies":[{"embeddable":true,"href":"https:\/\/senoticias.com.br\/se\/wp-json\/wp\/v2\/comments?post=87255"}],"version-history":[{"count":0,"href":"https:\/\/senoticias.com.br\/se\/wp-json\/wp\/v2\/posts\/87255\/revisions"}],"wp:featuredmedia":[{"embeddable":true,"href":"https:\/\/senoticias.com.br\/se\/wp-json\/wp\/v2\/media\/25627"}],"wp:attachment":[{"href":"https:\/\/senoticias.com.br\/se\/wp-json\/wp\/v2\/media?parent=87255"}],"wp:term":[{"taxonomy":"category","embeddable":true,"href":"https:\/\/senoticias.com.br\/se\/wp-json\/wp\/v2\/categories?post=87255"},{"taxonomy":"post_tag","embeddable":true,"href":"https:\/\/senoticias.com.br\/se\/wp-json\/wp\/v2\/tags?post=87255"}],"curies":[{"name":"wp","href":"https:\/\/api.w.org\/{rel}","templated":true}]}}