{"id":87252,"date":"2015-12-22T15:41:05","date_gmt":"2015-12-22T18:41:05","guid":{"rendered":"http:\/\/senoticias.com.br\/se\/?p=87252"},"modified":"2015-12-22T16:33:43","modified_gmt":"2015-12-22T19:33:43","slug":"criancas-assistidas-pelo-creas-de-itaporanga-tem-manha-de-lazer-na-orla-da-atalaia","status":"publish","type":"post","link":"https:\/\/senoticias.com.br\/se\/criancas-assistidas-pelo-creas-de-itaporanga-tem-manha-de-lazer-na-orla-da-atalaia\/","title":{"rendered":"Crian\u00e7as assistidas pelo Creas de Itaporanga tem manh\u00e3 de lazer na Orla de Atalaia"},"content":{"rendered":"<p style=\"text-align: justify;\">Banho de praia, lanche e muita divers\u00e3o. Assim foi a manh\u00e3 desta ter\u00e7a-feira (22) para 15 crian\u00e7as do Centro de Refer\u00eancia Especializado da Assist\u00eancia Social (Creas).\u00a0As crian\u00e7as participaram de uma Manh\u00e3 Recreativa no Mundo das Crian\u00e7as, parque da Orla da Atalaia, que foi organizada pelos profissionais que trabalham no Creas de Itaporanga.\u00a0Foram quatro horas de pura brincadeira debaixo de sol forte, das oito da manh\u00e3 ao meio dia.<\/p>\n<div id=\"attachment_87257\" style=\"width: 608px\" class=\"wp-caption aligncenter\"><a href=\"http:\/\/senoticias.com.br\/se\/wp-content\/uploads\/2015\/12\/Creas-e1450810746526.jpg\"><img loading=\"lazy\" decoding=\"async\" aria-describedby=\"caption-attachment-87257\" class=\"size-full wp-image-87257\" alt=\"Profissionais do Creas promovendo manh\u00e3 recreativa aos usu\u00e1rios. (Foto: Creas\/Itaporanga)\" src=\"http:\/\/senoticias.com.br\/se\/wp-content\/uploads\/2015\/12\/Creas-e1450810746526.jpg\" width=\"598\" height=\"359\" \/><\/a><p id=\"caption-attachment-87257\" class=\"wp-caption-text\">Profissionais do Creas promovendo manh\u00e3 recreativa. (Foto: Creas\/Itaporanga)<\/p><\/div>\n<p style=\"text-align: justify;\">Algumas nunca tinham tido a oportunidade de vivenciar um momento desses. Para a Assistente Social do Centro de Refer\u00eancia Especializado da Assist\u00eancia Social, Isabele Menezes, esse tipo de evento \u00e9 um meio de criar novas oportunidades. \u201cComo estas crian\u00e7as n\u00e3o t\u00eam condi\u00e7\u00f5es de ter este tipo de lazer, a Secretaria Municipal de Assist\u00eancia Social, atrav\u00e9s do Creas, criou uma programa\u00e7\u00e3o especial denominado &#8216;Manh\u00e3 Recreativa na Orla da Atalaia&#8217;, que visa proporcionar eventos que possam garantir a divers\u00e3o em per\u00edodo de f\u00e9rias escolares&#8221;, informou Isabele.<\/p>\n<p style=\"text-align: justify;\">Durante a Manh\u00e3 Recreativa, as crian\u00e7as receberam o acompanhamento da psic\u00f3loga da Secretaria de Assist\u00eancia Social, Emanuele Loyola, da assistente social, Isabele Menezes e do educador Social Edgar de Jesus.<\/p>\n<p style=\"text-align: justify;\"><strong>O que \u00e9 o Creas?<\/strong><\/p>\n<p style=\"text-align: justify;\">O Creas oferta acompanhamento t\u00e9cnico especializado, desenvolvido por equipe multiprofissional, a fim de potencializar a capacidade de prote\u00e7\u00e3o da fam\u00edlia e favorecer a repara\u00e7\u00e3o da situa\u00e7\u00e3o de viol\u00eancia v\u00edvida.<\/p>\n<p style=\"text-align: justify;\">Usu\u00e1rios: Fam\u00edlias e indiv\u00edduos que vivenciam viola\u00e7\u00e3o de direitos, dentre eles a viol\u00eancia f\u00edsica, psicol\u00f3gica, sexual, situa\u00e7\u00e3o de rua, cumprimento de medidas socioeducativas em meio aberto, etc.\u00a0Formas de Acesso ao Servi\u00e7o: por identifica\u00e7\u00e3o e encaminhamento do CRAS, dos servi\u00e7os de prote\u00e7\u00e3o e vigil\u00e2ncia social; por encaminhamento de outros servi\u00e7os socioassistenciais, das demais pol\u00edticas p\u00fablicas setoriais, dos demais \u00f3rg\u00e3os do Sistema de Garantia de Direitos e demanda espont\u00e2nea.<\/p>\n<p style=\"text-align: justify;\">Funcionamento: De segunda a sexta-feira, das 7 \u00e0s 13h, na Avenida Deputado Manoel Conde sobral, Centro da Cidade &#8211; <strong>Telefone: 9 96078813.<br \/>\n<\/strong><\/p>\n<p style=\"text-align: justify;\"><strong><em>Acompanhe o SE Not\u00edcias no\u00a0<a href=\"https:\/\/twitter.com\/Senoticias\" target=\"_blank\">Twitter<\/a>\u00a0e no\u00a0<a href=\"https:\/\/www.facebook.com\/PortalSENoticias\/\" target=\"_blank\">Facebook<\/a><\/em><\/strong><\/p>\n<p style=\"text-align: justify;\"><em><strong>Ascom\/Itaporanga<\/strong><\/em><\/p>\n","protected":false},"excerpt":{"rendered":"<p>Banho de praia, lanche e muita divers\u00e3o. Assim foi a manh\u00e3 desta ter\u00e7a-feira (22) para 15 crian\u00e7as do Centro de Refer\u00eancia Especializado da Assist\u00eancia Social (Creas).\u00a0As crian\u00e7as participaram de uma Manh\u00e3 Recreativa no Mundo das Crian\u00e7as, parque da Orla da Atalaia, que foi organizada pelos profissionais que trabalham no Creas de Itaporanga.\u00a0Foram quatro horas de [&hellip;]<\/p>\n","protected":false},"author":1,"featured_media":87257,"comment_status":"closed","ping_status":"closed","sticky":false,"template":"","format":"standard","meta":{"footnotes":""},"categories":[38,1],"tags":[],"class_list":{"0":"post-87252","1":"post","2":"type-post","3":"status-publish","4":"format-standard","5":"has-post-thumbnail","7":"category-municipios","8":"category-sem-categoria"},"_links":{"self":[{"href":"https:\/\/senoticias.com.br\/se\/wp-json\/wp\/v2\/posts\/87252"}],"collection":[{"href":"https:\/\/senoticias.com.br\/se\/wp-json\/wp\/v2\/posts"}],"about":[{"href":"https:\/\/senoticias.com.br\/se\/wp-json\/wp\/v2\/types\/post"}],"author":[{"embeddable":true,"href":"https:\/\/senoticias.com.br\/se\/wp-json\/wp\/v2\/users\/1"}],"replies":[{"embeddable":true,"href":"https:\/\/senoticias.com.br\/se\/wp-json\/wp\/v2\/comments?post=87252"}],"version-history":[{"count":0,"href":"https:\/\/senoticias.com.br\/se\/wp-json\/wp\/v2\/posts\/87252\/revisions"}],"wp:featuredmedia":[{"embeddable":true,"href":"https:\/\/senoticias.com.br\/se\/wp-json\/wp\/v2\/media\/87257"}],"wp:attachment":[{"href":"https:\/\/senoticias.com.br\/se\/wp-json\/wp\/v2\/media?parent=87252"}],"wp:term":[{"taxonomy":"category","embeddable":true,"href":"https:\/\/senoticias.com.br\/se\/wp-json\/wp\/v2\/categories?post=87252"},{"taxonomy":"post_tag","embeddable":true,"href":"https:\/\/senoticias.com.br\/se\/wp-json\/wp\/v2\/tags?post=87252"}],"curies":[{"name":"wp","href":"https:\/\/api.w.org\/{rel}","templated":true}]}}