{"id":87250,"date":"2015-12-22T15:41:28","date_gmt":"2015-12-22T18:41:28","guid":{"rendered":"http:\/\/senoticias.com.br\/se\/?p=87250"},"modified":"2015-12-22T15:41:28","modified_gmt":"2015-12-22T18:41:28","slug":"governo-lanca-matricula-online-e-programa-de-alfabetizacao","status":"publish","type":"post","link":"https:\/\/senoticias.com.br\/se\/governo-lanca-matricula-online-e-programa-de-alfabetizacao\/","title":{"rendered":"Governo lan\u00e7a matr\u00edcula online e programa de alfabetiza\u00e7\u00e3o"},"content":{"rendered":"<p style=\"text-align: justify;\">O governador Jackson Barreto lan\u00e7ou na tarde desta ter\u00e7a-feira (22) os portais Escola Educa Mais, Matr\u00edcula Online e o Programa Sergipe Ama (Sergipe Alfabetiza Mais). As ferramentas digitais objetivam a melhoria da educa\u00e7\u00e3o por meio do uso de tecnologia.<\/p>\n<div id=\"attachment_87251\" style=\"width: 610px\" class=\"wp-caption aligncenter\"><a href=\"http:\/\/senoticias.com.br\/se\/wp-content\/uploads\/2015\/12\/Educa-Mais-Brasil-2016-bolsas-inscric\u00b8o-es-e-mais-2.jpg\"><img loading=\"lazy\" decoding=\"async\" aria-describedby=\"caption-attachment-87251\" class=\"size-full wp-image-87251\" alt=\"Foto: Divulga\u00e7\u00e3o \/ Portal educa mais brasil\" src=\"http:\/\/senoticias.com.br\/se\/wp-content\/uploads\/2015\/12\/Educa-Mais-Brasil-2016-bolsas-inscric\u00b8o-es-e-mais-2.jpg\" width=\"600\" height=\"337\" srcset=\"https:\/\/senoticias.com.br\/se\/wp-content\/uploads\/2015\/12\/Educa-Mais-Brasil-2016-bolsas-inscric\u00b8o-es-e-mais-2.jpg 600w, https:\/\/senoticias.com.br\/se\/wp-content\/uploads\/2015\/12\/Educa-Mais-Brasil-2016-bolsas-inscric\u00b8o-es-e-mais-2-300x168.jpg 300w, https:\/\/senoticias.com.br\/se\/wp-content\/uploads\/2015\/12\/Educa-Mais-Brasil-2016-bolsas-inscric\u00b8o-es-e-mais-2-342x192.jpg 342w\" sizes=\"(max-width: 600px) 100vw, 600px\" \/><\/a><p id=\"caption-attachment-87251\" class=\"wp-caption-text\">Foto: Divulga\u00e7\u00e3o \/ Portal educa mais brasil<\/p><\/div>\n<p style=\"text-align: justify;\">\nA matr\u00edcula online \u00e9 uma a\u00e7\u00e3o pioneira que vai facilitar o processo de matr\u00edcula tanto para os alunos, quanto para a dire\u00e7\u00e3o das escolas. A partir de 2016, a matr\u00edcula nas 354 unidades de ensino da rede estadual ser\u00e1 realizada atrav\u00e9s da internet. Dessa forma, evitam-se as longas filas que se formavam em frente aos maiores col\u00e9gios estaduais, oferecendo mais comodidade para pais, alunos e coordena\u00e7\u00e3o pedag\u00f3gica.<\/p>\n<p style=\"text-align: justify;\"><strong>Portal Escola Educa Mais<\/strong><\/p>\n<p style=\"text-align: justify;\">A plataforma apoia a personaliza\u00e7\u00e3o e melhoria da qualidade da educa\u00e7\u00e3o, por meio do uso de tecnologias educacionais inovadoras, disponibilizando v\u00eddeos, infogr\u00e1ficos, mapas, simuladores, anima\u00e7\u00f5es e outros recursos de todas as disciplinas da Educa\u00e7\u00e3o B\u00e1sica, do Ensino Fundamental e Ensino M\u00e9dio.<\/p>\n<p style=\"text-align: justify;\">Ser\u00e1 poss\u00edvel personalizar a identidade visual e o banco de Objetos Digitais de Aprendizagem dispon\u00edveis, ampliando a rela\u00e7\u00e3o de cada link com o pr\u00f3prio curr\u00edculo escolar. Para que professores, gestores, t\u00e9cnicos da secretaria de educa\u00e7\u00e3o e alunos possam aprimorar a utiliza\u00e7\u00e3o da plataforma, s\u00e3o disponibilizados tamb\u00e9m materiais de apoio (v\u00eddeos, textos e imagens), al\u00e9m de estarem previstos cursos \u00e0 dist\u00e2ncia para forma\u00e7\u00e3o continuada.<\/p>\n<p style=\"text-align: justify;\"><strong>Programa Sergipe Alfabetiza Mais<\/strong><\/p>\n<p style=\"text-align: justify;\">O Programa Sergipe Alfabetiza Mais (AMA) visa a atender ao compromisso do Governo do Estado de Sergipe em alfabetizar e dar condi\u00e7\u00f5es de continuidade de estudos aos jovens adultos e idosos, promovendo uma educa\u00e7\u00e3o de qualidade social e reduzindo o \u00edndice de analfabetismo em Sergipe. A a\u00e7\u00e3o \u00e9 articulada e intersetorial entre a Uni\u00e3o, as Secretarias de Estado e\/ou \u00f3rg\u00e3os da Administra\u00e7\u00e3o direta e indireta, munic\u00edpios e sociedade civil organizada.<br \/>\nO AMA contar\u00e1 com a coopera\u00e7\u00e3o entre a Seed e as Secretarias de Inclus\u00e3o e Desenvolvimento Humano (Seidh), Agricultura (Seagri), Sa\u00fade, Detran e Secretarias Municipais de Assist\u00eancia e Sa\u00fade.<\/p>\n<p style=\"text-align: justify;\">Composto por seis eixos (Gest\u00e3o Pol\u00edtico \u2013 Administrativa; Gest\u00e3o Pedag\u00f3gica; Forma\u00e7\u00e3o Iniciada e continuada para Alfabetizadores e Coordenadores de Turma; Materiais Did\u00e1ticos; Avalia\u00e7\u00e3o do Processo Ensino e Aprendizagem; Avalia\u00e7\u00e3o e Monitoramento do Programa), o AMA contar\u00e1 com cursos modulares, com dura\u00e7\u00e3o de oito meses, com carga hor\u00e1ria semanal de 10 horas, totalizando 320 horas de atividades.<\/p>\n<p style=\"text-align: justify;\">\n<p style=\"text-align: justify;\"><strong><em>Acompanhe o SE Not\u00edcias no <a href=\"https:\/\/twitter.com\/Senoticias\" target=\"_blank\">Twitter<\/a> e no <a href=\"https:\/\/www.facebook.com\/PortalSENoticias\/\" target=\"_blank\">Facebook<\/a><\/em><\/strong><\/p>\n<p style=\"text-align: justify;\"><strong><em>\u00a0<\/em><\/strong><\/p>\n<p style=\"text-align: justify;\"><strong><em>Fonte:Portal G1 SE.<\/em><\/strong><\/p>\n","protected":false},"excerpt":{"rendered":"<p>O governador Jackson Barreto lan\u00e7ou na tarde desta ter\u00e7a-feira (22) os portais Escola Educa Mais, Matr\u00edcula Online e o Programa Sergipe Ama (Sergipe Alfabetiza Mais). As ferramentas digitais objetivam a melhoria da educa\u00e7\u00e3o por meio do uso de tecnologia. A matr\u00edcula online \u00e9 uma a\u00e7\u00e3o pioneira que vai facilitar o processo de matr\u00edcula tanto para [&hellip;]<\/p>\n","protected":false},"author":3,"featured_media":87251,"comment_status":"closed","ping_status":"closed","sticky":false,"template":"","format":"standard","meta":{"footnotes":""},"categories":[44,6],"tags":[],"class_list":{"0":"post-87250","1":"post","2":"type-post","3":"status-publish","4":"format-standard","5":"has-post-thumbnail","7":"category-educacao","8":"category-politica"},"_links":{"self":[{"href":"https:\/\/senoticias.com.br\/se\/wp-json\/wp\/v2\/posts\/87250"}],"collection":[{"href":"https:\/\/senoticias.com.br\/se\/wp-json\/wp\/v2\/posts"}],"about":[{"href":"https:\/\/senoticias.com.br\/se\/wp-json\/wp\/v2\/types\/post"}],"author":[{"embeddable":true,"href":"https:\/\/senoticias.com.br\/se\/wp-json\/wp\/v2\/users\/3"}],"replies":[{"embeddable":true,"href":"https:\/\/senoticias.com.br\/se\/wp-json\/wp\/v2\/comments?post=87250"}],"version-history":[{"count":0,"href":"https:\/\/senoticias.com.br\/se\/wp-json\/wp\/v2\/posts\/87250\/revisions"}],"wp:featuredmedia":[{"embeddable":true,"href":"https:\/\/senoticias.com.br\/se\/wp-json\/wp\/v2\/media\/87251"}],"wp:attachment":[{"href":"https:\/\/senoticias.com.br\/se\/wp-json\/wp\/v2\/media?parent=87250"}],"wp:term":[{"taxonomy":"category","embeddable":true,"href":"https:\/\/senoticias.com.br\/se\/wp-json\/wp\/v2\/categories?post=87250"},{"taxonomy":"post_tag","embeddable":true,"href":"https:\/\/senoticias.com.br\/se\/wp-json\/wp\/v2\/tags?post=87250"}],"curies":[{"name":"wp","href":"https:\/\/api.w.org\/{rel}","templated":true}]}}