{"id":87248,"date":"2015-12-22T15:30:54","date_gmt":"2015-12-22T18:30:54","guid":{"rendered":"http:\/\/senoticias.com.br\/se\/?p=87248"},"modified":"2015-12-22T15:30:54","modified_gmt":"2015-12-22T18:30:54","slug":"sera-lancada-pela-capitania-dos-portos-e-prefeitura-a-operacao-verao-2016","status":"publish","type":"post","link":"https:\/\/senoticias.com.br\/se\/sera-lancada-pela-capitania-dos-portos-e-prefeitura-a-operacao-verao-2016\/","title":{"rendered":"Ser\u00e1 lan\u00e7ada pela Capit\u00e2nia dos Portos e Prefeitura a opera\u00e7\u00e3o Ver\u00e3o 2016"},"content":{"rendered":"<p style=\"text-align: justify;\">A Prefeitura de Aracaju realizar\u00e1 a\u00e7\u00e3o conjunta com a Capitania dos Portos de Sergipe para fiscalizar as embarca\u00e7\u00f5es que realizam transporte de passageiros na regi\u00e3o da Orla P\u00f4r do Sol. As embarca\u00e7\u00f5es que foram aprovadas na fiscaliza\u00e7\u00e3o de ambas institui\u00e7\u00f5es ser\u00e3o autorizadas a realizar a atividade, sendo identificadas por um adesivo fornecido pela Secretaria Municipal da Ind\u00fastria, Com\u00e9rcio e Turismo de Aracaju (SEMICT). A CPSE far\u00e1 verifica\u00e7\u00e3o documental da embarca\u00e7\u00e3o e de sua tripula\u00e7\u00e3o, assim como tamb\u00e9m ser\u00e3o inspecionados os itens de seguran\u00e7a obrigat\u00f3rios (coletes e boias salva-vidas, extintor de inc\u00eandio e etc.).<\/p>\n<div id=\"attachment_73513\" style=\"width: 608px\" class=\"wp-caption aligncenter\"><a href=\"http:\/\/senoticias.com.br\/se\/wp-content\/uploads\/2014\/12\/grande-capitanianovafoto_15_03_2012-e1450808979415.jpg\"><img loading=\"lazy\" decoding=\"async\" aria-describedby=\"caption-attachment-73513\" class=\"size-full wp-image-73513\" alt=\"Capitania dos Portos de Sergipe  . (Foto: Reprodu\u00e7\u00e3o)\" src=\"http:\/\/senoticias.com.br\/se\/wp-content\/uploads\/2014\/12\/grande-capitanianovafoto_15_03_2012-e1450808979415.jpg\" width=\"598\" height=\"397\" \/><\/a><p id=\"caption-attachment-73513\" class=\"wp-caption-text\">Capitania dos Portos de Sergipe . (Foto: Reprodu\u00e7\u00e3o)<\/p><\/div>\n<p style=\"text-align: justify;\">A opera\u00e7\u00e3o inicia no dia 24 de dezembro e segue at\u00e9 29 de fevereiro, per\u00edodo no qual a Capitania dos Portos de Sergipe (CPSE) intensificar\u00e1 a a\u00e7\u00e3o de presen\u00e7a em todo o estado de Sergipe. O lan\u00e7amento da opera\u00e7\u00e3o ocorrer\u00e1 na regi\u00e3o do Mosqueiro, na Orla P\u00f4r do Sol, com a presen\u00e7a do Capit\u00e3o-de-Fragata Jo\u00e3o Batista, Capit\u00e3o dos Portos, e equipe de Fiscaliza\u00e7\u00e3o do Tr\u00e1fego Aquavi\u00e1rio, na manh\u00e3 do dia 24.<\/p>\n<p style=\"text-align: justify;\">Durante a Opera\u00e7\u00e3o Ver\u00e3o a fiscaliza\u00e7\u00e3o do tr\u00e1fego aquavi\u00e1rio \u00e9 intensificada nas \u00e1reas de maior concentra\u00e7\u00e3o de embarca\u00e7\u00f5es em todo o Pa\u00eds, com o objetivo de minimizar a possibilidade de ocorr\u00eancia de acidentes no litoral, rios e lagos, por meio de a\u00e7\u00f5es de Inspe\u00e7\u00e3o Naval, deslocando equipes e empregando o maior n\u00famero poss\u00edvel de meios, de modo a verificar as condi\u00e7\u00f5es gerais das embarca\u00e7\u00f5es, a habilita\u00e7\u00e3o dos condutores e da tripula\u00e7\u00e3o, o seu material de salvatagem e do eventual excesso de lota\u00e7\u00e3o, entre outros aspectos.<\/p>\n<p style=\"text-align: justify;\">Al\u00e9m das a\u00e7\u00f5es de Inspe\u00e7\u00e3o Naval, a CPSE tamb\u00e9m intensifica a realiza\u00e7\u00e3o de palestras em col\u00f4nias de pescadores e entidades n\u00e1uticas, com a finalidade de educar e instruir as pessoas sobre as Normas da Autoridade Mar\u00edtima (NORMAM)<\/p>\n<p style=\"text-align: justify;\">\nCom informa\u00e7\u00f5es da PMA<\/p>\n<p style=\"text-align: justify;\">\n<p style=\"text-align: justify;\"><em><strong>Acompanhe o SE Not\u00edcias no <a href=\"https:\/\/twitter.com\/Senoticias\" target=\"_blank\">Twitter<\/a> e no<a href=\"https:\/\/www.facebook.com\/PortalSENoticias\/\" target=\"_blank\"> Facebook<\/a><\/strong><\/em><\/p>\n<p style=\"text-align: justify;\"><em><strong>\u00a0<\/strong><\/em><\/p>\n<p style=\"text-align: justify;\"><em><strong>Fonte:Portal A8.<\/strong><\/em><\/p>\n<p style=\"text-align: justify;\">\n","protected":false},"excerpt":{"rendered":"<p>A Prefeitura de Aracaju realizar\u00e1 a\u00e7\u00e3o conjunta com a Capitania dos Portos de Sergipe para fiscalizar as embarca\u00e7\u00f5es que realizam transporte de passageiros na regi\u00e3o da Orla P\u00f4r do Sol. As embarca\u00e7\u00f5es que foram aprovadas na fiscaliza\u00e7\u00e3o de ambas institui\u00e7\u00f5es ser\u00e3o autorizadas a realizar a atividade, sendo identificadas por um adesivo fornecido pela Secretaria Municipal [&hellip;]<\/p>\n","protected":false},"author":3,"featured_media":43585,"comment_status":"closed","ping_status":"closed","sticky":false,"template":"","format":"standard","meta":{"footnotes":""},"categories":[38],"tags":[],"class_list":{"0":"post-87248","1":"post","2":"type-post","3":"status-publish","4":"format-standard","5":"has-post-thumbnail","7":"category-municipios"},"_links":{"self":[{"href":"https:\/\/senoticias.com.br\/se\/wp-json\/wp\/v2\/posts\/87248"}],"collection":[{"href":"https:\/\/senoticias.com.br\/se\/wp-json\/wp\/v2\/posts"}],"about":[{"href":"https:\/\/senoticias.com.br\/se\/wp-json\/wp\/v2\/types\/post"}],"author":[{"embeddable":true,"href":"https:\/\/senoticias.com.br\/se\/wp-json\/wp\/v2\/users\/3"}],"replies":[{"embeddable":true,"href":"https:\/\/senoticias.com.br\/se\/wp-json\/wp\/v2\/comments?post=87248"}],"version-history":[{"count":0,"href":"https:\/\/senoticias.com.br\/se\/wp-json\/wp\/v2\/posts\/87248\/revisions"}],"wp:featuredmedia":[{"embeddable":true,"href":"https:\/\/senoticias.com.br\/se\/wp-json\/wp\/v2\/media\/43585"}],"wp:attachment":[{"href":"https:\/\/senoticias.com.br\/se\/wp-json\/wp\/v2\/media?parent=87248"}],"wp:term":[{"taxonomy":"category","embeddable":true,"href":"https:\/\/senoticias.com.br\/se\/wp-json\/wp\/v2\/categories?post=87248"},{"taxonomy":"post_tag","embeddable":true,"href":"https:\/\/senoticias.com.br\/se\/wp-json\/wp\/v2\/tags?post=87248"}],"curies":[{"name":"wp","href":"https:\/\/api.w.org\/{rel}","templated":true}]}}