{"id":87246,"date":"2015-12-22T15:18:52","date_gmt":"2015-12-22T18:18:52","guid":{"rendered":"http:\/\/senoticias.com.br\/se\/?p=87246"},"modified":"2015-12-22T15:18:52","modified_gmt":"2015-12-22T18:18:52","slug":"jovem-e-preso-com-arma-dentro-do-terminal-de-onibus-do-dia","status":"publish","type":"post","link":"https:\/\/senoticias.com.br\/se\/jovem-e-preso-com-arma-dentro-do-terminal-de-onibus-do-dia\/","title":{"rendered":"Jovem \u00e9 preso com arma dentro do terminal de \u00f4nibus do DIA"},"content":{"rendered":"<p style=\"text-align: justify;\">Um homem foi preso dentro do terminal de \u00f4nibus DIA, pela Guarda Municipal, na tarde desta \u00faltima segunda-feira (21). O suspeito identificado como Bruno Gabriel de Jesus Santos, 18 anos, foi detido por porte ilegal de arma ap\u00f3s persegui\u00e7\u00e3o.<\/p>\n<div id=\"attachment_43886\" style=\"width: 410px\" class=\"wp-caption aligncenter\"><a href=\"http:\/\/senoticias.com.br\/se\/wp-content\/uploads\/2013\/02\/preso1.jpg\"><img loading=\"lazy\" decoding=\"async\" aria-describedby=\"caption-attachment-43886\" class=\"size-full wp-image-43886\" alt=\"Foto: Inlustrativa\" src=\"http:\/\/senoticias.com.br\/se\/wp-content\/uploads\/2013\/02\/preso1.jpg\" width=\"400\" height=\"249\" srcset=\"https:\/\/senoticias.com.br\/se\/wp-content\/uploads\/2013\/02\/preso1.jpg 400w, https:\/\/senoticias.com.br\/se\/wp-content\/uploads\/2013\/02\/preso1-300x186.jpg 300w, https:\/\/senoticias.com.br\/se\/wp-content\/uploads\/2013\/02\/preso1-342x212.jpg 342w\" sizes=\"(max-width: 400px) 100vw, 400px\" \/><\/a><p id=\"caption-attachment-43886\" class=\"wp-caption-text\">Foto: Inlustrativa<\/p><\/div>\n<p style=\"text-align: justify;\">De acordo com informa\u00e7\u00f5es, a pol\u00edcia foi acionada pela popula\u00e7\u00e3o. Eles informaram que dois homens estavam armados dentro do terminal. Pelas caracter\u00edsticas f\u00edsicas, a pol\u00edcia conseguiu identificar a dupla. Os suspeitos fugiram quando os guardas se aproximaram.<\/p>\n<p style=\"text-align: justify;\">Durante a persegui\u00e7\u00e3o, um deles conseguiu fugir. O outro suspeito jogou a arma em uma barraca de balas. O rev\u00f3lver calibre 22 foi apreendido pela pol\u00edcia. O jovem tentou resistir a pris\u00e3o agredindo um dos policiais, mas conseguiu ser rendido. Ele chegou a cair no ch\u00e3o durante a imobiliza\u00e7\u00e3o e se feriu na parte superior do olho.<\/p>\n<p style=\"text-align: justify;\">O suspeito chegou a ser atendido em um posto m\u00e9dico e depois foi encaminhado para a delegacia.<\/p>\n<p style=\"text-align: justify;\">\n<p style=\"text-align: justify;\"><strong><em>Acompanhe o SE Not\u00edcias no <a href=\"https:\/\/twitter.com\/Senoticias\" target=\"_blank\">Twitter<\/a> e no <a href=\"https:\/\/www.facebook.com\/PortalSENoticias\/\" target=\"_blank\">Facebook<\/a><\/em><\/strong><\/p>\n<p style=\"text-align: justify;\"><strong><em>\u00a0<\/em><\/strong><\/p>\n<p style=\"text-align: justify;\"><strong><em>Fonte:Portal A8.<\/em><\/strong><\/p>\n","protected":false},"excerpt":{"rendered":"<p>Um homem foi preso dentro do terminal de \u00f4nibus DIA, pela Guarda Municipal, na tarde desta \u00faltima segunda-feira (21). O suspeito identificado como Bruno Gabriel de Jesus Santos, 18 anos, foi detido por porte ilegal de arma ap\u00f3s persegui\u00e7\u00e3o. De acordo com informa\u00e7\u00f5es, a pol\u00edcia foi acionada pela popula\u00e7\u00e3o. Eles informaram que dois homens estavam [&hellip;]<\/p>\n","protected":false},"author":3,"featured_media":43886,"comment_status":"closed","ping_status":"closed","sticky":false,"template":"","format":"standard","meta":{"footnotes":""},"categories":[7],"tags":[],"class_list":{"0":"post-87246","1":"post","2":"type-post","3":"status-publish","4":"format-standard","5":"has-post-thumbnail","7":"category-policia"},"_links":{"self":[{"href":"https:\/\/senoticias.com.br\/se\/wp-json\/wp\/v2\/posts\/87246"}],"collection":[{"href":"https:\/\/senoticias.com.br\/se\/wp-json\/wp\/v2\/posts"}],"about":[{"href":"https:\/\/senoticias.com.br\/se\/wp-json\/wp\/v2\/types\/post"}],"author":[{"embeddable":true,"href":"https:\/\/senoticias.com.br\/se\/wp-json\/wp\/v2\/users\/3"}],"replies":[{"embeddable":true,"href":"https:\/\/senoticias.com.br\/se\/wp-json\/wp\/v2\/comments?post=87246"}],"version-history":[{"count":0,"href":"https:\/\/senoticias.com.br\/se\/wp-json\/wp\/v2\/posts\/87246\/revisions"}],"wp:featuredmedia":[{"embeddable":true,"href":"https:\/\/senoticias.com.br\/se\/wp-json\/wp\/v2\/media\/43886"}],"wp:attachment":[{"href":"https:\/\/senoticias.com.br\/se\/wp-json\/wp\/v2\/media?parent=87246"}],"wp:term":[{"taxonomy":"category","embeddable":true,"href":"https:\/\/senoticias.com.br\/se\/wp-json\/wp\/v2\/categories?post=87246"},{"taxonomy":"post_tag","embeddable":true,"href":"https:\/\/senoticias.com.br\/se\/wp-json\/wp\/v2\/tags?post=87246"}],"curies":[{"name":"wp","href":"https:\/\/api.w.org\/{rel}","templated":true}]}}