{"id":86482,"date":"2015-11-28T20:44:00","date_gmt":"2015-11-28T23:44:00","guid":{"rendered":"http:\/\/senoticias.com.br\/se\/?p=86482"},"modified":"2015-11-30T18:35:01","modified_gmt":"2015-11-30T21:35:01","slug":"se-houver-corte-no-bolsa-familia-23-milhoes-deixarao-o-programa","status":"publish","type":"post","link":"https:\/\/senoticias.com.br\/se\/se-houver-corte-no-bolsa-familia-23-milhoes-deixarao-o-programa\/","title":{"rendered":"Se houver corte no Bolsa Fam\u00edlia, 23 milh\u00f5es deixar\u00e3o o programa, diz ministra"},"content":{"rendered":"<p style=\"text-align: justify;\"><em><strong>\u00a0<\/strong><\/em><\/p>\n<p style=\"text-align: justify;\">A ministra do Desenvolvimento Social e Combate \u00e0 Fome, Tereza Campello, disse hoje (27) que, pelos c\u00e1lculos do minist\u00e9rio, se o corte de um ter\u00e7o nos recursos do Bolsa Fam\u00edlia para o ano que vem for inclu\u00eddo no Or\u00e7amento de 2016, como indicou o relator da Comiss\u00e3o Mista de Or\u00e7amento (CMO) do Congresso, deputado Ricardo Barros (PP-PR), cerca de 23 milh\u00f5es de pessoas deixar\u00e3o o programa e, desse total 8 milh\u00f5es, voltar\u00e3o para a extrema pobreza.<\/p>\n<div id=\"attachment_85046\" style=\"width: 608px\" class=\"wp-caption aligncenter\"><a href=\"http:\/\/senoticias.com.br\/se\/wp-content\/uploads\/2015\/10\/naom_561aa6b9efbdd-e1448754561735.jpg\"><img loading=\"lazy\" decoding=\"async\" aria-describedby=\"caption-attachment-85046\" class=\"size-full wp-image-85046\" alt=\"Cerca de 23 milh\u00f5es de pessoas deixar\u00e3o o programa e, desse total 8 milh\u00f5es, voltar\u00e3o para a extrema pobreza.(Foto: Arquivo\/Net)\" src=\"http:\/\/senoticias.com.br\/se\/wp-content\/uploads\/2015\/10\/naom_561aa6b9efbdd-e1448754561735.jpg\" width=\"598\" height=\"525\" \/><\/a><p id=\"caption-attachment-85046\" class=\"wp-caption-text\">Cerca de 23 milh\u00f5es de pessoas deixar\u00e3o o programa e, desse total 8 milh\u00f5es, voltar\u00e3o para a extrema pobreza.(Foto: Arquivo\/Net)<\/p><\/div>\n<p style=\"text-align: justify;\">&#8220;Vai ser uma calamidade&#8221;, avaliou. &#8220;N\u00f3s n\u00e3o queremos este cen\u00e1rio para o Brasil&#8221;. A ministra comentou, ainda, que o Bolsa Fam\u00edlia n\u00e3o registrou at\u00e9 agora qualquer impacto em decorr\u00eancia da crise econ\u00f4mica pela qual o pa\u00eds atravessa. &#8220;A gente n\u00e3o verificou nenhuma altera\u00e7\u00e3o de maior ou menor procura pelo Bolsa Fam\u00edlia&#8221;.<\/p>\n<p style=\"text-align: justify;\">A ministra tamb\u00e9m disse n\u00e3o acreditar em uma revers\u00e3o em uma pol\u00edtica, segundo ela, t\u00e3o efetiva como o Bolsa Fam\u00edlia. \u201cO Cadastro \u00danico n\u00e3o serve apenas para o Bolsa Fam\u00edlia, muita gente melhorou de vida. Tr\u00eas milh\u00f5es de fam\u00edlias sa\u00edram [da extrema pobreza] e nunca mais voltaram&#8221;, explicou, acrescentando que s\u00e3o pessoas que melhoraram a condi\u00e7\u00e3o social.<\/p>\n<p style=\"text-align: justify;\">De acordo com Tereza, o Brasil superou um problema end\u00eamico, que era a situa\u00e7\u00e3o de fome, mas ele continua em comunidades ind\u00edgenas, ribeirinhas e quilombolas. &#8220;Talvez tenha que ter um trabalho hiperfocalizado nestes territ\u00f3rios&#8221;.<\/p>\n<p style=\"text-align: justify;\">Sobre a educa\u00e7\u00e3o, a ministra avaliou que \u00e9 um grande desafio e representa uma agenda estrutural que envolve, principalmente, a popula\u00e7\u00e3o pobre. Para a ministra, tamb\u00e9m \u00e9 preciso continuar com a agenda de constru\u00e7\u00e3o de cisternas para garantir \u00e1gua em regi\u00f5es que enfrentam dificuldades, como tamb\u00e9m evitar que as crian\u00e7as voltem para o trabalho infantil. &#8220;\u00c9 o m\u00ednimo de dignidade para a popula\u00e7\u00e3o brasileira manter e fortalecer as atuais pol\u00edticas [sociais]&#8221;, disse.<\/p>\n<p style=\"text-align: justify;\">Tereza Campello participou do semin\u00e1rio Combate \u00e0 Pobreza, Crescimento Inclusivo e a Nova Agenda Social, promovido pelo Centro de Pol\u00edticas Sociais (CPS) da Funda\u00e7\u00e3o Getulio Vargas, em Botafogo, zona sul do Rio. O semin\u00e1rio faz parte das comemora\u00e7\u00f5es dos 15 anos do CPS.<\/p>\n<p style=\"text-align: justify;\">No encontro, a ex-ministra de Assist\u00eancia Social do governo Fernando Henrique Cardoso, Wanda Engel, disse que a necessidade de ado\u00e7\u00e3o de pol\u00edticas sociais no Brasil ficou clara com a Constitui\u00e7\u00e3o de 1988, que determinou a assist\u00eancia como direito da popula\u00e7\u00e3o. Ela destacou, ainda, que, a partir de 1999, foram criados marcos da pol\u00edtica de combate \u00e0 pobreza, que representavam novas diretrizes.<\/p>\n<p style=\"text-align: justify;\">Para a educadora, a sa\u00edda da pobreza est\u00e1 na garantia de que os alunos terminem pelo menos o ensino m\u00e9dio, mas \u00e9 preciso ter o foco em duas faixas et\u00e1rias. A primeira at\u00e9 os 6 anos e a outra para a juventude. Para garantir a\u00e7\u00f5es na educa\u00e7\u00e3o, ela sugeriu parcerias entre os tr\u00eas n\u00edveis de governo, empresariado, m\u00eddias e segmentos religiosos. Wanda, ponderou, no entanto, que existe no Brasil uma dificuldade em se fazer parcerias. &#8220;A cultura da parceria \u00e9 incipiente. N\u00e3o se sabe lidar com as diferen\u00e7as&#8221;, disse.<\/p>\n<p style=\"text-align: justify;\">Para o diretor do FGV Social\/CPS, Marcelo Neri, durante os 15 anos de atua\u00e7\u00e3o do centro, os estudos comprovaram a queda da desigualdade de renda no Brasil. Ele disse que, desde 2001, com a implanta\u00e7\u00e3o de pol\u00edticas sociais, a renda dos 5% mais pobres da popula\u00e7\u00e3o cresceu 216% em termos reais.<\/p>\n<p style=\"text-align: justify;\">O economista defendeu que, por terem grande impacto nesta popula\u00e7\u00e3o, essas pol\u00edticas n\u00e3o devem ser objeto de cortes, mesmo com a necessidade de um ajuste fiscal. &#8220;Agora temos desafios, mas acho que em momento de desafio \u00e9 que temos que melhorar o desenho das pol\u00edticas. Na verdade, o Bolsa Escola e o Bolsa Alimenta\u00e7\u00e3o, que s\u00e3o os precursores destes programas, foram gestados e paridos ap\u00f3s a crise de 1999 no Brasil. A gente tem que usar a crise no sentido e na possibilidade de andar para frente e atender novos desafios&#8221;, analisou.<\/p>\n<p style=\"text-align: justify;\"><strong>Acompanhe o SE Not\u00edcias no\u00a0<a href=\"https:\/\/twitter.com\/Senoticias\" target=\"_blank\">Twitter<\/a>\u00a0e no\u00a0<a href=\"https:\/\/www.facebook.com\/senoticias1\" target=\"_blank\">Facebook<\/a><\/strong><\/p>\n<p style=\"text-align: justify;\"><em><strong>Da Ag\u00eancia Brasil<\/strong><\/em><\/p>\n","protected":false},"excerpt":{"rendered":"<p>\u00a0 A ministra do Desenvolvimento Social e Combate \u00e0 Fome, Tereza Campello, disse hoje (27) que, pelos c\u00e1lculos do minist\u00e9rio, se o corte de um ter\u00e7o nos recursos do Bolsa Fam\u00edlia para o ano que vem for inclu\u00eddo no Or\u00e7amento de 2016, como indicou o relator da Comiss\u00e3o Mista de Or\u00e7amento (CMO) do Congresso, deputado [&hellip;]<\/p>\n","protected":false},"author":1,"featured_media":85046,"comment_status":"closed","ping_status":"closed","sticky":false,"template":"","format":"standard","meta":{"footnotes":""},"categories":[6],"tags":[],"class_list":{"0":"post-86482","1":"post","2":"type-post","3":"status-publish","4":"format-standard","5":"has-post-thumbnail","7":"category-politica"},"_links":{"self":[{"href":"https:\/\/senoticias.com.br\/se\/wp-json\/wp\/v2\/posts\/86482"}],"collection":[{"href":"https:\/\/senoticias.com.br\/se\/wp-json\/wp\/v2\/posts"}],"about":[{"href":"https:\/\/senoticias.com.br\/se\/wp-json\/wp\/v2\/types\/post"}],"author":[{"embeddable":true,"href":"https:\/\/senoticias.com.br\/se\/wp-json\/wp\/v2\/users\/1"}],"replies":[{"embeddable":true,"href":"https:\/\/senoticias.com.br\/se\/wp-json\/wp\/v2\/comments?post=86482"}],"version-history":[{"count":0,"href":"https:\/\/senoticias.com.br\/se\/wp-json\/wp\/v2\/posts\/86482\/revisions"}],"wp:featuredmedia":[{"embeddable":true,"href":"https:\/\/senoticias.com.br\/se\/wp-json\/wp\/v2\/media\/85046"}],"wp:attachment":[{"href":"https:\/\/senoticias.com.br\/se\/wp-json\/wp\/v2\/media?parent=86482"}],"wp:term":[{"taxonomy":"category","embeddable":true,"href":"https:\/\/senoticias.com.br\/se\/wp-json\/wp\/v2\/categories?post=86482"},{"taxonomy":"post_tag","embeddable":true,"href":"https:\/\/senoticias.com.br\/se\/wp-json\/wp\/v2\/tags?post=86482"}],"curies":[{"name":"wp","href":"https:\/\/api.w.org\/{rel}","templated":true}]}}