{"id":86479,"date":"2015-11-28T18:51:53","date_gmt":"2015-11-28T21:51:53","guid":{"rendered":"http:\/\/senoticias.com.br\/se\/?p=86479"},"modified":"2015-11-28T18:51:53","modified_gmt":"2015-11-28T21:51:53","slug":"the-baggios-anuncia-turne-com-nove-shows-no-mexico","status":"publish","type":"post","link":"https:\/\/senoticias.com.br\/se\/the-baggios-anuncia-turne-com-nove-shows-no-mexico\/","title":{"rendered":"The Baggios anuncia turn\u00ea com nove shows no M\u00e9xico"},"content":{"rendered":"<p><strong><em>Por \u00cdcaro Novaes*<\/em><\/strong><\/p>\n<p style=\"text-align: justify;\">A banda sergipana\u00a0<em>The Baggios<\/em>\u00a0se prepara para sua primeira turn\u00ea internacional, e o pa\u00eds escolhido foi o M\u00e9xico. Acontecer\u00e1 entre os dias 3 e 12 de dezembro na Cidade do M\u00e9xico, em voga o novo CD da banda: \u201cDez Anos Depois (2015)\u201d.<\/p>\n<div id=\"attachment_86480\" style=\"width: 608px\" class=\"wp-caption aligncenter\"><a href=\"http:\/\/senoticias.com.br\/se\/wp-content\/uploads\/2015\/11\/grande-baggios_capa_170414-e1448747408283.jpg\"><img loading=\"lazy\" decoding=\"async\" aria-describedby=\"caption-attachment-86480\" class=\"size-full wp-image-86480\" alt=\"Dupla far\u00e1 parceria com banda local Los Daniels.(Foto: Arquivo Portal Infonet)\" src=\"http:\/\/senoticias.com.br\/se\/wp-content\/uploads\/2015\/11\/grande-baggios_capa_170414-e1448747408283.jpg\" width=\"598\" height=\"397\" \/><\/a><p id=\"caption-attachment-86480\" class=\"wp-caption-text\">Dupla far\u00e1 parceria com banda local Los Daniels.(Foto: Arquivo Portal Infonet)<\/p><\/div>\n<p style=\"text-align: justify;\">\n<p>Em sua p\u00e1gina no\u00a0<em>Facebook<\/em>, a dupla que comp\u00f5e a banda transparece a satisfa\u00e7\u00e3o com o novo projeto e n\u00e3o dispensa elogios. \u201cEstamos ansiosos para conhecer e apresentar nossa m\u00fasica nesse pa\u00eds fant\u00e1stico. Ser\u00e3o duas semanas de shows em lugares lindos\u201d, afirmam.<\/p>\n<p>Na passagem pelo territ\u00f3rio mexicano, os sergipanos far\u00e3o parceria ainda com a famosa banda local\u00a0<em>Los Daniels<\/em>. O shows e datas divulgadas pela banda voc\u00ea confere abaixo:<\/p>\n<p>03.12 Rueda de Prensa, DF<br \/>\n04.12 Centro Cultural Brasil, DF<br \/>\n04.12 Cerdo Picante, Puebla<br \/>\n05.12 Festival LatinoAm\u00e9rica 360, DF<br \/>\n07.12 Grabaci\u00f3n Audiovisual, Acapulco<br \/>\n08.12 Oficina de M\u00fasica en el Centro Cultural Brasil , DF<br \/>\n09.12 Grabaci\u00f3n de musica con Los Daniels<br \/>\n10.12 Concierto Sorpresa, DF<br \/>\n11.12 Bajo Circuito, DF<br \/>\n12.12 El Chopo, DF<\/p>\n<p style=\"text-align: justify;\"><strong>Acompanhe o SE Not\u00edcias no\u00a0<a href=\"https:\/\/twitter.com\/Senoticias\" target=\"_blank\">Twitter<\/a>\u00a0e no\u00a0<a href=\"https:\/\/www.facebook.com\/senoticias1\" target=\"_blank\">Facebook<\/a><\/strong><\/p>\n<p style=\"text-align: justify;\"><strong>Por \u00cdcaro Novaes, <a href=\"http:\/\/www.infonet.com.br\/cultura\/\/ler.asp?id=180208\" target=\"_blank\">Portal Infonet<\/a><\/strong><\/p>\n<p><em>\u00a0<\/em><\/p>\n","protected":false},"excerpt":{"rendered":"<p>Por \u00cdcaro Novaes* A banda sergipana\u00a0The Baggios\u00a0se prepara para sua primeira turn\u00ea internacional, e o pa\u00eds escolhido foi o M\u00e9xico. Acontecer\u00e1 entre os dias 3 e 12 de dezembro na Cidade do M\u00e9xico, em voga o novo CD da banda: \u201cDez Anos Depois (2015)\u201d. Em sua p\u00e1gina no\u00a0Facebook, a dupla que comp\u00f5e a banda transparece [&hellip;]<\/p>\n","protected":false},"author":1,"featured_media":86480,"comment_status":"closed","ping_status":"closed","sticky":false,"template":"","format":"standard","meta":{"footnotes":""},"categories":[15],"tags":[],"class_list":{"0":"post-86479","1":"post","2":"type-post","3":"status-publish","4":"format-standard","5":"has-post-thumbnail","7":"category-destaques"},"_links":{"self":[{"href":"https:\/\/senoticias.com.br\/se\/wp-json\/wp\/v2\/posts\/86479"}],"collection":[{"href":"https:\/\/senoticias.com.br\/se\/wp-json\/wp\/v2\/posts"}],"about":[{"href":"https:\/\/senoticias.com.br\/se\/wp-json\/wp\/v2\/types\/post"}],"author":[{"embeddable":true,"href":"https:\/\/senoticias.com.br\/se\/wp-json\/wp\/v2\/users\/1"}],"replies":[{"embeddable":true,"href":"https:\/\/senoticias.com.br\/se\/wp-json\/wp\/v2\/comments?post=86479"}],"version-history":[{"count":0,"href":"https:\/\/senoticias.com.br\/se\/wp-json\/wp\/v2\/posts\/86479\/revisions"}],"wp:featuredmedia":[{"embeddable":true,"href":"https:\/\/senoticias.com.br\/se\/wp-json\/wp\/v2\/media\/86480"}],"wp:attachment":[{"href":"https:\/\/senoticias.com.br\/se\/wp-json\/wp\/v2\/media?parent=86479"}],"wp:term":[{"taxonomy":"category","embeddable":true,"href":"https:\/\/senoticias.com.br\/se\/wp-json\/wp\/v2\/categories?post=86479"},{"taxonomy":"post_tag","embeddable":true,"href":"https:\/\/senoticias.com.br\/se\/wp-json\/wp\/v2\/tags?post=86479"}],"curies":[{"name":"wp","href":"https:\/\/api.w.org\/{rel}","templated":true}]}}