{"id":86474,"date":"2015-11-28T18:07:17","date_gmt":"2015-11-28T21:07:17","guid":{"rendered":"http:\/\/senoticias.com.br\/se\/?p=86474"},"modified":"2015-11-30T09:27:24","modified_gmt":"2015-11-30T12:27:24","slug":"na-proxima-semanatre-julga-dois-deputados-federais-e-seis-estaduais","status":"publish","type":"post","link":"https:\/\/senoticias.com.br\/se\/na-proxima-semanatre-julga-dois-deputados-federais-e-seis-estaduais\/","title":{"rendered":"TRE julga nesta segunda o pedido de cassa\u00e7\u00e3o dos deputados Jo\u00e3o Daniel e Luiz Mitidieri"},"content":{"rendered":"<p style=\"text-align: justify;\">Nesta segunda-feira (30) acontece o quinto dia de julgamentos, no \u00e2mbito eleitoral, dos parlamentares acusados de envolvimento no caso de desvio de verbas de subven\u00e7\u00f5es. Hoje Tribunal Regional Eleitoral (TRE\/SE), em sess\u00e3o aberta ao p\u00fablico,\u00a0julgar\u00e1 o pedido de cassa\u00e7\u00e3o do mandato dos deputados Jo\u00e3o Daniel e Luiz Mitidieri.<\/p>\n<div id=\"attachment_61633\" style=\"width: 510px\" class=\"wp-caption aligncenter\"><a href=\"http:\/\/senoticias.com.br\/se\/wp-content\/uploads\/2014\/03\/grande-joao_daniel_nova_maria_odilia.jpg\"><img loading=\"lazy\" decoding=\"async\" aria-describedby=\"caption-attachment-61633\" class=\"size-full wp-image-61633\" alt=\"TRE\/SE), em sess\u00e3o aberta ao p\u00fablico, julgar\u00e1 o pedido de cassa\u00e7\u00e3o do mandato dos deputados Jo\u00e3o Daniel  (Foto de arquivo Maria Od\u00edlia)\" src=\"http:\/\/senoticias.com.br\/se\/wp-content\/uploads\/2014\/03\/grande-joao_daniel_nova_maria_odilia.jpg\" width=\"500\" height=\"332\" srcset=\"https:\/\/senoticias.com.br\/se\/wp-content\/uploads\/2014\/03\/grande-joao_daniel_nova_maria_odilia.jpg 500w, https:\/\/senoticias.com.br\/se\/wp-content\/uploads\/2014\/03\/grande-joao_daniel_nova_maria_odilia-300x199.jpg 300w, https:\/\/senoticias.com.br\/se\/wp-content\/uploads\/2014\/03\/grande-joao_daniel_nova_maria_odilia-342x227.jpg 342w\" sizes=\"(max-width: 500px) 100vw, 500px\" \/><\/a><p id=\"caption-attachment-61633\" class=\"wp-caption-text\">Em sess\u00e3o aberta ao p\u00fablico, o TRE\/SE julgar\u00e1 o pedido de cassa\u00e7\u00e3o do mandato do deputado Jo\u00e3o Daniel (Foto de arquivo Maria Od\u00edlia)<\/p><\/div>\n<p>&nbsp;<\/p>\n<p style=\"text-align: justify;\">Os pedidos foram ajuizados pela Procuradoria Regional Eleitoral de Sergipe (PRE\/SE), ap\u00f3s a investiga\u00e7\u00e3o de repasse irregular e desvios de recursos das verbas de subven\u00e7\u00e3o da Assembleia Legislativa do Estado. As verbas de subven\u00e7\u00e3o eram um recurso, no valor de R$ 1,5 milh\u00e3o por ano, dispon\u00edvel para todos os deputados distribu\u00edrem entre entidades de cunho social.<\/p>\n<p style=\"text-align: justify;\">Para a ter\u00e7a (01) est\u00e3o previstos os julgamentos de Gilson Andrade e Adelson Barreto e Raimundo Vieira, o Mundinho da Comase (suplente), os tr\u00eas com pedido de cassa\u00e7\u00e3o. Na pauta da quarta-feira (02) est\u00e3o os deputados Jos\u00e9 de Oliveira Guimar\u00e3es, o Zezinho Guimar\u00e3es, Luiz Augusto Carvalho Ribeiro Filho, o Gustinho Ribeiro e Jeferson Andrade, os tr\u00eas com pedido de cassa\u00e7\u00e3o. Para a quinta (03) est\u00e3o previstos os casos de Ven\u00e2ncio Fonseca (cassa\u00e7\u00e3o) e Zeca da Silva (reconhecimento de inelegibilidade).<\/p>\n<p style=\"text-align: justify;\"><strong>Acompanhe o SE Not\u00edcias no\u00a0<a href=\"https:\/\/twitter.com\/Senoticias\" target=\"_blank\">Twitter<\/a>\u00a0e no\u00a0<a href=\"https:\/\/www.facebook.com\/senoticias1\" target=\"_blank\">Facebook<\/a><\/strong><\/p>\n<p><em><strong>Reda\u00e7\u00e3o A8SE.com<\/strong><\/em><\/p>\n","protected":false},"excerpt":{"rendered":"<p>Nesta segunda-feira (30) acontece o quinto dia de julgamentos, no \u00e2mbito eleitoral, dos parlamentares acusados de envolvimento no caso de desvio de verbas de subven\u00e7\u00f5es. Hoje Tribunal Regional Eleitoral (TRE\/SE), em sess\u00e3o aberta ao p\u00fablico,\u00a0julgar\u00e1 o pedido de cassa\u00e7\u00e3o do mandato dos deputados Jo\u00e3o Daniel e Luiz Mitidieri. &nbsp; Os pedidos foram ajuizados pela Procuradoria [&hellip;]<\/p>\n","protected":false},"author":1,"featured_media":61633,"comment_status":"closed","ping_status":"closed","sticky":false,"template":"","format":"standard","meta":{"footnotes":""},"categories":[6],"tags":[],"class_list":{"0":"post-86474","1":"post","2":"type-post","3":"status-publish","4":"format-standard","5":"has-post-thumbnail","7":"category-politica"},"_links":{"self":[{"href":"https:\/\/senoticias.com.br\/se\/wp-json\/wp\/v2\/posts\/86474"}],"collection":[{"href":"https:\/\/senoticias.com.br\/se\/wp-json\/wp\/v2\/posts"}],"about":[{"href":"https:\/\/senoticias.com.br\/se\/wp-json\/wp\/v2\/types\/post"}],"author":[{"embeddable":true,"href":"https:\/\/senoticias.com.br\/se\/wp-json\/wp\/v2\/users\/1"}],"replies":[{"embeddable":true,"href":"https:\/\/senoticias.com.br\/se\/wp-json\/wp\/v2\/comments?post=86474"}],"version-history":[{"count":0,"href":"https:\/\/senoticias.com.br\/se\/wp-json\/wp\/v2\/posts\/86474\/revisions"}],"wp:featuredmedia":[{"embeddable":true,"href":"https:\/\/senoticias.com.br\/se\/wp-json\/wp\/v2\/media\/61633"}],"wp:attachment":[{"href":"https:\/\/senoticias.com.br\/se\/wp-json\/wp\/v2\/media?parent=86474"}],"wp:term":[{"taxonomy":"category","embeddable":true,"href":"https:\/\/senoticias.com.br\/se\/wp-json\/wp\/v2\/categories?post=86474"},{"taxonomy":"post_tag","embeddable":true,"href":"https:\/\/senoticias.com.br\/se\/wp-json\/wp\/v2\/tags?post=86474"}],"curies":[{"name":"wp","href":"https:\/\/api.w.org\/{rel}","templated":true}]}}