{"id":86436,"date":"2015-11-27T09:26:51","date_gmt":"2015-11-27T12:26:51","guid":{"rendered":"http:\/\/senoticias.com.br\/se\/?p=86436"},"modified":"2015-11-30T11:39:26","modified_gmt":"2015-11-30T14:39:26","slug":"itaporanga-recebe-ceac-itinerante-entre-os-dias-2-e-4-de-dezembro","status":"publish","type":"post","link":"https:\/\/senoticias.com.br\/se\/itaporanga-recebe-ceac-itinerante-entre-os-dias-2-e-4-de-dezembro\/","title":{"rendered":"CEAC M\u00f3vel  estar\u00e1 em Itaporanga nesta quarta-feira"},"content":{"rendered":"<p style=\"text-align: justify;\">A prefeitura de Itaporanga atrav\u00e9s do Governo do Estado traz para o munic\u00edpio mais uma vez a unidade m\u00f3vel do Centro de Atendimento ao Cidad\u00e3o (Ceac M\u00f3vel), onde ser\u00e3o prestados cerca de 74 diferentes servi\u00e7os de 12 \u00f3rg\u00e3os da estrutura governamental, a exemplo do Detran, IPES, SSP, TJ, Seturb, Seplag, Inclus\u00e3o Social, dentre outros.<\/p>\n<div id=\"attachment_86447\" style=\"width: 608px\" class=\"wp-caption aligncenter\"><a href=\"http:\/\/senoticias.com.br\/se\/wp-content\/uploads\/2015\/11\/ceac3-e1448628408258.jpg\"><img loading=\"lazy\" decoding=\"async\" aria-describedby=\"caption-attachment-86447\" class=\"size-full wp-image-86447\" alt=\"Itaporanga recebe Ceac Itinerante entre os dias 2 e 4 de dezembro. (Foto: arquivo\/SENot\u00edcias)\" src=\"http:\/\/senoticias.com.br\/se\/wp-content\/uploads\/2015\/11\/ceac3-e1448628408258.jpg\" width=\"598\" height=\"449\" \/><\/a><p id=\"caption-attachment-86447\" class=\"wp-caption-text\">Itaporanga recebe Ceac Itinerante entre os dias 2 e 4 de dezembro. (Foto: arquivo\/SENot\u00edcias)<\/p><\/div>\n<div style=\"text-align: justify;\">Conforme o Coordenador, Rodrigo Silveira de Farias, a procura tem atendido a expectativa da Secretaria de Estado da Administra\u00e7\u00e3o, destacando que, milhares de pessoas ser\u00e3o beneficiadas em Itaporanga.<\/div>\n<div style=\"text-align: justify;\"><\/div>\n<div style=\"text-align: justify;\">O Coordenador tamb\u00e9m citou o apoio que a prefeitura de Itaporanga vem dando para mais uma edi\u00e7\u00e3o do implanta\u00e7\u00e3o do Ceac M\u00f3vel, no munic\u00edpio, atrav\u00e9s de v\u00e1rias secretarias, como Educa\u00e7\u00e3o e A\u00e7\u00e3o Social. Segundo ele, o empenho do munic\u00edpio \u00e9 fundamental para o sucesso desta empreitada do Governo de Sergipe.<\/div>\n<div style=\"text-align: justify;\">\u201cA prefeita Gracinha (PMDB) tem se preocupado em todos os aspectos, desde a iniciativa de procurar o governo para formalizar a parceria, at\u00e9 a estrutura e a log\u00edstica para todos os que est\u00e3o envolvidos no projeto\u201d, disse Rodrigo.<\/div>\n<p>O m\u00f3dulo estar\u00e1 na cidade de Itaporanga D\u00b4Ajuda, no per\u00edodo de 2 a 4 de dezembro, ofertando os servi\u00e7os no Centro Cultural Arnaldo Rollemberg Garcez, localizado na Avenida Deputado Jos\u00e9 Conde Sobral. O atendimento come\u00e7a as 8h e segue at\u00e9 as 17h.<\/p>\n<p style=\"text-align: justify;\"><strong>Servi\u00e7os<\/strong><\/p>\n<p style=\"text-align: justify;\">Entre os servi\u00e7os oferecidos est\u00e3o: carteira de identidade (primeira e segunda vias), certid\u00f5es de nascimento e \u00f3bito (primeira e segunda vias), certid\u00e3o de casamento (segunda via), carteira de trabalho, seguro desemprego entre outros.<\/p>\n<p style=\"text-align: justify;\"><strong>Acompanhe o SE Not\u00edcias no <a href=\"https:\/\/twitter.com\/Senoticias\" target=\"_blank\">Twitter<\/a> e no <a href=\"https:\/\/www.facebook.com\/senoticias1\" target=\"_blank\">Facebook<\/a><\/strong><\/p>\n<p style=\"text-align: justify;\"><em>Com informa\u00e7\u00f5es da Ag\u00eancia Sergipe de Not\u00edcias.<\/em><\/p>\n","protected":false},"excerpt":{"rendered":"<p>A prefeitura de Itaporanga atrav\u00e9s do Governo do Estado traz para o munic\u00edpio mais uma vez a unidade m\u00f3vel do Centro de Atendimento ao Cidad\u00e3o (Ceac M\u00f3vel), onde ser\u00e3o prestados cerca de 74 diferentes servi\u00e7os de 12 \u00f3rg\u00e3os da estrutura governamental, a exemplo do Detran, IPES, SSP, TJ, Seturb, Seplag, Inclus\u00e3o Social, dentre outros. Conforme [&hellip;]<\/p>\n","protected":false},"author":3,"featured_media":86447,"comment_status":"closed","ping_status":"closed","sticky":false,"template":"","format":"standard","meta":{"footnotes":""},"categories":[38,6],"tags":[],"class_list":{"0":"post-86436","1":"post","2":"type-post","3":"status-publish","4":"format-standard","5":"has-post-thumbnail","7":"category-municipios","8":"category-politica"},"_links":{"self":[{"href":"https:\/\/senoticias.com.br\/se\/wp-json\/wp\/v2\/posts\/86436"}],"collection":[{"href":"https:\/\/senoticias.com.br\/se\/wp-json\/wp\/v2\/posts"}],"about":[{"href":"https:\/\/senoticias.com.br\/se\/wp-json\/wp\/v2\/types\/post"}],"author":[{"embeddable":true,"href":"https:\/\/senoticias.com.br\/se\/wp-json\/wp\/v2\/users\/3"}],"replies":[{"embeddable":true,"href":"https:\/\/senoticias.com.br\/se\/wp-json\/wp\/v2\/comments?post=86436"}],"version-history":[{"count":0,"href":"https:\/\/senoticias.com.br\/se\/wp-json\/wp\/v2\/posts\/86436\/revisions"}],"wp:featuredmedia":[{"embeddable":true,"href":"https:\/\/senoticias.com.br\/se\/wp-json\/wp\/v2\/media\/86447"}],"wp:attachment":[{"href":"https:\/\/senoticias.com.br\/se\/wp-json\/wp\/v2\/media?parent=86436"}],"wp:term":[{"taxonomy":"category","embeddable":true,"href":"https:\/\/senoticias.com.br\/se\/wp-json\/wp\/v2\/categories?post=86436"},{"taxonomy":"post_tag","embeddable":true,"href":"https:\/\/senoticias.com.br\/se\/wp-json\/wp\/v2\/tags?post=86436"}],"curies":[{"name":"wp","href":"https:\/\/api.w.org\/{rel}","templated":true}]}}