{"id":86428,"date":"2015-11-26T14:14:03","date_gmt":"2015-11-26T17:14:03","guid":{"rendered":"http:\/\/senoticias.com.br\/se\/?p=86428"},"modified":"2015-11-26T14:14:15","modified_gmt":"2015-11-26T17:14:15","slug":"a-politica-de-saude-em-aracaju-e-sinonimo-da-morte-afirma-vereador","status":"publish","type":"post","link":"https:\/\/senoticias.com.br\/se\/a-politica-de-saude-em-aracaju-e-sinonimo-da-morte-afirma-vereador\/","title":{"rendered":"\u201cA pol\u00edtica de Sa\u00fade em Aracaju \u00e9 sin\u00f4nimo da morte\u201d, afirma vereador"},"content":{"rendered":"<p style=\"text-align: justify;\">O vereador Emmanuel Nascimento (PT) usou a tribuna da C\u00e2mara Municipal de Aracaju (CMA) e exibiu um v\u00eddeo veiculado pelo prefeito Jo\u00e3o Alves Filho (DEM) durante sua campanha eleitoral onde ele fala que \u201c\u00e9 preciso investir na infraestrutura, na qualifica\u00e7\u00e3o e valoriza\u00e7\u00e3o dos profissionais de sa\u00fade&#8230; organizar e fortalecer a rede de sa\u00fade b\u00e1sica com a estrat\u00e9gia na sa\u00fade da fam\u00edlia\u201d. Mas, segundo Emmanuel, o que ele falou durante a campanha, n\u00e3o foi concretizado.<\/p>\n<p style=\"text-align: justify;\">\u201cQuando um cidad\u00e3o vai ao posto de sa\u00fade, ele n\u00e3o \u00e9 atendido e acaba morrendo. O vereador Agamenon Sobral j\u00e1 alertou que as unidades de sa\u00fade se tornaram comit\u00eas eleitorais, ele disse que o do bairro Veneza, quem indicou os m\u00e9dicos foi a deputada Goretti Reis, veja que vergonha\u201d, disse.<\/p>\n<p style=\"text-align: justify;\">Ainda de acordo com Emmanuel, Jo\u00e3o Alves disse que iria resolver os problemas da sa\u00fade, a situa\u00e7\u00e3o dos servidores e dos m\u00e9dicos, mas n\u00e3o foi isso que ele fez.\u00a0 O parlamentar refor\u00e7a que a atual gest\u00e3o est\u00e1 em d\u00edvida com a popula\u00e7\u00e3o pois n\u00e3o cumpriu o que prometeu. Destacou ainda que os m\u00e9dicos do munic\u00edpio entraram em greve e os servidores da sa\u00fade est\u00e3o com os sal\u00e1rios atrasados. Sem contar a demora em conseguir atendimento m\u00e9dico e fazer um exame.<\/p>\n<div id=\"attachment_86429\" style=\"width: 608px\" class=\"wp-caption aligncenter\"><a href=\"http:\/\/senoticias.com.br\/se\/wp-content\/uploads\/2015\/11\/Emmanuel-e1448557979154.jpg\"><img loading=\"lazy\" decoding=\"async\" aria-describedby=\"caption-attachment-86429\" class=\"size-full wp-image-86429\" alt=\"\u201cA pol\u00edtica de Sa\u00fade do Munic\u00edpio \u00e9 sin\u00f4nimo da morte\u201d, afirma Emmanuel. (Foto: Ascom)\" src=\"http:\/\/senoticias.com.br\/se\/wp-content\/uploads\/2015\/11\/Emmanuel-e1448557979154.jpg\" width=\"598\" height=\"410\" \/><\/a><p id=\"caption-attachment-86429\" class=\"wp-caption-text\">\u201cA pol\u00edtica de Sa\u00fade do Munic\u00edpio \u00e9 sin\u00f4nimo da morte\u201d, afirma Emmanuel. (Foto: Ascom)<\/p><\/div>\n<p style=\"text-align: justify;\">\u201cA administra\u00e7\u00e3o municipal enviou \u00e0 C\u00e2mara or\u00e7amento de R$ 540 milh\u00f5es para a Sa\u00fade, R$ 1 milh\u00e3o a mais que o ano passado. Cheguei at\u00e9 a apresentar emenda acrescentando R$ 50 milh\u00f5es para melhorar a oferta de exames, ampliar o atendimento, mas disseram aqui que n\u00e3o era preciso. Acredito que o problema da sa\u00fade \u00e9 investimento, precisamos investir na vida, nas unidades de sa\u00fade para atender o povo, essa administra\u00e7\u00e3o disse que ia resolver os problemas da sa\u00fade\u201d, lembra.<\/p>\n<p style=\"text-align: justify;\">O petista comenta ainda que a Sa\u00fade de Aracaju est\u00e1 um caos, \u00e9 s\u00f3 ir aos postos e comprovar o que ele diz, est\u00e1 faltando at\u00e9 sulfato ferroso.\u00a0 Emmanuel sugere ainda a mudan\u00e7a do nome das unidades de sa\u00fade para Comit\u00ea Eleitoral por conta dos atendimentos em troca de votos que ocorrem no local.<\/p>\n<p style=\"text-align: justify;\">\u201cTem gente que fica correndo de mim porque chamei o posto Lauro Dantas de Comit\u00ea Eleitoral, mas eu vi, eu flagrei esta situa\u00e7\u00e3o. As vezes para ser atendido, o cidad\u00e3o precisa prometer o voto. Quero lamentar e sofrer junto com aquele povo, o povo chega doente e se n\u00e3o votar, n\u00e3o recebe atendimento. Pe\u00e7o ao prefeito que respeite o povo e co\u00edba esta situa\u00e7\u00e3o. Que ele fa\u00e7a o que disse durante a campanha, enquanto isso, o povo padece e chora\u2019, lamenta o parlamentar dizendo ainda que \u201c\u00e9 inimigo da morte e, aqueles que n\u00e3o trabalham bem, est\u00e3o defendendo a morte\u201d.<\/p>\n<p style=\"text-align: justify;\"><strong>Acompanhe o SE Not\u00edcias no\u00a0<a href=\"https:\/\/twitter.com\/Senoticias\" target=\"_blank\">Twitter\u00a0<\/a>e no\u00a0<a href=\"https:\/\/www.facebook.com\/PortalSENoticias\/\" target=\"_blank\">Facebook<\/a><\/strong><\/p>\n<p style=\"text-align: justify;\"><em><strong>Da Assessoria de Imprensa<\/strong><\/em><\/p>\n","protected":false},"excerpt":{"rendered":"<p>O vereador Emmanuel Nascimento (PT) usou a tribuna da C\u00e2mara Municipal de Aracaju (CMA) e exibiu um v\u00eddeo veiculado pelo prefeito Jo\u00e3o Alves Filho (DEM) durante sua campanha eleitoral onde ele fala que \u201c\u00e9 preciso investir na infraestrutura, na qualifica\u00e7\u00e3o e valoriza\u00e7\u00e3o dos profissionais de sa\u00fade&#8230; organizar e fortalecer a rede de sa\u00fade b\u00e1sica com [&hellip;]<\/p>\n","protected":false},"author":3,"featured_media":86429,"comment_status":"closed","ping_status":"closed","sticky":false,"template":"","format":"standard","meta":{"footnotes":""},"categories":[6],"tags":[],"class_list":{"0":"post-86428","1":"post","2":"type-post","3":"status-publish","4":"format-standard","5":"has-post-thumbnail","7":"category-politica"},"_links":{"self":[{"href":"https:\/\/senoticias.com.br\/se\/wp-json\/wp\/v2\/posts\/86428"}],"collection":[{"href":"https:\/\/senoticias.com.br\/se\/wp-json\/wp\/v2\/posts"}],"about":[{"href":"https:\/\/senoticias.com.br\/se\/wp-json\/wp\/v2\/types\/post"}],"author":[{"embeddable":true,"href":"https:\/\/senoticias.com.br\/se\/wp-json\/wp\/v2\/users\/3"}],"replies":[{"embeddable":true,"href":"https:\/\/senoticias.com.br\/se\/wp-json\/wp\/v2\/comments?post=86428"}],"version-history":[{"count":0,"href":"https:\/\/senoticias.com.br\/se\/wp-json\/wp\/v2\/posts\/86428\/revisions"}],"wp:featuredmedia":[{"embeddable":true,"href":"https:\/\/senoticias.com.br\/se\/wp-json\/wp\/v2\/media\/86429"}],"wp:attachment":[{"href":"https:\/\/senoticias.com.br\/se\/wp-json\/wp\/v2\/media?parent=86428"}],"wp:term":[{"taxonomy":"category","embeddable":true,"href":"https:\/\/senoticias.com.br\/se\/wp-json\/wp\/v2\/categories?post=86428"},{"taxonomy":"post_tag","embeddable":true,"href":"https:\/\/senoticias.com.br\/se\/wp-json\/wp\/v2\/tags?post=86428"}],"curies":[{"name":"wp","href":"https:\/\/api.w.org\/{rel}","templated":true}]}}