{"id":86425,"date":"2015-11-26T13:45:46","date_gmt":"2015-11-26T16:45:46","guid":{"rendered":"http:\/\/senoticias.com.br\/se\/?p=86425"},"modified":"2015-11-28T06:45:03","modified_gmt":"2015-11-28T09:45:03","slug":"apos-dois-meses-internado-morre-fisioterapeuta-que-lutava-contra-doenca-autoimune","status":"publish","type":"post","link":"https:\/\/senoticias.com.br\/se\/apos-dois-meses-internado-morre-fisioterapeuta-que-lutava-contra-doenca-autoimune\/","title":{"rendered":"Ap\u00f3s dois meses internado, morre fisioterapeuta que lutava contra doen\u00e7a autoimune"},"content":{"rendered":"<p style=\"text-align: justify;\">Faleceu na noite dessa quarta-feira (25) o fisioterapeuta Renysson Menezes, 26 anos, que estava internado desde o dia 20 de setembro, quando sofreu um AVC, em consequ\u00eancia de uma s\u00edndrome autoimune. Desde ent\u00e3o ele estava na UTI de um hospital particular de Aracaju.<\/p>\n<div id=\"attachment_86426\" style=\"width: 608px\" class=\"wp-caption aligncenter\"><a href=\"http:\/\/senoticias.com.br\/se\/wp-content\/uploads\/2015\/11\/fisioterapeuta-e1448556257982.jpg\"><img loading=\"lazy\" decoding=\"async\" aria-describedby=\"caption-attachment-86426\" class=\"size-full wp-image-86426\" alt=\"O sepultamento ocorre nesta quinta-feira, 26, \u00e0s 16h no cemit\u00e9rio de Itabaiana. (Foto: arquivo\/pessoal)\" src=\"http:\/\/senoticias.com.br\/se\/wp-content\/uploads\/2015\/11\/fisioterapeuta-e1448556257982.jpg\" width=\"598\" height=\"449\" \/><\/a><p id=\"caption-attachment-86426\" class=\"wp-caption-text\">O sepultamento ocorre nesta quinta-feira, 26, \u00e0s 16h no cemit\u00e9rio de Itabaiana. (Foto: arquivo\/pessoal)<\/p><\/div>\n<p style=\"text-align: justify;\">Durante o per\u00edodo de interna\u00e7\u00e3o a fam\u00edlia do jovem realizou uma campanha nas redes sociais para conseguir doa\u00e7\u00e3o de sangue, que era essencial para evolu\u00e7\u00e3o do tratamento.<\/p>\n<p style=\"text-align: justify;\">O corpo est\u00e1 sendo velado no velat\u00f3rio Peixoto, em Itabaiana, de onde sair\u00e1, \u00e0s 16h, para ser sepultado no cemit\u00e9rio do bairro Campo Grande, tamb\u00e9m na cidade serrana.<\/p>\n<p style=\"text-align: justify;\"><strong>Acompanhe o SE Not\u00edcias no\u00a0<a href=\"https:\/\/twitter.com\/Senoticias\" target=\"_blank\">Twitter\u00a0<\/a>e no\u00a0<a href=\"https:\/\/www.facebook.com\/PortalSENoticias\/\" target=\"_blank\">Facebook<\/a><\/strong><\/p>\n<p style=\"text-align: justify;\"><em><strong>Informa\u00e7\u00f5es do A8SE.com<\/strong><\/em><\/p>\n","protected":false},"excerpt":{"rendered":"<p>Faleceu na noite dessa quarta-feira (25) o fisioterapeuta Renysson Menezes, 26 anos, que estava internado desde o dia 20 de setembro, quando sofreu um AVC, em consequ\u00eancia de uma s\u00edndrome autoimune. Desde ent\u00e3o ele estava na UTI de um hospital particular de Aracaju. Durante o per\u00edodo de interna\u00e7\u00e3o a fam\u00edlia do jovem realizou uma campanha [&hellip;]<\/p>\n","protected":false},"author":1,"featured_media":86426,"comment_status":"closed","ping_status":"closed","sticky":false,"template":"","format":"standard","meta":{"footnotes":""},"categories":[15,310],"tags":[],"class_list":{"0":"post-86425","1":"post","2":"type-post","3":"status-publish","4":"format-standard","5":"has-post-thumbnail","7":"category-destaques","8":"category-destaques-da-semana"},"_links":{"self":[{"href":"https:\/\/senoticias.com.br\/se\/wp-json\/wp\/v2\/posts\/86425"}],"collection":[{"href":"https:\/\/senoticias.com.br\/se\/wp-json\/wp\/v2\/posts"}],"about":[{"href":"https:\/\/senoticias.com.br\/se\/wp-json\/wp\/v2\/types\/post"}],"author":[{"embeddable":true,"href":"https:\/\/senoticias.com.br\/se\/wp-json\/wp\/v2\/users\/1"}],"replies":[{"embeddable":true,"href":"https:\/\/senoticias.com.br\/se\/wp-json\/wp\/v2\/comments?post=86425"}],"version-history":[{"count":0,"href":"https:\/\/senoticias.com.br\/se\/wp-json\/wp\/v2\/posts\/86425\/revisions"}],"wp:featuredmedia":[{"embeddable":true,"href":"https:\/\/senoticias.com.br\/se\/wp-json\/wp\/v2\/media\/86426"}],"wp:attachment":[{"href":"https:\/\/senoticias.com.br\/se\/wp-json\/wp\/v2\/media?parent=86425"}],"wp:term":[{"taxonomy":"category","embeddable":true,"href":"https:\/\/senoticias.com.br\/se\/wp-json\/wp\/v2\/categories?post=86425"},{"taxonomy":"post_tag","embeddable":true,"href":"https:\/\/senoticias.com.br\/se\/wp-json\/wp\/v2\/tags?post=86425"}],"curies":[{"name":"wp","href":"https:\/\/api.w.org\/{rel}","templated":true}]}}