{"id":86411,"date":"2015-11-25T21:47:34","date_gmt":"2015-11-26T00:47:34","guid":{"rendered":"http:\/\/senoticias.com.br\/se\/?p=86411"},"modified":"2015-11-27T10:19:49","modified_gmt":"2015-11-27T13:19:49","slug":"delegado-suspeito-de-provocar-acidente-e-afastado","status":"publish","type":"post","link":"https:\/\/senoticias.com.br\/se\/delegado-suspeito-de-provocar-acidente-e-afastado\/","title":{"rendered":"Delegado suspeito de provocar acidente \u00e9 afastado"},"content":{"rendered":"<div id=\"attachment_42195\" style=\"width: 230px\" class=\"wp-caption alignleft\"><a href=\"http:\/\/senoticias.com.br\/se\/wp-content\/uploads\/2012\/12\/F\u00e1bio-Santos.jpg\"><img loading=\"lazy\" decoding=\"async\" aria-describedby=\"caption-attachment-42195\" class=\"size-full wp-image-42195\" alt=\"F\u00e1bio Santana fica afastado at\u00e9 que sejam conclu\u00eddas as investiga\u00e7\u00f5es (Foto: arquivo\/SSP\/SE)\" src=\"http:\/\/senoticias.com.br\/se\/wp-content\/uploads\/2012\/12\/F\u00e1bio-Santos.jpg\" width=\"220\" height=\"124\" \/><\/a><p id=\"caption-attachment-42195\" class=\"wp-caption-text\">F\u00e1bio Santana fica afastado at\u00e9 que sejam conclu\u00eddas as investiga\u00e7\u00f5es (Foto: arquivo\/SSP\/SE)<\/p><\/div>\n<p style=\"text-align: justify;\">A Secretaria de Estado da Seguran\u00e7a P\u00fablica anunciou o afastamento das atividades do delegado da Pol\u00edcia Civil F\u00e1bio Santos Santana. Ele \u00e9 suspeito de ter se envolvido em um acidente de tr\u00e2nsito e segundo testemunhas, saiu do local sem prestar socorro as v\u00edtimas.<\/p>\n<p style=\"text-align: justify;\">O acidente ocorreu na madrugada do \u00faltimo domingo, no Bairro Mosqueiro, Zona de Expans\u00e3o de Aracaju.<\/p>\n<p style=\"text-align: justify;\">A Secretaria de Estado da Seguran\u00e7a P\u00fablica de Sergipe, em sintonia com os princ\u00edpios constitucionais da legalidade, da impessoalidade e da moralidade, vem perante toda a sociedade sergipana para REAFIRMAR seu compromisso com a busca da verdade, no que toca ao acidente automobil\u00edstico que teria envolvido um Delegado de Pol\u00edcia Civil da SSP\/SE.<\/p>\n<p style=\"text-align: justify;\"><em><strong>NOTA DE ESCLARECIMENTO<\/strong><\/em><\/p>\n<p style=\"text-align: justify;\"><em>Nesse diapas\u00e3o, o Secret\u00e1rio da Seguran\u00e7a P\u00fablica determinou ao Delegado-Geral de Pol\u00edcia que, nos termos da Lei Estadual 4.364\/01, promova o afastamento cautelar do referido Delegado de Pol\u00edcia e de todas as suas atividades, at\u00e9 a finaliza\u00e7\u00e3o do procedimento que corre na Corregedoria-Geral. Com efeito, embora todo o procedimento j\u00e1 viesse tramitando normalmente, com oitivas de testemunhas e coleta de demais provas necess\u00e1rias ao correto deslinde do fato, \u00e9 prioridade do Governo do Estado evidenciar para a popula\u00e7\u00e3o que toda investiga\u00e7\u00e3o que diga respeito a um servidor p\u00fablico deva transcorrer de maneira absolutamente imparcial e isenta. <\/em><\/p>\n<p style=\"text-align: justify;\"><em>Afinal, a Secretaria da Seguran\u00e7a P\u00fablica deixa claro que, findo o procedimento e comprovada a exist\u00eancia de quaisquer esp\u00e9cies de dano, os respons\u00e1veis pelo fato arcar\u00e3o diretamente com os preju\u00edzos causados.<\/em><\/p>\n<p style=\"text-align: justify;\"><i><b><strong>Acompanhe o SE Not\u00edcias no\u00a0<a href=\"https:\/\/twitter.com\/Senoticias\" target=\"_blank\">Twitter\u00a0<\/a>e no\u00a0<a href=\"https:\/\/www.facebook.com\/PortalSENoticias\/\" target=\"_blank\">Facebook<\/a><\/strong><\/b><\/i><\/p>\n<p><em><b>SSP\/SE com informa\u00e7\u00f5es do G1SE<\/b><strong><\/strong><\/em><\/p>\n","protected":false},"excerpt":{"rendered":"<p>A Secretaria de Estado da Seguran\u00e7a P\u00fablica anunciou o afastamento das atividades do delegado da Pol\u00edcia Civil F\u00e1bio Santos Santana. Ele \u00e9 suspeito de ter se envolvido em um acidente de tr\u00e2nsito e segundo testemunhas, saiu do local sem prestar socorro as v\u00edtimas. O acidente ocorreu na madrugada do \u00faltimo domingo, no Bairro Mosqueiro, Zona [&hellip;]<\/p>\n","protected":false},"author":1,"featured_media":42195,"comment_status":"closed","ping_status":"closed","sticky":false,"template":"","format":"standard","meta":{"footnotes":""},"categories":[7],"tags":[],"class_list":{"0":"post-86411","1":"post","2":"type-post","3":"status-publish","4":"format-standard","5":"has-post-thumbnail","7":"category-policia"},"_links":{"self":[{"href":"https:\/\/senoticias.com.br\/se\/wp-json\/wp\/v2\/posts\/86411"}],"collection":[{"href":"https:\/\/senoticias.com.br\/se\/wp-json\/wp\/v2\/posts"}],"about":[{"href":"https:\/\/senoticias.com.br\/se\/wp-json\/wp\/v2\/types\/post"}],"author":[{"embeddable":true,"href":"https:\/\/senoticias.com.br\/se\/wp-json\/wp\/v2\/users\/1"}],"replies":[{"embeddable":true,"href":"https:\/\/senoticias.com.br\/se\/wp-json\/wp\/v2\/comments?post=86411"}],"version-history":[{"count":0,"href":"https:\/\/senoticias.com.br\/se\/wp-json\/wp\/v2\/posts\/86411\/revisions"}],"wp:featuredmedia":[{"embeddable":true,"href":"https:\/\/senoticias.com.br\/se\/wp-json\/wp\/v2\/media\/42195"}],"wp:attachment":[{"href":"https:\/\/senoticias.com.br\/se\/wp-json\/wp\/v2\/media?parent=86411"}],"wp:term":[{"taxonomy":"category","embeddable":true,"href":"https:\/\/senoticias.com.br\/se\/wp-json\/wp\/v2\/categories?post=86411"},{"taxonomy":"post_tag","embeddable":true,"href":"https:\/\/senoticias.com.br\/se\/wp-json\/wp\/v2\/tags?post=86411"}],"curies":[{"name":"wp","href":"https:\/\/api.w.org\/{rel}","templated":true}]}}