{"id":86320,"date":"2015-11-23T17:24:35","date_gmt":"2015-11-23T20:24:35","guid":{"rendered":"http:\/\/senoticias.com.br\/se\/?p=86320"},"modified":"2015-11-24T17:36:54","modified_gmt":"2015-11-24T20:36:54","slug":"tre-pede-cassacao-do-mandato-de-paulinho-das-varzinha","status":"publish","type":"post","link":"https:\/\/senoticias.com.br\/se\/tre-pede-cassacao-do-mandato-de-paulinho-das-varzinha\/","title":{"rendered":"TRE cassa mandato de Paulinho das Varzinhas"},"content":{"rendered":"<p style=\"text-align: justify;\"><strong><em>\u00a0<\/em><\/strong><\/p>\n<div id=\"attachment_40280\" style=\"width: 280px\" class=\"wp-caption alignright\"><a href=\"http:\/\/senoticias.com.br\/se\/wp-content\/uploads\/2012\/10\/Paulinho-da-Varzinhas.jpg\"><img loading=\"lazy\" decoding=\"async\" aria-describedby=\"caption-attachment-40280\" class=\"size-full wp-image-40280\" alt=\"Ele \u00e9 acusado de desvio de verbas e participar de 'lavagem'. (Foto: Reprodu\u00e7\u00e3o\/Alese)\" src=\"http:\/\/senoticias.com.br\/se\/wp-content\/uploads\/2012\/10\/Paulinho-da-Varzinhas.jpg\" width=\"270\" height=\"364\" srcset=\"https:\/\/senoticias.com.br\/se\/wp-content\/uploads\/2012\/10\/Paulinho-da-Varzinhas.jpg 270w, https:\/\/senoticias.com.br\/se\/wp-content\/uploads\/2012\/10\/Paulinho-da-Varzinhas-222x300.jpg 222w\" sizes=\"(max-width: 270px) 100vw, 270px\" \/><\/a><p id=\"caption-attachment-40280\" class=\"wp-caption-text\">Paulinho \u00e9 acusado de desvio de verbas e participar de &#8216;lavagem&#8217;. (Foto: Reprodu\u00e7\u00e3o\/Alese)<\/p><\/div>\n<p style=\"text-align: justify;\" align=\"left\"><span style=\"font-family: Verdana, sans-serif;\"><span>No terceiro dia de julgamento do caso das verbas de subven\u00e7\u00e3o de Assembleia Legislativa de Sergipe, o Tribunal Regional Eleitoral de Sergipe (TRE\/SE) condenou o deputado Paulo Hagenbeck Filho, o Paulinho das Varzinhas, \u00e0 perda do mandato e ao pagamento da multa m\u00e1xima prevista em lei, de R$ 106.410.<\/span><\/span><\/p>\n<p style=\"text-align: justify;\" align=\"left\"><span style=\"font-family: Verdana, sans-serif;\"><span>A condena\u00e7\u00e3o, por unanimidade, acompanha o entendimento da Procuradoria Regional Eleitoral. A perda do mandato tem como consequ\u00eancia, tamb\u00e9m, a inelegibilidade de Hagenbeck Filho por oito anos, de acordo com a Lei da Ficha Limpa.<\/span><\/span><\/p>\n<p style=\"text-align: justify;\" align=\"left\"><span style=\"font-family: Verdana, sans-serif;\"><span>Esta \u00e9 a segunda cassa\u00e7\u00e3o de mandato resultante da investiga\u00e7\u00e3o de desvios de recursos da Alese. Na sexta-feira (20), o TRE cassou o diploma de Augusto Bezerra. Ainda existem outros 11 processos com pedido de cassa\u00e7\u00e3o de mandato e quatro com pedido de reconhecimento da inelegibilidade de ex-deputados que n\u00e3o possuem mandatos hoje e, por isso, n\u00e3o podem ter mandatos cassados.<\/span><\/span><\/p>\n<p style=\"text-align: justify;\" align=\"left\"><span style=\"font-family: Verdana, sans-serif;\"><span><b>Desvios\u00a0<\/b>&#8211; Na investiga\u00e7\u00e3o do Minist\u00e9rio P\u00fablico Eleitoral, foram analisados os repasses feitos por Paulo Hagenbeck Filho \u00e0 Associa\u00e7\u00e3o dos Moradores e Amigos do Conjunto Veneza (Amanova) e \u00e0 Associa\u00e7\u00e3o Sergipana dos Produtores de Eventos (ASPE) e ficou demonstrado que o deputado agiu ativamente para montar um esquema de desvios dos recursos da Alese.<\/span><\/span><\/p>\n<p style=\"text-align: justify;\" align=\"left\"><span style=\"font-family: Verdana, sans-serif;\"><span>No caso da Amanova, o esquema era operado por Nollet Feitosa, que sacava cheques da associa\u00e7\u00e3o na boca do caixa e entregava os recursos a uma assessora de Paulinho das Varzinhas, no gabinete do deputado. Para garantir a \u201cseguran\u00e7a\u201d da transa\u00e7\u00e3o, Feitosa tirava fotos da assessora contando o dinheiro dentro de sala da pr\u00f3pria Assembleia, imagens que foram apresentadas \u00e0 Justi\u00e7a.<\/span><\/span><\/p>\n<p style=\"text-align: justify;\" align=\"left\"><span style=\"font-family: Verdana, sans-serif;\"><span>J\u00e1 no caso da Aspe, os recursos era movimentados entre diversas contas de empresas controladas por um mesmo grupo empresarial, no claro objetivo de dificultar o rastreamento dos valores, e de realizar opera\u00e7\u00f5es de lavagem de dinheiro.<\/span><\/span><\/p>\n<p style=\"text-align: justify;\" align=\"left\"><span style=\"font-family: Verdana, sans-serif;\"><span>Em seu voto, o juiz relator Fernando Escrivani destacou que, no caso da Amanova, fica flagrante a inten\u00e7\u00e3o de desvio de recursos ao repassar R$ 1,085 milh\u00e3o para uma institui\u00e7\u00e3o nanica. J\u00e1 no caso da Aspe, houve uma movimenta\u00e7\u00e3o t\u00edpica de lavagem dinheiro entre as empresas.<\/span><\/span><\/p>\n<p style=\"text-align: justify;\" align=\"left\"><span style=\"font-family: Verdana, sans-serif;\"><span><b>Multas<\/b>\u00a0&#8211; Nos outros dois julgamentos realizados nesta sexta-feira, o TRE\/SE condenou os deputados Francisco Gualberto e Garibalde Mendon\u00e7a a pagamento de multa de R$ 40 mil, a mesma pena aplicada na quinta-feira e na sexta-feira aos deputados Ant\u00f4nio dos Santose Concei\u00e7\u00e3o Vieira e ao Arnaldo Bispo. As condena\u00e7\u00f5es, decididas unanimidade pelo pleno do Tribunal, seguem, segundo o juiz relator, o princ\u00edpio da isonomia, e concordam com a tese do Minist\u00e9rio P\u00fablico.<\/span><\/span><\/p>\n<p style=\"text-align: justify;\"><strong>Acompanhe o SE Not\u00edcias no\u00a0<a href=\"https:\/\/twitter.com\/Senoticias\" target=\"_blank\">Twitter\u00a0<\/a>e no\u00a0<a href=\"https:\/\/www.facebook.com\/PortalSENoticias\/\" target=\"_blank\">Facebook<\/a><\/strong><\/p>\n<p style=\"text-align: justify;\"><em><strong>Assessoria de Comunica\u00e7\u00e3o<\/strong><\/em><br \/>\n<em><strong><span style=\"font-family: Verdana, sans-serif;\"><span style=\"font-size: small;\">Minist\u00e9rio P\u00fablico Federal em Sergipe<\/span><\/span><\/strong><\/em><\/p>\n","protected":false},"excerpt":{"rendered":"<p>\u00a0 No terceiro dia de julgamento do caso das verbas de subven\u00e7\u00e3o de Assembleia Legislativa de Sergipe, o Tribunal Regional Eleitoral de Sergipe (TRE\/SE) condenou o deputado Paulo Hagenbeck Filho, o Paulinho das Varzinhas, \u00e0 perda do mandato e ao pagamento da multa m\u00e1xima prevista em lei, de R$ 106.410. A condena\u00e7\u00e3o, por unanimidade, acompanha [&hellip;]<\/p>\n","protected":false},"author":1,"featured_media":40280,"comment_status":"closed","ping_status":"closed","sticky":false,"template":"","format":"standard","meta":{"footnotes":""},"categories":[6],"tags":[],"class_list":{"0":"post-86320","1":"post","2":"type-post","3":"status-publish","4":"format-standard","5":"has-post-thumbnail","7":"category-politica"},"_links":{"self":[{"href":"https:\/\/senoticias.com.br\/se\/wp-json\/wp\/v2\/posts\/86320"}],"collection":[{"href":"https:\/\/senoticias.com.br\/se\/wp-json\/wp\/v2\/posts"}],"about":[{"href":"https:\/\/senoticias.com.br\/se\/wp-json\/wp\/v2\/types\/post"}],"author":[{"embeddable":true,"href":"https:\/\/senoticias.com.br\/se\/wp-json\/wp\/v2\/users\/1"}],"replies":[{"embeddable":true,"href":"https:\/\/senoticias.com.br\/se\/wp-json\/wp\/v2\/comments?post=86320"}],"version-history":[{"count":0,"href":"https:\/\/senoticias.com.br\/se\/wp-json\/wp\/v2\/posts\/86320\/revisions"}],"wp:featuredmedia":[{"embeddable":true,"href":"https:\/\/senoticias.com.br\/se\/wp-json\/wp\/v2\/media\/40280"}],"wp:attachment":[{"href":"https:\/\/senoticias.com.br\/se\/wp-json\/wp\/v2\/media?parent=86320"}],"wp:term":[{"taxonomy":"category","embeddable":true,"href":"https:\/\/senoticias.com.br\/se\/wp-json\/wp\/v2\/categories?post=86320"},{"taxonomy":"post_tag","embeddable":true,"href":"https:\/\/senoticias.com.br\/se\/wp-json\/wp\/v2\/tags?post=86320"}],"curies":[{"name":"wp","href":"https:\/\/api.w.org\/{rel}","templated":true}]}}