{"id":86318,"date":"2015-11-23T16:48:10","date_gmt":"2015-11-23T19:48:10","guid":{"rendered":"http:\/\/senoticias.com.br\/se\/?p=86318"},"modified":"2015-11-24T17:06:46","modified_gmt":"2015-11-24T20:06:46","slug":"grupamento-tatico-de-motos-da-pm-se-instalara-em-itabaiana-com-60-motocicletas","status":"publish","type":"post","link":"https:\/\/senoticias.com.br\/se\/grupamento-tatico-de-motos-da-pm-se-instalara-em-itabaiana-com-60-motocicletas\/","title":{"rendered":"Getam se instalar\u00e1 em Itabaiana com 60 motocicletas"},"content":{"rendered":"<p style=\"text-align: justify;\">O Grupamento Especial T\u00e1tico de Motos (Getam) ter\u00e1 uma base no munic\u00edpio de Itabaiana. O im\u00f3vel j\u00e1 foi alugado e est\u00e1 sendo adaptado para receber policiais e equipamentos. Atrav\u00e9s do investimento total de R$ 1,7 milh\u00e3o vindo do Proinveste, o Governo do Estado promove processo licitat\u00f3rio para aquisi\u00e7\u00e3o de 47 novas motocicletas, a serem empregadas no policiamento dos munic\u00edpios com maior registro de crimes. O objetivo da interioriza\u00e7\u00e3o \u00e9 ampliar a mobilidade e intensificar a a\u00e7\u00e3o da PM, possibilitando, assim, redu\u00e7\u00e3o do n\u00famero de delitos. No total, 60 motocicletas v\u00e3o refor\u00e7ar a seguran\u00e7a nos munic\u00edpios.<\/p>\n<div id=\"attachment_68053\" style=\"width: 600px\" class=\"wp-caption aligncenter\"><a href=\"http:\/\/senoticias.com.br\/se\/wp-content\/uploads\/2014\/08\/Getam-marcio-garcez.jpg\"><img loading=\"lazy\" decoding=\"async\" aria-describedby=\"caption-attachment-68053\" class=\"size-full wp-image-68053\" alt=\"Grupamento Especial T\u00e1ticos de Motocicletas (Getam) da Pol\u00edcia Militar. (Foto: SSP\/SE)\" src=\"http:\/\/senoticias.com.br\/se\/wp-content\/uploads\/2014\/08\/Getam-marcio-garcez.jpg\" width=\"590\" height=\"391\" srcset=\"https:\/\/senoticias.com.br\/se\/wp-content\/uploads\/2014\/08\/Getam-marcio-garcez.jpg 590w, https:\/\/senoticias.com.br\/se\/wp-content\/uploads\/2014\/08\/Getam-marcio-garcez-300x198.jpg 300w, https:\/\/senoticias.com.br\/se\/wp-content\/uploads\/2014\/08\/Getam-marcio-garcez-342x226.jpg 342w\" sizes=\"(max-width: 590px) 100vw, 590px\" \/><\/a><p id=\"caption-attachment-68053\" class=\"wp-caption-text\">Grupamento Especial T\u00e1ticos de Motocicletas (Getam) da Pol\u00edcia Militar. (Foto: arquivo\/SSP\/SE)<\/p><\/div>\n<p style=\"text-align: justify;\">A instala\u00e7\u00e3o do Getam no interior de Sergipe vai proporcionar que as a\u00e7\u00f5es policiais sejam aprimoradas a partir da doutrina de policiamento do Grupamento, norteada por um trabalho din\u00e2mico e vers\u00e1til, que atende a diferentes tipos de ocorr\u00eancia em pequenos espa\u00e7os de tempo.<\/p>\n<p style=\"text-align: justify;\">De acordo com o comandante geral da PM, coronel Iunes, haver\u00e1 soma de esfor\u00e7os para combater o crime. \u201cOs profissionais do Getam ser\u00e3o qualificados para atuar no interior conforme as mesmas modalidade e doutrina do policiamento utilizado na capital. Ser\u00e1 destinada parte dos novos policiais em forma\u00e7\u00e3o e parte dos que j\u00e1 t\u00eam experi\u00eancia\u201d, comentou.<\/p>\n<p style=\"text-align: justify;\">Iunes ainda disse que estar\u00e3o dispon\u00edveis aproximadamente 60 motocicletas para atuar no interior. \u201cA facilidade de operacionalidade do Getam \u00e9 muito grande. A postura e doutrina adotada pela unidade s\u00e3o muito positivas, e realmente o trabalho deles tem demonstrado efici\u00eancia atrav\u00e9s de nossas estat\u00edsticas\u201d, complementou.<\/p>\n<p style=\"text-align: justify;\">A compra de novos Equipamentos de Prote\u00e7\u00e3o Individual (EPI) tamb\u00e9m \u00e9 uma preocupa\u00e7\u00e3o do Grupamento Especial T\u00e1tico de Motos. Segundo seu subcomandante, capit\u00e3o Marcos Wenner Ferreira, est\u00e3o sendo solicitadas 120 pe\u00e7as, incluindo uniformes e apetrechos de prote\u00e7\u00e3o, como capacetes, joelheiras e cotoveleiras.<\/p>\n<p style=\"text-align: justify;\"><strong>Atua\u00e7\u00e3o<\/strong><\/p>\n<p style=\"text-align: justify;\">\u201cNossa maior miss\u00e3o \u00e9 combater os delitos nos quais suspeitos usam motos, devido \u00e0 facilidade de fuga no tr\u00e2nsito. Mas tamb\u00e9m atuamos em outras frentes, como na abordagem de ve\u00edculos e transeuntes\u201d, explicou Marcos Wenner. Com nove guarni\u00e7\u00f5es, contendo quatro policiais em cada, o Grupamento age atualmente em toda Grande Aracaju. Al\u00e9m de atender a chamados do Centro Integrado de Opera\u00e7\u00f5es em Seguran\u00e7a P\u00fablica (Ciosp), o Getam conta com n\u00facleo de intelig\u00eancia, que faz levantamento de informa\u00e7\u00f5es recebidas sobre drogas, ve\u00edculos roubados e desmanches.<\/p>\n<p style=\"text-align: justify;\">\u201cAcredito que o destaque do Getam est\u00e1 associado ao tempo-reposta muito baixo devido \u00e0 mobilidade e ao tempo entre o chamado e abordagem. Com o tr\u00e2nsito ca\u00f3tico de hoje, a guarni\u00e7\u00e3o consegue passar com rapidez e chegar com tempo baixo na ocorr\u00eancia. N\u00f3s temos credibilidade muito grande entre a sociedade, que confia muito por conta do nosso resultado, trabalho s\u00e9rio e a\u00e7\u00e3o en\u00e9rgica\u201d, destacou o subcomandante.<\/p>\n<p style=\"text-align: justify;\">Com presen\u00e7a constante nas ruas da Grande Aracaju, o taxista Ant\u00f4nio Alves visualiza a atua\u00e7\u00e3o do Grupamento e afirma que esse realiza um \u00f3timo trabalho. \u201cO Getam para mim \u00e9 pol\u00edcia n\u00famero um do Estado. Seus profissionais s\u00e3o atuantes e realizam muitas abordagens policiais. \u00c9 pol\u00edcia de qualidade, com treinamento diferenciado e que tem credibilidade com a popula\u00e7\u00e3o\u201d, ressaltou.<\/p>\n<p style=\"text-align: justify;\">Para Marcos Wenner, a atua\u00e7\u00e3o da pol\u00edcia \u00e9 forte e, em 17 anos de profiss\u00e3o, este \u00e9 o per\u00edodo em que a categoria mais atuou em Sergipe. Ele ainda diz que se sente satisfeito por fazer parte do Getam. \u201cO pessoal \u00e9 dedicado, empenhado e profissional no que faz, n\u00e3o \u00e9 a toa que temos credibilidade com a sociedade devido ao bom desempenho. \u00c9 impressionante como as pessoas nos buscam e se sentem seguras em passar informa\u00e7\u00f5es\u201d, finalizou.<\/p>\n<p style=\"text-align: justify;\"><strong>Estrutura<\/strong><\/p>\n<p style=\"text-align: justify;\">O Grupamento Especial T\u00e1tico de Motos foi criado no dia 9 de junho de 2009 com a miss\u00e3o de prevenir e repreender delitos, fiscalizar o tr\u00e2nsito, al\u00e9m de promover escolta e seguran\u00e7a de dignit\u00e1rios. A tropa \u00e9 composta atualmente por 105 policiais militares.<\/p>\n<p style=\"text-align: justify;\">Em fun\u00e7\u00e3o da natureza da sua miss\u00e3o, a unidade especial conta com uma pol\u00edtica de treinamento cont\u00ednuo de seus integrantes, seja para aperfei\u00e7oamento f\u00edsico quanto t\u00e9cnico. Al\u00e9m de aulas de educa\u00e7\u00e3o f\u00edsica militar e defesa pessoal, o efetivo participa de treinamentos de doutrina operacional; pilotagem de alto risco; progress\u00e3o t\u00e1tica; doutrina de escolta, seguran\u00e7a e policiamento de tr\u00e2nsito.<\/p>\n<p style=\"text-align: justify;\">Atualmente, o Getam tem 54 motocicletas Yamaha\/XT 660cc, totalmente adaptadas e equipadas para a realiza\u00e7\u00e3o do patrulhamento ostensivo, realizado em guarni\u00e7\u00f5es especiais, constitu\u00eddas por quatro policiais especializados, embarcados em tr\u00eas motocicletas, contando com a seguran\u00e7a proporcionada por um policial na garupa, dotado de armamento longo de emprego coletivo.<\/p>\n<p style=\"text-align: justify;\">O Grupamento conta, ainda, com 14 motocicletas Yamaha\/Lander 250cc, utilizadas no treinamento t\u00e9cnico de pilotagem avan\u00e7ada dos seus integrantes, que precisam dominar completamente o equipamento e o armamento, a fim de cumprir a miss\u00f5es com efic\u00e1cia.<\/p>\n<p style=\"text-align: justify;\"><strong>Acompanhe o SE Not\u00edcias no\u00a0<a href=\"https:\/\/twitter.com\/Senoticias\" target=\"_blank\">Twitter\u00a0<\/a>e no\u00a0<a href=\"https:\/\/www.facebook.com\/PortalSENoticias\/\" target=\"_blank\">Facebook<\/a><\/strong><\/p>\n<p style=\"text-align: justify;\"><em><strong>Ascom\/PM\/SE<\/strong><\/em><\/p>\n<p style=\"text-align: justify;\">\n","protected":false},"excerpt":{"rendered":"<p>O Grupamento Especial T\u00e1tico de Motos (Getam) ter\u00e1 uma base no munic\u00edpio de Itabaiana. O im\u00f3vel j\u00e1 foi alugado e est\u00e1 sendo adaptado para receber policiais e equipamentos. Atrav\u00e9s do investimento total de R$ 1,7 milh\u00e3o vindo do Proinveste, o Governo do Estado promove processo licitat\u00f3rio para aquisi\u00e7\u00e3o de 47 novas motocicletas, a serem empregadas [&hellip;]<\/p>\n","protected":false},"author":1,"featured_media":68053,"comment_status":"closed","ping_status":"closed","sticky":false,"template":"","format":"standard","meta":{"footnotes":""},"categories":[7,1],"tags":[],"class_list":{"0":"post-86318","1":"post","2":"type-post","3":"status-publish","4":"format-standard","5":"has-post-thumbnail","7":"category-policia","8":"category-sem-categoria"},"_links":{"self":[{"href":"https:\/\/senoticias.com.br\/se\/wp-json\/wp\/v2\/posts\/86318"}],"collection":[{"href":"https:\/\/senoticias.com.br\/se\/wp-json\/wp\/v2\/posts"}],"about":[{"href":"https:\/\/senoticias.com.br\/se\/wp-json\/wp\/v2\/types\/post"}],"author":[{"embeddable":true,"href":"https:\/\/senoticias.com.br\/se\/wp-json\/wp\/v2\/users\/1"}],"replies":[{"embeddable":true,"href":"https:\/\/senoticias.com.br\/se\/wp-json\/wp\/v2\/comments?post=86318"}],"version-history":[{"count":0,"href":"https:\/\/senoticias.com.br\/se\/wp-json\/wp\/v2\/posts\/86318\/revisions"}],"wp:featuredmedia":[{"embeddable":true,"href":"https:\/\/senoticias.com.br\/se\/wp-json\/wp\/v2\/media\/68053"}],"wp:attachment":[{"href":"https:\/\/senoticias.com.br\/se\/wp-json\/wp\/v2\/media?parent=86318"}],"wp:term":[{"taxonomy":"category","embeddable":true,"href":"https:\/\/senoticias.com.br\/se\/wp-json\/wp\/v2\/categories?post=86318"},{"taxonomy":"post_tag","embeddable":true,"href":"https:\/\/senoticias.com.br\/se\/wp-json\/wp\/v2\/tags?post=86318"}],"curies":[{"name":"wp","href":"https:\/\/api.w.org\/{rel}","templated":true}]}}