{"id":86314,"date":"2015-11-23T16:05:08","date_gmt":"2015-11-23T19:05:08","guid":{"rendered":"http:\/\/senoticias.com.br\/se\/?p=86314"},"modified":"2015-11-24T16:54:01","modified_gmt":"2015-11-24T19:54:01","slug":"justica-decide-pela-reintegracao-de-pm-acusado-de-estupro","status":"publish","type":"post","link":"https:\/\/senoticias.com.br\/se\/justica-decide-pela-reintegracao-de-pm-acusado-de-estupro\/","title":{"rendered":"Justi\u00e7a decide pela reintegra\u00e7\u00e3o de PM acusado de estupro"},"content":{"rendered":"<p style=\"text-align: justify;\"><strong>\u00a0<em>Por C\u00e1ssia Santana, Portal Infonet*<\/em><\/strong><\/p>\n<p style=\"text-align: justify;\">O juiz Anselmo de Oliveira, do Juizado Especial da Fazenda P\u00fablica, decidiu pela reintegra\u00e7\u00e3o e reforma [aposentadoria] do policial militar Jos\u00e9 Hademucles Gois da Silva, acusado pela pr\u00e1tica de estupro contra duas mulheres: uma seria a m\u00e3e da outra v\u00edtima, respectivamente com 54 e 21 anos de idade \u00e0 \u00e9poca em que ocorreu a <a href=\"http:\/\/www.infonet.com.br\/cidade\/ler.asp?id=102872\" target=\"_blank\"><strong>den\u00fancia, no ano de 2010<\/strong><\/a>.<\/p>\n<div id=\"attachment_86316\" style=\"width: 608px\" class=\"wp-caption aligncenter\"><a href=\"http:\/\/senoticias.com.br\/se\/wp-content\/uploads\/2015\/11\/colch\u00e3o-e1448305170367.jpg\"><img loading=\"lazy\" decoding=\"async\" aria-describedby=\"caption-attachment-86316\" class=\"size-full wp-image-86316\" alt=\"Mulher teria sido  estuprada sobre o colch\u00e3o que estava no segundo quarto\" src=\"http:\/\/senoticias.com.br\/se\/wp-content\/uploads\/2015\/11\/colch\u00e3o-e1448305170367.jpg\" width=\"598\" height=\"449\" \/><\/a><p id=\"caption-attachment-86316\" class=\"wp-caption-text\">Mulher teria sido estuprada sobre o colch\u00e3o que estava no segundo quarto. (Foto: arquivo\/Infonet)<\/p><\/div>\n<p style=\"text-align: justify;\">O juiz Anselmo de Oliveira acatou os argumentos alegados pela defesa de que o policial teria sido acometido por doen\u00e7a grave, que teria sido contra\u00edda durante a atividade policial. O advogado que atua na defesa, Cristian Cruz, informou que o policial Hademucles sofreu um acidente durante uma persegui\u00e7\u00e3o policial. Neste acidente, segundo o advogado, o PM fraturou a perna e \u201cteve um problema grav\u00edssimo, s\u00e9rio e raro no joelho\u201d.<\/p>\n<p style=\"text-align: justify;\">Conforme o advogado, o policial deveria ter sido reformado [aposentado] desde o ano de 2009 e que, administrativamente, o comando da Pol\u00edcia Militar cometeu erros, que impediram que o policial fosse colocado na inatividade. O advogado n\u00e3o entra no m\u00e9rito da acusa\u00e7\u00e3o de estupro, cujo processo ainda est\u00e1 em tramita\u00e7\u00e3o. Mas garante que um outro advogado est\u00e1 tratando da defesa opinando pela inoc\u00eancia do policial militar.<\/p>\n<p style=\"text-align: justify;\">O comando geral da Pol\u00edcia Militar ainda n\u00e3o foi notificado sobre a decis\u00e3o do juiz Anselmo de Oliveira. O tenente-coronel Paulo C\u00e9sar Paiva, chefe da PM5 [o setor respons\u00e1vel pela comunica\u00e7\u00e3o social da corpora\u00e7\u00e3o] lamentou \u201cprofundamente\u201d a decis\u00e3o e informou que, se tratando de determina\u00e7\u00e3o judicial, todos os quesitos ser\u00e3o cumpridos.<\/p>\n<p style=\"text-align: justify;\"><strong>Acompanhe o SE Not\u00edcias no\u00a0<a href=\"https:\/\/twitter.com\/Senoticias\" target=\"_blank\">Twitter\u00a0<\/a>e no\u00a0<a href=\"https:\/\/www.facebook.com\/PortalSENoticias\/\" target=\"_blank\">Facebook<\/a><\/strong><\/p>\n<p style=\"text-align: justify;\"><em><strong>Mat\u00e9ria postada originalmente por\u00a0C\u00e1ssia Santana, no <a href=\"http:\/\/www.infonet.com.br\/cidade\/ler.asp?id=179982&amp;pagina=1\" target=\"_blank\">Portal Infonet<\/a><\/strong><\/em><\/p>\n<p>&nbsp;<\/p>\n<p>&nbsp;<\/p>\n","protected":false},"excerpt":{"rendered":"<p>\u00a0Por C\u00e1ssia Santana, Portal Infonet* O juiz Anselmo de Oliveira, do Juizado Especial da Fazenda P\u00fablica, decidiu pela reintegra\u00e7\u00e3o e reforma [aposentadoria] do policial militar Jos\u00e9 Hademucles Gois da Silva, acusado pela pr\u00e1tica de estupro contra duas mulheres: uma seria a m\u00e3e da outra v\u00edtima, respectivamente com 54 e 21 anos de idade \u00e0 \u00e9poca [&hellip;]<\/p>\n","protected":false},"author":1,"featured_media":86316,"comment_status":"closed","ping_status":"closed","sticky":false,"template":"","format":"standard","meta":{"footnotes":""},"categories":[310,7],"tags":[],"class_list":{"0":"post-86314","1":"post","2":"type-post","3":"status-publish","4":"format-standard","5":"has-post-thumbnail","7":"category-destaques-da-semana","8":"category-policia"},"_links":{"self":[{"href":"https:\/\/senoticias.com.br\/se\/wp-json\/wp\/v2\/posts\/86314"}],"collection":[{"href":"https:\/\/senoticias.com.br\/se\/wp-json\/wp\/v2\/posts"}],"about":[{"href":"https:\/\/senoticias.com.br\/se\/wp-json\/wp\/v2\/types\/post"}],"author":[{"embeddable":true,"href":"https:\/\/senoticias.com.br\/se\/wp-json\/wp\/v2\/users\/1"}],"replies":[{"embeddable":true,"href":"https:\/\/senoticias.com.br\/se\/wp-json\/wp\/v2\/comments?post=86314"}],"version-history":[{"count":0,"href":"https:\/\/senoticias.com.br\/se\/wp-json\/wp\/v2\/posts\/86314\/revisions"}],"wp:featuredmedia":[{"embeddable":true,"href":"https:\/\/senoticias.com.br\/se\/wp-json\/wp\/v2\/media\/86316"}],"wp:attachment":[{"href":"https:\/\/senoticias.com.br\/se\/wp-json\/wp\/v2\/media?parent=86314"}],"wp:term":[{"taxonomy":"category","embeddable":true,"href":"https:\/\/senoticias.com.br\/se\/wp-json\/wp\/v2\/categories?post=86314"},{"taxonomy":"post_tag","embeddable":true,"href":"https:\/\/senoticias.com.br\/se\/wp-json\/wp\/v2\/tags?post=86314"}],"curies":[{"name":"wp","href":"https:\/\/api.w.org\/{rel}","templated":true}]}}