{"id":86312,"date":"2015-11-23T15:19:53","date_gmt":"2015-11-23T18:19:53","guid":{"rendered":"http:\/\/senoticias.com.br\/se\/?p=86312"},"modified":"2015-11-23T15:39:03","modified_gmt":"2015-11-23T18:39:03","slug":"valadares-condena-transparencia-da-prefeitura-de-aracaju","status":"publish","type":"post","link":"https:\/\/senoticias.com.br\/se\/valadares-condena-transparencia-da-prefeitura-de-aracaju\/","title":{"rendered":"Valadares condena transpar\u00eancia da Prefeitura de Aracaju"},"content":{"rendered":"<div id=\"attachment_86315\" style=\"width: 346px\" class=\"wp-caption alignright\"><a href=\"http:\/\/senoticias.com.br\/se\/wp-content\/uploads\/2015\/11\/transpar\u00eancia.jpg\"><img loading=\"lazy\" decoding=\"async\" aria-describedby=\"caption-attachment-86315\" class=\"size-full wp-image-86315\" alt=\"Valadares Filho condena transpar\u00eancia da Prefeitura de Aracaju (Foto: Reprodu\u00e7\u00e3o\/Net)\" src=\"http:\/\/senoticias.com.br\/se\/wp-content\/uploads\/2015\/11\/transpar\u00eancia.jpg\" width=\"336\" height=\"255\" srcset=\"https:\/\/senoticias.com.br\/se\/wp-content\/uploads\/2015\/11\/transpar\u00eancia.jpg 336w, https:\/\/senoticias.com.br\/se\/wp-content\/uploads\/2015\/11\/transpar\u00eancia-300x227.jpg 300w, https:\/\/senoticias.com.br\/se\/wp-content\/uploads\/2015\/11\/transpar\u00eancia-60x45.jpg 60w, https:\/\/senoticias.com.br\/se\/wp-content\/uploads\/2015\/11\/transpar\u00eancia-150x113.jpg 150w\" sizes=\"(max-width: 336px) 100vw, 336px\" \/><\/a><p id=\"caption-attachment-86315\" class=\"wp-caption-text\">Valadares Filho condena transpar\u00eancia da Prefeitura de Aracaju (Foto: Reprodu\u00e7\u00e3o\/Net)<\/p><\/div>\n<p style=\"text-align: justify;\">Atrav\u00e9s das suas redes sociais, o deputado federal Valadares Filho (PSB) criticou o p\u00e9ssimo desempenho obtido pela Prefeitura de Aracaju na segunda edi\u00e7\u00e3o da Escala Brasil Transparente (EBT), elaborada pela Controladoria-Geral da Uni\u00e3o (CGU). Divulgado na sexta-feira, 20, o \u00edndice mede o grau de transpar\u00eancia p\u00fablica em Estados e munic\u00edpios brasileiros quanto ao cumprimento \u00e0s normas da Lei de Acesso \u00e0 Informa\u00e7\u00e3o (LAI).<\/p>\n<p style=\"text-align: justify;\">Aracaju ficou em pen\u00faltimo lugar, com nota 2,22, \u00e0 frente apenas de Porto Velho (RO).<\/p>\n<p style=\"text-align: justify;\">\u201cMais uma vez a Prefeitura de Aracaju aparece entre as piores capitais do pa\u00eds no que se refere \u00e0 transpar\u00eancia p\u00fablica. Em maio, um ranking elaborado pela Associa\u00e7\u00e3o Contas Abertas, que visa estabelecer o \u00cdndice de Transpar\u00eancia, destacou a capital sergipana em \u00faltimo lugar entre as 26 capitais brasileiras avaliadas. Dessa vez, a Controladoria-Geral da Uni\u00e3o (CGU) aponta Aracaju em pen\u00faltimo lugar, o que \u00e9 ruim para a cidade\u201d, frisou o parlamentar.<\/p>\n<p style=\"text-align: justify;\">Na opini\u00e3o de Valadares Filho, esse novo resultado mostra que administra\u00e7\u00e3o municipal n\u00e3o evoluiu de maio para c\u00e1 no que se refere \u00e0 transpar\u00eancia p\u00fablica. \u201cInfelizmente n\u00e3o houve qualquer mudan\u00e7a para aprimorar essa ferramenta social de controle e acompanhamento. \u00c9 uma posi\u00e7\u00e3o ruim para Aracaju, uma vez que nos tempos atuais a sociedade est\u00e1 cada vez mais atenta e vigilante com o controle dos gastos p\u00fablicos\u201d, disse Valadares Filho.<\/p>\n<p style=\"text-align: justify;\">Para o deputado federal, \u201c\u00e9 imprescind\u00edvel que a Prefeitura de Aracaju facilite esse acesso, tornando o controle social acess\u00edvel a todos\u201d. \u201cQualquer cidad\u00e3o, e ele n\u00e3o precisa ser um entendedor de gest\u00e3o financeira, deve encontrar as informa\u00e7\u00f5es desejadas no portal da PMA, algo que n\u00e3o acontece hoje. O que vemos \u00e9 que a transpar\u00eancia p\u00fablica n\u00e3o \u00e9 uma das prioridades da atual gest\u00e3o\u201d, completou Valadares Filho.<\/p>\n<p style=\"text-align: justify;\"><strong>Acompanhe o SE Not\u00edcias no\u00a0<a href=\"https:\/\/twitter.com\/Senoticias\" target=\"_blank\">Twitter\u00a0<\/a>e no\u00a0<a href=\"https:\/\/www.facebook.com\/PortalSENoticias\/\" target=\"_blank\">Facebook<\/a><\/strong><\/p>\n<p style=\"text-align: justify;\"><em><strong>Da Assessoria de Imprensa<\/strong><\/em><\/p>\n","protected":false},"excerpt":{"rendered":"<p>Atrav\u00e9s das suas redes sociais, o deputado federal Valadares Filho (PSB) criticou o p\u00e9ssimo desempenho obtido pela Prefeitura de Aracaju na segunda edi\u00e7\u00e3o da Escala Brasil Transparente (EBT), elaborada pela Controladoria-Geral da Uni\u00e3o (CGU). Divulgado na sexta-feira, 20, o \u00edndice mede o grau de transpar\u00eancia p\u00fablica em Estados e munic\u00edpios brasileiros quanto ao cumprimento \u00e0s [&hellip;]<\/p>\n","protected":false},"author":1,"featured_media":86315,"comment_status":"closed","ping_status":"closed","sticky":false,"template":"","format":"standard","meta":{"footnotes":""},"categories":[6,1],"tags":[],"class_list":{"0":"post-86312","1":"post","2":"type-post","3":"status-publish","4":"format-standard","5":"has-post-thumbnail","7":"category-politica","8":"category-sem-categoria"},"_links":{"self":[{"href":"https:\/\/senoticias.com.br\/se\/wp-json\/wp\/v2\/posts\/86312"}],"collection":[{"href":"https:\/\/senoticias.com.br\/se\/wp-json\/wp\/v2\/posts"}],"about":[{"href":"https:\/\/senoticias.com.br\/se\/wp-json\/wp\/v2\/types\/post"}],"author":[{"embeddable":true,"href":"https:\/\/senoticias.com.br\/se\/wp-json\/wp\/v2\/users\/1"}],"replies":[{"embeddable":true,"href":"https:\/\/senoticias.com.br\/se\/wp-json\/wp\/v2\/comments?post=86312"}],"version-history":[{"count":0,"href":"https:\/\/senoticias.com.br\/se\/wp-json\/wp\/v2\/posts\/86312\/revisions"}],"wp:featuredmedia":[{"embeddable":true,"href":"https:\/\/senoticias.com.br\/se\/wp-json\/wp\/v2\/media\/86315"}],"wp:attachment":[{"href":"https:\/\/senoticias.com.br\/se\/wp-json\/wp\/v2\/media?parent=86312"}],"wp:term":[{"taxonomy":"category","embeddable":true,"href":"https:\/\/senoticias.com.br\/se\/wp-json\/wp\/v2\/categories?post=86312"},{"taxonomy":"post_tag","embeddable":true,"href":"https:\/\/senoticias.com.br\/se\/wp-json\/wp\/v2\/tags?post=86312"}],"curies":[{"name":"wp","href":"https:\/\/api.w.org\/{rel}","templated":true}]}}