{"id":86176,"date":"2015-11-18T14:26:42","date_gmt":"2015-11-18T17:26:42","guid":{"rendered":"http:\/\/senoticias.com.br\/se\/?p=86176"},"modified":"2015-11-20T09:40:19","modified_gmt":"2015-11-20T12:40:19","slug":"campea-mundial-na-praia-duda-tenta-a-sorte-na-quadra-e-outro-esporte","status":"publish","type":"post","link":"https:\/\/senoticias.com.br\/se\/campea-mundial-na-praia-duda-tenta-a-sorte-na-quadra-e-outro-esporte\/","title":{"rendered":"Campe\u00e3 mundial na praia, Duda tenta a sorte na quadra: &#8220;\u00c9 outro esporte&#8221;"},"content":{"rendered":"<div id=\"attachment_86177\" style=\"width: 310px\" class=\"wp-caption alignright\"><a href=\"http:\/\/senoticias.com.br\/se\/wp-content\/uploads\/2015\/11\/1_-_duda_1.jpg\"><img loading=\"lazy\" decoding=\"async\" aria-describedby=\"caption-attachment-86177\" class=\"size-full wp-image-86177\" alt=\"Duda \u00e9 um dos destaques do v\u00f4lei de praia (Foto: T\u00falio Moreira\/Divulga\u00e7\u00e3o)\" src=\"http:\/\/senoticias.com.br\/se\/wp-content\/uploads\/2015\/11\/1_-_duda_1.jpg\" width=\"300\" height=\"397\" srcset=\"https:\/\/senoticias.com.br\/se\/wp-content\/uploads\/2015\/11\/1_-_duda_1.jpg 300w, https:\/\/senoticias.com.br\/se\/wp-content\/uploads\/2015\/11\/1_-_duda_1-226x300.jpg 226w\" sizes=\"(max-width: 300px) 100vw, 300px\" \/><\/a><p id=\"caption-attachment-86177\" class=\"wp-caption-text\">Duda \u00e9 um dos destaques do v\u00f4lei de praia<br \/>(Foto: T\u00falio Moreira\/Divulga\u00e7\u00e3o)<\/p><\/div>\n<p style=\"text-align: justify;\"><em><strong>Por\u00a0Guilherme Costa, Globo Esporte\/S\u00e3o Paulo<\/strong><\/em><\/p>\n<p style=\"text-align: justify;\">A frase &#8220;N\u00e3o \u00e9 a minha praia&#8221; se encaixa perfeitamente no momento vivido por Duda Lisboa nos Jogos Escolares.\u00a0<a href=\"http:\/\/globoesporte.globo.com\/jogos-olimpicos-da-juventude\/noticia\/2014\/08\/duda-e-paty-vencem-irmas-gemeas-do-canada-e-sao-ouro-em-nanquim.html\" target=\"_self\">Campe\u00e3 dos Jogos Ol\u00edmpicos da Juventude na China<\/a>, e no Mundial escolar em Sergipe, ambos no v\u00f4lei de praia, ela searriscou na quadra para a disputa dos Jogos Escolares Brasileiros, que est\u00e3o sendo disputados nesta semana em Londrina (PR). O resultado foi negativo, derrota da equipe sergipana para as paulistas por 2 a 0. A atleta de 17 anos explica a diferen\u00e7a de jogas as duas modalidades:<\/p>\n<p style=\"text-align: justify;\">&#8211; Na quadra eu joguei tr\u00eas ou quatro vezes na minha vida, n\u00e3o me dou bem. N\u00e3o sinto o mesmo prazer, \u00e9 totalmente diferente. Desde crian\u00e7a eu jogo na praia, muda tudo. \u00c9 muita gente dentro da quadra, \u00e9 muita for\u00e7a usada, \u00e9 outro esporte. Minha mente j\u00e1 est\u00e1 estabilizada na praia &#8211; explicou a jogadora, que participou na quadra pois o v\u00f4lei de praia ocorreu na semana passada, quando\u00a0 estava no Circuito Nacional adulto.<\/p>\n<p style=\"text-align: justify;\">\u00c9 a \u00faltima vez que Duda joga os Jogos Escolares, j\u00e1 que, aos 17 anos, est\u00e1 completando o ensino m\u00e9dio em Aracaju. H\u00e1 dois anos, quando tinha 15, foi medalha de prata no Mundial sub-23. Subiu ao p\u00f3dio tamb\u00e9m no Mundial sub-21 (duas pratas) e levou o ouro nos Jogos Ol\u00edmpicos da Juventude, na China. Ela j\u00e1 \u00e9 uma aposta para os Jogos Ol\u00edmpicos de 2020, em T\u00f3quio (Jap\u00e3o). Por isso, a Confedera\u00e7\u00e3o Brasileira de V\u00f4lei (CBV) a enviou para algumas etapas do Circuito Mundial, em que conquistou o bronze na etapa da Rep\u00fablica Tcheca, e prata no M\u00e9xico:<\/p>\n<p>&#8211; Tem muita dupla boa no Brasil, por isso n\u00e3o deu para brigar para jogar as Olimp\u00edadas do Rio. Tem Larissa\/Talita, B\u00e1rbara\/\u00c1gatha, Maria Elisa\/Juliana. \u00c9 muita gente. Mas acho que para 2020 ser\u00e1 mais f\u00e1cil, a nova gera\u00e7\u00e3o vai come\u00e7ar a dominar &#8211; disse.<\/p>\n<p>Uma das atletas mais experientes do time, Duda pouco consegue acompanhar as colegas no col\u00e9gio. Por conta de muitas viagens pelos circuitos de v\u00f4lei de praia, a frequ\u00eancia nas aulas \u00e9 baixa. Mas h\u00e1 uma responsabilidade pelo estudo:<\/p>\n<p style=\"text-align: justify;\">&#8211; Sou boa aluna, mas n\u00e3o tenho convivo com os alunos. Tenho um estudo online. A escola manda trabalhos e estudo. Dia 20, por exemplo, eu tenho que entregar os trabalhos deste semestre &#8211; disse.<\/p>\n<p style=\"text-align: justify;\">Pr\u00f3xima de se formar no col\u00e9gio, Duda j\u00e1 pensa em fazer uma faculdade. N\u00e3o quer educa\u00e7\u00e3o f\u00edsica, curso comum entre os atletas, mas ainda tem d\u00favidas em que \u00e1rea seguir:<\/p>\n<p style=\"text-align: justify;\">&#8211; Quero fazer uma faculdade para jogar torneios universit\u00e1rios. Eu n\u00e3o sei ainda o qu\u00ea, eu n\u00e3o queria educa\u00e7\u00e3o f\u00edsica. Quero alguma coisa para ajudar as pessoas, tipo servi\u00e7o social &#8211; disse a atleta, aposta para os Jogos de 2020.<\/p>\n<p style=\"text-align: justify;\">O time de Sergipe, representado pela escola IDFG, joga contra o Par\u00e1 nesta quarta-feira, em partida v\u00e1lida pela segunda rodada.<\/p>\n<p><strong>Acompanhe o SE Not\u00edcias no\u00a0<a href=\"https:\/\/twitter.com\/Senoticias\" target=\"_blank\">Twitter\u00a0<\/a>e no\u00a0<a href=\"https:\/\/www.facebook.com\/PortalSENoticias\/\" target=\"_blank\">Facebook<\/a><\/strong><\/p>\n<p>&nbsp;<\/p>\n","protected":false},"excerpt":{"rendered":"<p>Por\u00a0Guilherme Costa, Globo Esporte\/S\u00e3o Paulo A frase &#8220;N\u00e3o \u00e9 a minha praia&#8221; se encaixa perfeitamente no momento vivido por Duda Lisboa nos Jogos Escolares.\u00a0Campe\u00e3 dos Jogos Ol\u00edmpicos da Juventude na China, e no Mundial escolar em Sergipe, ambos no v\u00f4lei de praia, ela searriscou na quadra para a disputa dos Jogos Escolares Brasileiros, que est\u00e3o [&hellip;]<\/p>\n","protected":false},"author":1,"featured_media":86177,"comment_status":"closed","ping_status":"closed","sticky":false,"template":"","format":"standard","meta":{"footnotes":""},"categories":[26],"tags":[],"class_list":{"0":"post-86176","1":"post","2":"type-post","3":"status-publish","4":"format-standard","5":"has-post-thumbnail","7":"category-esportes"},"_links":{"self":[{"href":"https:\/\/senoticias.com.br\/se\/wp-json\/wp\/v2\/posts\/86176"}],"collection":[{"href":"https:\/\/senoticias.com.br\/se\/wp-json\/wp\/v2\/posts"}],"about":[{"href":"https:\/\/senoticias.com.br\/se\/wp-json\/wp\/v2\/types\/post"}],"author":[{"embeddable":true,"href":"https:\/\/senoticias.com.br\/se\/wp-json\/wp\/v2\/users\/1"}],"replies":[{"embeddable":true,"href":"https:\/\/senoticias.com.br\/se\/wp-json\/wp\/v2\/comments?post=86176"}],"version-history":[{"count":0,"href":"https:\/\/senoticias.com.br\/se\/wp-json\/wp\/v2\/posts\/86176\/revisions"}],"wp:featuredmedia":[{"embeddable":true,"href":"https:\/\/senoticias.com.br\/se\/wp-json\/wp\/v2\/media\/86177"}],"wp:attachment":[{"href":"https:\/\/senoticias.com.br\/se\/wp-json\/wp\/v2\/media?parent=86176"}],"wp:term":[{"taxonomy":"category","embeddable":true,"href":"https:\/\/senoticias.com.br\/se\/wp-json\/wp\/v2\/categories?post=86176"},{"taxonomy":"post_tag","embeddable":true,"href":"https:\/\/senoticias.com.br\/se\/wp-json\/wp\/v2\/tags?post=86176"}],"curies":[{"name":"wp","href":"https:\/\/api.w.org\/{rel}","templated":true}]}}