{"id":86174,"date":"2015-11-18T14:09:52","date_gmt":"2015-11-18T17:09:52","guid":{"rendered":"http:\/\/senoticias.com.br\/se\/?p=86174"},"modified":"2015-11-20T14:43:39","modified_gmt":"2015-11-20T17:43:39","slug":"veja-atracoes-do-ano-novo-nas-orlas-da-atalaia-e-por-do-sol","status":"publish","type":"post","link":"https:\/\/senoticias.com.br\/se\/veja-atracoes-do-ano-novo-nas-orlas-da-atalaia-e-por-do-sol\/","title":{"rendered":"Veja atra\u00e7\u00f5es do ano novo nas orlas da Atalaia e P\u00f4r do Sol"},"content":{"rendered":"<p style=\"text-align: justify;\">Com a chegada dos festejos de final de ano, a Prefeitura de Aracaju j\u00e1 se prepara para a decora\u00e7\u00e3o de Natal e uma vasta programa\u00e7\u00e3o para o R\u00e9veillon. Na manh\u00e3 de hoje, 18, o prefeito Jo\u00e3o Alves Filhos acompanhado do vice-prefeito Jos\u00e9 Carlos Machado e do seu secretariado, lan\u00e7ou toda a programa\u00e7\u00e3o que implementar\u00e1 o com\u00e9rcio natalino e brindar\u00e1 a chegada do novo ano com shows na Orla P\u00f4r do Sol e na Atalaia com o R\u00e9veillon de Todos os Ritmos.<\/p>\n<div id=\"attachment_75271\" style=\"width: 596px\" class=\"wp-caption aligncenter\"><a href=\"http:\/\/senoticias.com.br\/se\/wp-content\/uploads\/2015\/01\/FOTO-LUAN-ESTILIZADO.png\"><img loading=\"lazy\" decoding=\"async\" aria-describedby=\"caption-attachment-75271\" class=\"size-full wp-image-75271\" alt=\"Luan Estilizado \u00e9 uma das atra\u00e7\u00f5es do r\u00e9veillon em Aracaju (Foto: Rafael Passos\/Secom-JP) (Foto: Divulga\u00e7\u00e3o\/net)\" src=\"http:\/\/senoticias.com.br\/se\/wp-content\/uploads\/2015\/01\/FOTO-LUAN-ESTILIZADO.png\" width=\"586\" height=\"890\" srcset=\"https:\/\/senoticias.com.br\/se\/wp-content\/uploads\/2015\/01\/FOTO-LUAN-ESTILIZADO.png 586w, https:\/\/senoticias.com.br\/se\/wp-content\/uploads\/2015\/01\/FOTO-LUAN-ESTILIZADO-197x300.png 197w, https:\/\/senoticias.com.br\/se\/wp-content\/uploads\/2015\/01\/FOTO-LUAN-ESTILIZADO-342x519.png 342w, https:\/\/senoticias.com.br\/se\/wp-content\/uploads\/2015\/01\/FOTO-LUAN-ESTILIZADO-300x455.png 300w\" sizes=\"(max-width: 586px) 100vw, 586px\" \/><\/a><p id=\"caption-attachment-75271\" class=\"wp-caption-text\">Luan Estilizado \u00e9 uma das atra\u00e7\u00f5es do r\u00e9veillon em Aracaju (Foto: Rafael Passos\/Secom-JP) (Foto: Divulga\u00e7\u00e3o\/net)<\/p><\/div>\n<p style=\"text-align: justify;\">De acordo com o prefeito da capital sergipana, o Brasil passa por uma per\u00edodo de crise financeira, mas que a Prefeitura de Aracaju n\u00e3o poderia deixar as festas de final de ano passarem despercebidas.<\/p>\n<p style=\"text-align: justify;\">&#8220;Faremos algo simples, mas de bom gosto, pois \u00e9 um momento importante para a popula\u00e7\u00e3o. Ao longo da minha vida p\u00fablica nunca passei por uma crise parecida. Essa \u00e9 uma situa\u00e7\u00e3o t\u00e3o calamitosa que quando chegamos em Bras\u00edlia para solicitar apoio aos nosso projetos encontramos falta de vontade e principalmente de lideran\u00e7a. Toda essa programa\u00e7\u00e3o que lan\u00e7amos colabora com o com\u00e9rcio local, mas a finalidade maior \u00e9 participar com a popula\u00e7\u00e3o do Natal que \u00e9 um momento maravilhoso&#8221;, revelou o Jo\u00e3o Alves<\/p>\n<p style=\"text-align: justify;\">Toda a programa\u00e7\u00e3o apresentada apenas foi poss\u00edvel gra\u00e7as as parceiras existentes entre a Prefeitura de Aracaju e empresas privadas como o G Barbosa e a Caixa econ\u00f4mica Federal. Segundo o vice-prefeito, Jos\u00e9 Carlos Machado, \u00e9 necess\u00e1rio ter criatividade para superar a crise.<\/p>\n<p style=\"text-align: justify;\">&#8220;Temos a mania de sermos extremamente pessimistas. Sabemos da exist\u00eancia da crise, mas precisamos buscar solu\u00e7\u00f5es para supera-la. A \u00fanica alternativa \u00e9 sermos extremamente criativos. Com a escassez de recursos financeiros, a Prefeitura precisa fazer uma limonada sem lim\u00f5es, e \u00e9 exatamente isso que estamos fazendo. Deixamos o fun\u00e7\u00e3o de realizador e passamos a ser coordenadores em parcerias com o setor privado e as diversas Associa\u00e7\u00f5es Comerciais existentes. Essas parcerias permitir\u00e3o a realiza\u00e7\u00e3o de v\u00e1rios eventos que faremos no final do ano, fomentando o com\u00e9rcio e atendendo as expectativas da popula\u00e7\u00e3o&#8221;, destacou o vice-prefeito.<\/p>\n<p style=\"text-align: justify;\"><strong>Natal Iluminado<\/strong><\/p>\n<p style=\"text-align: justify;\">Esse ano o Natal Iluminado come\u00e7ar\u00e1 a ser montado no dia 23 e estar\u00e1 presente nos Cal\u00e7ad\u00f5es Laranjeiras, S\u00e3o Crist\u00f3v\u00e3o e Jo\u00e3o Pessoa. Aracaju tamb\u00e9m ganhar\u00e1 ilumina\u00e7\u00e3o natalina na Pra\u00e7a Fausto Cardoso, Avenidas Ivo do Prado e Beira Mar at\u00e9 Atalaia, incluindo a Orla, bairro 13 de Julho e o Parque da Sementeira, numa parceria com a empresa Energisa.<\/p>\n<p style=\"text-align: justify;\"><strong>Casa do Papai Noel<\/strong><\/p>\n<p style=\"text-align: justify;\">A grande novidade para o Centro Comercial a capital \u00e9 a instala\u00e7\u00e3o da Casa do Papai Noel. Uma resid\u00eancia em tamanho real com tr\u00eas c\u00f4modos, quarto e salas de jantar e estar. A Casa ser\u00e1 montada entre os Cal\u00e7ad\u00f5es Laranjeiras e Jo\u00e3o Pessoa e estar\u00e1 aberta ao p\u00fablico a partir do dia quatro de dezembro.<\/p>\n<p style=\"text-align: justify;\">Para o presidente do F\u00f3rum empresaria, Alexandre Porto, a Casa do Papai Noel ajudar\u00e1 bastante no com\u00e9rcio do Centro de Aracaju. &#8220;A ideia \u00e9 levar diferenciais ao Centro da Cidade. Normalmente os empres\u00e1rios cobram da Prefeitura de Aracaju a ilumina\u00e7\u00e3o natalina, por\u00e9m o Centro n\u00e3o funciona a noite. Por isso, criamos a casa do Papai Noel maior onde as pessoas possam entrar e interagir. Esse mais um atrativo para que a popula\u00e7\u00e3o v\u00e1 ao Centro, fa\u00e7a suas compras de Natal e leve as crian\u00e7as \u00e0 Casa do Papai Noel&#8221;.<\/p>\n<p style=\"text-align: justify;\"><strong>R\u00e9veillon de Todos os Ritmos<\/strong><\/p>\n<p style=\"text-align: justify;\">A chegada de 2016 em Aracaju ser\u00e1 comemorada com shows em dois pontos da cidade. O R\u00e9veillon de Todos os Ritmos ser\u00e1 montado nas Orlas P\u00f4r do Sol e da Atalaia, com apresenta\u00e7\u00e3o de artistas locais e nacionais.<\/p>\n<p style=\"text-align: justify;\">Um dos organizadores do evento, o secret\u00e1rio da Comunica\u00e7\u00e3o, disse que as expectativas para as festas de final do ano s\u00e3o as melhores poss\u00edveis. &#8220;O ano passado tivemos um R\u00e9veillon muito bom. A estimativa da Pol\u00edcia Militar foi que 15 mil pessoas participaram da festa na Orla P\u00f4r do Sol e 80 mil na Orla da Atalaia. Esperamos muito mais esse ano. Conseguimos fechar essa programa\u00e7\u00e3o com muitas dificuldades financeiras, mas com muita criatividade e a colabora\u00e7\u00e3o de parceiros pudemos executar uma bel\u00edssima festa para os aracajuanos&#8221;.<\/p>\n<p style=\"text-align: justify;\">A Secretaria Especial da Cultura, atrav\u00e9s da Funcaju tamb\u00e9m lan\u00e7ou uma vasta programa\u00e7\u00e3o par o m\u00eas de dezembro com diversas apresenta\u00e7\u00f5es art\u00edsticas.<\/p>\n<p>\u00a0<strong>Acompanhe o SE Not\u00edcias no\u00a0<a href=\"https:\/\/twitter.com\/Senoticias\" target=\"_blank\">Twitter\u00a0<\/a>e no\u00a0<a href=\"https:\/\/www.facebook.com\/PortalSENoticias\/\" target=\"_blank\">Facebook<\/a><\/strong><\/p>\n<p><em><strong>Ag\u00eancia Aracaju de Not\u00edcias<\/strong><\/em><\/p>\n<p style=\"text-align: justify;\">\n","protected":false},"excerpt":{"rendered":"<p>Com a chegada dos festejos de final de ano, a Prefeitura de Aracaju j\u00e1 se prepara para a decora\u00e7\u00e3o de Natal e uma vasta programa\u00e7\u00e3o para o R\u00e9veillon. Na manh\u00e3 de hoje, 18, o prefeito Jo\u00e3o Alves Filhos acompanhado do vice-prefeito Jos\u00e9 Carlos Machado e do seu secretariado, lan\u00e7ou toda a programa\u00e7\u00e3o que implementar\u00e1 o [&hellip;]<\/p>\n","protected":false},"author":1,"featured_media":75271,"comment_status":"closed","ping_status":"closed","sticky":false,"template":"","format":"standard","meta":{"footnotes":""},"categories":[8,43],"tags":[],"class_list":{"0":"post-86174","1":"post","2":"type-post","3":"status-publish","4":"format-standard","5":"has-post-thumbnail","7":"category-esporte-e-cultura","8":"category-voce-reporter"},"_links":{"self":[{"href":"https:\/\/senoticias.com.br\/se\/wp-json\/wp\/v2\/posts\/86174"}],"collection":[{"href":"https:\/\/senoticias.com.br\/se\/wp-json\/wp\/v2\/posts"}],"about":[{"href":"https:\/\/senoticias.com.br\/se\/wp-json\/wp\/v2\/types\/post"}],"author":[{"embeddable":true,"href":"https:\/\/senoticias.com.br\/se\/wp-json\/wp\/v2\/users\/1"}],"replies":[{"embeddable":true,"href":"https:\/\/senoticias.com.br\/se\/wp-json\/wp\/v2\/comments?post=86174"}],"version-history":[{"count":0,"href":"https:\/\/senoticias.com.br\/se\/wp-json\/wp\/v2\/posts\/86174\/revisions"}],"wp:featuredmedia":[{"embeddable":true,"href":"https:\/\/senoticias.com.br\/se\/wp-json\/wp\/v2\/media\/75271"}],"wp:attachment":[{"href":"https:\/\/senoticias.com.br\/se\/wp-json\/wp\/v2\/media?parent=86174"}],"wp:term":[{"taxonomy":"category","embeddable":true,"href":"https:\/\/senoticias.com.br\/se\/wp-json\/wp\/v2\/categories?post=86174"},{"taxonomy":"post_tag","embeddable":true,"href":"https:\/\/senoticias.com.br\/se\/wp-json\/wp\/v2\/tags?post=86174"}],"curies":[{"name":"wp","href":"https:\/\/api.w.org\/{rel}","templated":true}]}}