{"id":86170,"date":"2015-11-18T13:52:43","date_gmt":"2015-11-18T16:52:43","guid":{"rendered":"http:\/\/senoticias.com.br\/se\/?p=86170"},"modified":"2015-11-18T17:08:15","modified_gmt":"2015-11-18T20:08:15","slug":"amigos-e-familiares-velam-sargento-da-pm-que-morreu-durante-tentativa-de-assalto-no-bairro-suissa","status":"publish","type":"post","link":"https:\/\/senoticias.com.br\/se\/amigos-e-familiares-velam-sargento-da-pm-que-morreu-durante-tentativa-de-assalto-no-bairro-suissa\/","title":{"rendered":"Amigos e familiares velam sargento da PM que morreu durante tentativa de assalto no Bairro Suissa"},"content":{"rendered":"<p style=\"text-align: justify;\"><em><strong>A8SE.com<\/strong><\/em><\/p>\n<div id=\"attachment_86171\" style=\"width: 310px\" class=\"wp-caption alignright\"><a href=\"http:\/\/senoticias.com.br\/se\/wp-content\/uploads\/2015\/11\/sargento1.jpg\"><img loading=\"lazy\" decoding=\"async\" aria-describedby=\"caption-attachment-86171\" class=\"size-medium wp-image-86171\" alt=\"Silvio Di\u00f3genes, saiu da casa da m\u00e3e, que fica do outro lado da rua, acompanhado do filho, para assistir a uma partida de futebol.(Foto: Portal A8SE)\" src=\"http:\/\/senoticias.com.br\/se\/wp-content\/uploads\/2015\/11\/sargento1-300x200.jpg\" width=\"300\" height=\"200\" srcset=\"https:\/\/senoticias.com.br\/se\/wp-content\/uploads\/2015\/11\/sargento1-300x200.jpg 300w, https:\/\/senoticias.com.br\/se\/wp-content\/uploads\/2015\/11\/sargento1-342x228.jpg 342w, https:\/\/senoticias.com.br\/se\/wp-content\/uploads\/2015\/11\/sargento1.jpg 616w\" sizes=\"(max-width: 300px) 100vw, 300px\" \/><\/a><p id=\"caption-attachment-86171\" class=\"wp-caption-text\">Silvio Di\u00f3genes, saiu da casa da m\u00e3e, que fica do outro lado da rua, acompanhado do filho, para assistir a uma partida de futebol.(Foto: Portal A8SE)<\/p><\/div>\n<p style=\"text-align: justify;\">Amigos e familiares velaram o corpo do sargento da pol\u00edcia Militar, Silvio Di\u00f3genes dos Santos, 48 anos, na manh\u00e3 desta quarta-feira (18). O policial foi morto na noite deste ter\u00e7a-feira (17), durante uma tentativa de assalto em um bar localizado na avenida Edelzio Vieira de Melo, no bairro Suissa.<\/p>\n<p style=\"text-align: justify;\">Segundo familiares, o sargento Silvio Di\u00f3genes dos Santos, 46 anos saiu da casa da m\u00e3e, que fica do outro lado da rua, acompanhado do filho, para assistir a uma partida de futebol.<\/p>\n<p style=\"text-align: justify;\">De acordo com testemunhas, os suspeitos pararam o carro e cruzaram a rua, ao chegarem ao bar, anunciaram o assalto. Ao ser identificado como o policial, o sargento teria reagido e foi baleado. Os disparos acertaram a perna, a coxa e as costas do sargento. Um dos tiros atingiram a veia femoral e ele n\u00e3o resistiu.<\/p>\n<p style=\"text-align: justify;\">O colega de trabalho, Altemar Souza, lamentou a perda de Silvio. \u201c\u00c9 com muito pesar e tristeza que velo meu amigo. Era uma pessoa boa, do bem. As palavras nem saem como a gente quer. Eu acho que temos que dar um basta nisso, estou muito revoltado, em ver uma situa\u00e7\u00e3o de um pai de fam\u00edlia, acontecer isso, estava assistindo futebol de repente chega um meliante e acontece isso. A gente se sente amea\u00e7ado com tanta viol\u00eancia\u201d, afirma.<\/p>\n<p style=\"text-align: justify;\">O sargento Silvio era o mais novo de uma fam\u00edlia de 12 irm\u00e3os. Um deles o vereador e m\u00e9dico Manoel Marcos dos Santos. A filha do vereador, Marcela Santana, pede que provid\u00eancias sejam tomadas pelas autoridades e que a justi\u00e7a seja feita. \u201cPerdemos uma pessoa muito querida, um pai de fam\u00edlia que estava no momento assistindo o jogo. Isso o que fizeram foi uma covardia. Eu quero que a justi\u00e7a seja feita. Que tomem provid\u00eancias o mais r\u00e1pido poss\u00edvel. A falta de seguran\u00e7a est\u00e1 demais\u201d, diz.<\/p>\n<p style=\"text-align: justify;\">O filho do PM que estava no bar, tamb\u00e9m foi atingido, mas foi socorrido pelo Samu. Ele sofreu uma fratura exposta no antebra\u00e7o, passou por uma cirurgia e passa bem. \u201cO estado de sa\u00fade dele \u00e9 est\u00e1vel. Ele est\u00e1 melhor. O pai tentou proteger o filho \u00e9 acabou nessa situa\u00e7\u00e3o. \u00c9 uma dor horr\u00edvel para a fam\u00edlia\u201d, conclui Marcela.<\/p>\n<p style=\"text-align: justify;\"><strong>Acompanhe o SE Not\u00edcias no\u00a0<a href=\"https:\/\/twitter.com\/Senoticias\" target=\"_blank\">Twitter\u00a0<\/a>e no\u00a0<a href=\"https:\/\/www.facebook.com\/PortalSENoticias\/\" target=\"_blank\">Facebook<\/a><\/strong><\/p>\n<p style=\"text-align: justify;\"><em><strong>Informa\u00e7\u00f5es do A8SE.com<\/strong><\/em><\/p>\n","protected":false},"excerpt":{"rendered":"<p>A8SE.com Amigos e familiares velaram o corpo do sargento da pol\u00edcia Militar, Silvio Di\u00f3genes dos Santos, 48 anos, na manh\u00e3 desta quarta-feira (18). O policial foi morto na noite deste ter\u00e7a-feira (17), durante uma tentativa de assalto em um bar localizado na avenida Edelzio Vieira de Melo, no bairro Suissa. Segundo familiares, o sargento Silvio [&hellip;]<\/p>\n","protected":false},"author":1,"featured_media":86171,"comment_status":"closed","ping_status":"closed","sticky":false,"template":"","format":"standard","meta":{"footnotes":""},"categories":[7],"tags":[],"class_list":{"0":"post-86170","1":"post","2":"type-post","3":"status-publish","4":"format-standard","5":"has-post-thumbnail","7":"category-policia"},"_links":{"self":[{"href":"https:\/\/senoticias.com.br\/se\/wp-json\/wp\/v2\/posts\/86170"}],"collection":[{"href":"https:\/\/senoticias.com.br\/se\/wp-json\/wp\/v2\/posts"}],"about":[{"href":"https:\/\/senoticias.com.br\/se\/wp-json\/wp\/v2\/types\/post"}],"author":[{"embeddable":true,"href":"https:\/\/senoticias.com.br\/se\/wp-json\/wp\/v2\/users\/1"}],"replies":[{"embeddable":true,"href":"https:\/\/senoticias.com.br\/se\/wp-json\/wp\/v2\/comments?post=86170"}],"version-history":[{"count":0,"href":"https:\/\/senoticias.com.br\/se\/wp-json\/wp\/v2\/posts\/86170\/revisions"}],"wp:featuredmedia":[{"embeddable":true,"href":"https:\/\/senoticias.com.br\/se\/wp-json\/wp\/v2\/media\/86171"}],"wp:attachment":[{"href":"https:\/\/senoticias.com.br\/se\/wp-json\/wp\/v2\/media?parent=86170"}],"wp:term":[{"taxonomy":"category","embeddable":true,"href":"https:\/\/senoticias.com.br\/se\/wp-json\/wp\/v2\/categories?post=86170"},{"taxonomy":"post_tag","embeddable":true,"href":"https:\/\/senoticias.com.br\/se\/wp-json\/wp\/v2\/tags?post=86170"}],"curies":[{"name":"wp","href":"https:\/\/api.w.org\/{rel}","templated":true}]}}