{"id":86129,"date":"2015-11-17T15:32:10","date_gmt":"2015-11-17T18:32:10","guid":{"rendered":"http:\/\/senoticias.com.br\/se\/?p=86129"},"modified":"2015-11-18T14:44:37","modified_gmt":"2015-11-18T17:44:37","slug":"pf-apreende-200-kg-de-maconha-em-poco-verde","status":"publish","type":"post","link":"https:\/\/senoticias.com.br\/se\/pf-apreende-200-kg-de-maconha-em-poco-verde\/","title":{"rendered":"Pol\u00edcia Federal apreende 200 Kg de maconha em Po\u00e7o Verde"},"content":{"rendered":"<div id=\"attachment_86130\" style=\"width: 310px\" class=\"wp-caption alignright\"><a href=\"http:\/\/senoticias.com.br\/se\/wp-content\/uploads\/2015\/11\/grande-maconha_130613.jpg\"><img loading=\"lazy\" decoding=\"async\" aria-describedby=\"caption-attachment-86130\" class=\"size-medium wp-image-86130\" alt=\"Foto: Arquivo Portal Infonet)\" src=\"http:\/\/senoticias.com.br\/se\/wp-content\/uploads\/2015\/11\/grande-maconha_130613-300x199.jpg\" width=\"300\" height=\"199\" srcset=\"https:\/\/senoticias.com.br\/se\/wp-content\/uploads\/2015\/11\/grande-maconha_130613-300x199.jpg 300w, https:\/\/senoticias.com.br\/se\/wp-content\/uploads\/2015\/11\/grande-maconha_130613-342x227.jpg 342w, https:\/\/senoticias.com.br\/se\/wp-content\/uploads\/2015\/11\/grande-maconha_130613.jpg 1000w\" sizes=\"(max-width: 300px) 100vw, 300px\" \/><\/a><p id=\"caption-attachment-86130\" class=\"wp-caption-text\">Foto: Arquivo Portal Infonet)<\/p><\/div>\n<p style=\"text-align: justify;\">Durante barreira realizada no dia de ontem, 16, na rodovia de acesso ao munic\u00edpio de Po\u00e7o Verde\/SE, a PF\/SE apreendeu 200 kg de maconha que estavam ocultos na ca\u00e7amba\/assoalho e painel de uma Frontier\/Nissan com placas de Recife\/PE. O condutor do ve\u00edculo Jos\u00e9 Carlos Oliveira, de 40 anos, natural de Pernambuco, foi preso em flagrante e encaminhado \u00e0 sede da Pol\u00edcia Federal para a lavratura das formalidades de praxe.<\/p>\n<p style=\"text-align: justify;\">Durante o interrogat\u00f3rio, o preso n\u00e3o informou a origem nem o destino da droga, tampouco a propriedade da mesma. O Inqu\u00e9rito policial foi instaurado. Jos\u00e9 Carlos Oliveira, que responder\u00e1 pelo crime de tr\u00e1fico il\u00edcito de entorpecentes, foi encaminhado \u00e0 delegacia plantonista da Capital, permanecendo, atualmente, \u00e0 disposi\u00e7\u00e3o do ju\u00edzo da comarca de Po\u00e7o Verde\/SE.<\/p>\n<p style=\"text-align: justify;\"><strong>Estat\u00edstica:<\/strong><\/p>\n<p style=\"text-align: justify;\">At\u00e9 este m\u00eas de novembro de 2015, a PF\/SE, intensificando os trabalhos de repress\u00e3o ao tr\u00e1fico de entorpecentes, apreendeu 8,9 toneladas de maconha, 338 kg de coca\u00edna e crack e 33 ve\u00edculos. As apreens\u00f5es s\u00e3o fruto de opera\u00e7\u00f5es policiais que resultaram em 43 pris\u00f5es. Em 2014, foram 35 opera\u00e7\u00f5es de combate, tendo sido efetuadas 56 pris\u00f5es, e apreendidas, aproximadamente 3 toneladas de maconha e 550 quilos de coca\u00edna\/crack, al\u00e9m de 24 ve\u00edculos e 6 armas de fogo.<\/p>\n<p style=\"text-align: justify;\"><strong><em>Fonte: Comunica\u00e7\u00e3o Social PF<\/em><\/strong><\/p>\n<p style=\"text-align: justify;\"><strong>Acompanhe o SE Not\u00edcias no <a href=\"https:\/\/twitter.com\/Senoticias\" target=\"_blank\">Twitter <\/a>e no <a href=\"https:\/\/www.facebook.com\/PortalSENoticias\/\" target=\"_blank\">Facebook<\/a><\/strong><\/p>\n","protected":false},"excerpt":{"rendered":"<p>Durante barreira realizada no dia de ontem, 16, na rodovia de acesso ao munic\u00edpio de Po\u00e7o Verde\/SE, a PF\/SE apreendeu 200 kg de maconha que estavam ocultos na ca\u00e7amba\/assoalho e painel de uma Frontier\/Nissan com placas de Recife\/PE. O condutor do ve\u00edculo Jos\u00e9 Carlos Oliveira, de 40 anos, natural de Pernambuco, foi preso em flagrante [&hellip;]<\/p>\n","protected":false},"author":1,"featured_media":86130,"comment_status":"closed","ping_status":"closed","sticky":false,"template":"","format":"standard","meta":{"footnotes":""},"categories":[7],"tags":[],"class_list":{"0":"post-86129","1":"post","2":"type-post","3":"status-publish","4":"format-standard","5":"has-post-thumbnail","7":"category-policia"},"_links":{"self":[{"href":"https:\/\/senoticias.com.br\/se\/wp-json\/wp\/v2\/posts\/86129"}],"collection":[{"href":"https:\/\/senoticias.com.br\/se\/wp-json\/wp\/v2\/posts"}],"about":[{"href":"https:\/\/senoticias.com.br\/se\/wp-json\/wp\/v2\/types\/post"}],"author":[{"embeddable":true,"href":"https:\/\/senoticias.com.br\/se\/wp-json\/wp\/v2\/users\/1"}],"replies":[{"embeddable":true,"href":"https:\/\/senoticias.com.br\/se\/wp-json\/wp\/v2\/comments?post=86129"}],"version-history":[{"count":0,"href":"https:\/\/senoticias.com.br\/se\/wp-json\/wp\/v2\/posts\/86129\/revisions"}],"wp:featuredmedia":[{"embeddable":true,"href":"https:\/\/senoticias.com.br\/se\/wp-json\/wp\/v2\/media\/86130"}],"wp:attachment":[{"href":"https:\/\/senoticias.com.br\/se\/wp-json\/wp\/v2\/media?parent=86129"}],"wp:term":[{"taxonomy":"category","embeddable":true,"href":"https:\/\/senoticias.com.br\/se\/wp-json\/wp\/v2\/categories?post=86129"},{"taxonomy":"post_tag","embeddable":true,"href":"https:\/\/senoticias.com.br\/se\/wp-json\/wp\/v2\/tags?post=86129"}],"curies":[{"name":"wp","href":"https:\/\/api.w.org\/{rel}","templated":true}]}}