{"id":86126,"date":"2015-11-17T15:19:57","date_gmt":"2015-11-17T18:19:57","guid":{"rendered":"http:\/\/senoticias.com.br\/se\/?p=86126"},"modified":"2015-11-17T15:19:57","modified_gmt":"2015-11-17T18:19:57","slug":"autoescolas-simuladores-passam-a-ser-exigidos-a-partir-de-janeiro-em-se","status":"publish","type":"post","link":"https:\/\/senoticias.com.br\/se\/autoescolas-simuladores-passam-a-ser-exigidos-a-partir-de-janeiro-em-se\/","title":{"rendered":"Autoescolas: simuladores passam a ser exigidos a partir de janeiro em SE"},"content":{"rendered":"<div id=\"attachment_86127\" style=\"width: 310px\" class=\"wp-caption alignright\"><a href=\"http:\/\/senoticias.com.br\/se\/wp-content\/uploads\/2015\/11\/110420148416.jpg\"><img loading=\"lazy\" decoding=\"async\" aria-describedby=\"caption-attachment-86127\" class=\"size-medium wp-image-86127\" alt=\"Foto: Divulga\u00e7\u00e3o \" src=\"http:\/\/senoticias.com.br\/se\/wp-content\/uploads\/2015\/11\/110420148416-300x225.jpg\" width=\"300\" height=\"225\" srcset=\"https:\/\/senoticias.com.br\/se\/wp-content\/uploads\/2015\/11\/110420148416-300x225.jpg 300w, https:\/\/senoticias.com.br\/se\/wp-content\/uploads\/2015\/11\/110420148416-342x256.jpg 342w, https:\/\/senoticias.com.br\/se\/wp-content\/uploads\/2015\/11\/110420148416-60x45.jpg 60w, https:\/\/senoticias.com.br\/se\/wp-content\/uploads\/2015\/11\/110420148416-150x113.jpg 150w, https:\/\/senoticias.com.br\/se\/wp-content\/uploads\/2015\/11\/110420148416-269x201.jpg 269w, https:\/\/senoticias.com.br\/se\/wp-content\/uploads\/2015\/11\/110420148416.jpg 640w\" sizes=\"(max-width: 300px) 100vw, 300px\" \/><\/a><p id=\"caption-attachment-86127\" class=\"wp-caption-text\">Foto: Divulga\u00e7\u00e3o<\/p><\/div>\n<p style=\"text-align: justify;\">A partir de janeiro de 2016, o Departamento Estadual de Tr\u00e2nsito &#8211; Detran\/SE &#8211; come\u00e7ar\u00e1 a exigir o uso de simuladores de dire\u00e7\u00e3o veicular para forma\u00e7\u00e3o de condutores para obten\u00e7\u00e3o e adi\u00e7\u00e3o da Carteira Nacional de Habilita\u00e7\u00e3o \u2013 CNH \u2013, categoria \u201cB\u201d, correspondente a carro. Com isso, os alunos em dire\u00e7\u00e3o ter\u00e3o aulas pr\u00e1ticas tamb\u00e9m com uso dos simuladores, que ser\u00e1 mais uma ferramenta de aprendizagem para facilitar a condu\u00e7\u00e3o de ve\u00edculos nas vias p\u00fablicas.<\/p>\n<p style=\"text-align: justify;\">Para os candidatos a condutores, a medida vem trazer autoconfian\u00e7a para as aulas de pr\u00e1tica veicular, uma vez que o equipamento exp\u00f5e o candidato a diversas simula\u00e7\u00f5es de risco, o que n\u00e3o seria poss\u00edvel em aulas nas ruas. Sem realizar esse processo inicial n\u00e3o se libera para o aluno a Licen\u00e7a para Aprendizagem de Dire\u00e7\u00e3o Veicular \u2013 LADV.<\/p>\n<p style=\"text-align: justify;\">O candidato a primeira CNH dever\u00e1 ter 20 horas\/ aulas em ve\u00edculo de aprendizagem, sendo 16 com conte\u00fados do per\u00edodo da manh\u00e3 e quatro da noite (tr\u00eas aulas podem ser substitu\u00eddas por simuladores). J\u00e1 nos equipamentos de simula\u00e7\u00e3o s\u00e3o cinco aulas, sendo uma delas de instru\u00e7\u00f5es de dire\u00e7\u00e3o simulando noite. Ao final, o aluno dever\u00e1 ter, no m\u00ednimo, 25 horas\/ aula.<\/p>\n<p style=\"text-align: justify;\">J\u00e1 para a adi\u00e7\u00e3o da CNH, os condutores dever\u00e3o ter 15 aulas em ve\u00edculos de aprendizagem, dos quais tr\u00eas devem ser do per\u00edodo noturno (duas podem ser substitu\u00eddas pelo simulador). Devem cumprir em simuladores de dire\u00e7\u00e3o veicular cinco horas\/aula, sendo uma de conte\u00fado noturno, totalizando 20 horas\/aula. Essa nova etapa no processo de forma\u00e7\u00e3o n\u00e3o se aplica \u00e0s pessoas com defici\u00eancia f\u00edsica, cujos ve\u00edculos s\u00e3o adaptados, e aos que requereram a habilita\u00e7\u00e3o at\u00e9 30 de dezembro, que seguir\u00e3o as normas anteriores.<\/p>\n<p style=\"text-align: justify;\">Simuladores \u2013 Em todo Estado, os Centros de Forma\u00e7\u00e3o de Condutores \u2013 CFC \u2013 est\u00e3o montando a sua estrutura para atender a demanda dos candidatos. Existem tr\u00eas modalidades: a autoescola pode dispor dessa ferramenta, a cria\u00e7\u00e3o de um Centro de Simula\u00e7\u00e3o e o uso compartilhado. Todas as op\u00e7\u00f5es devem estar credenciadas ao Detran e atender \u00e0s exig\u00eancias do Conselho Nacional de Tr\u00e2nsito \u2013 Contran.<\/p>\n<p style=\"text-align: justify;\">Para mais detalhes, o interessado em conhecer o regulamento sobre simuladores deve acessar o portal de autoatendimento, atrav\u00e9s do site www.detran.se.gov.br, clicar o link \u201cServi\u00e7os Credenciados\u201d e optar por \u201cCFC- Autoescola\u201d. Nessa guia constar\u00e1 a portaria na \u00edntegra.<\/p>\n<p style=\"text-align: justify;\"><em>Fonte: SSP\/SE<\/em><\/p>\n<p style=\"text-align: justify;\"><strong>Acompanhe o SE Not\u00edcias no <a href=\"https:\/\/twitter.com\/Senoticias\" target=\"_blank\">Twitter <\/a>e no <a href=\"https:\/\/www.facebook.com\/PortalSENoticias\/\" target=\"_blank\">Facebook<\/a><\/strong><\/p>\n","protected":false},"excerpt":{"rendered":"<p>A partir de janeiro de 2016, o Departamento Estadual de Tr\u00e2nsito &#8211; Detran\/SE &#8211; come\u00e7ar\u00e1 a exigir o uso de simuladores de dire\u00e7\u00e3o veicular para forma\u00e7\u00e3o de condutores para obten\u00e7\u00e3o e adi\u00e7\u00e3o da Carteira Nacional de Habilita\u00e7\u00e3o \u2013 CNH \u2013, categoria \u201cB\u201d, correspondente a carro. Com isso, os alunos em dire\u00e7\u00e3o ter\u00e3o aulas pr\u00e1ticas tamb\u00e9m [&hellip;]<\/p>\n","protected":false},"author":1,"featured_media":86127,"comment_status":"closed","ping_status":"closed","sticky":false,"template":"","format":"standard","meta":{"footnotes":""},"categories":[38],"tags":[],"class_list":{"0":"post-86126","1":"post","2":"type-post","3":"status-publish","4":"format-standard","5":"has-post-thumbnail","7":"category-municipios"},"_links":{"self":[{"href":"https:\/\/senoticias.com.br\/se\/wp-json\/wp\/v2\/posts\/86126"}],"collection":[{"href":"https:\/\/senoticias.com.br\/se\/wp-json\/wp\/v2\/posts"}],"about":[{"href":"https:\/\/senoticias.com.br\/se\/wp-json\/wp\/v2\/types\/post"}],"author":[{"embeddable":true,"href":"https:\/\/senoticias.com.br\/se\/wp-json\/wp\/v2\/users\/1"}],"replies":[{"embeddable":true,"href":"https:\/\/senoticias.com.br\/se\/wp-json\/wp\/v2\/comments?post=86126"}],"version-history":[{"count":0,"href":"https:\/\/senoticias.com.br\/se\/wp-json\/wp\/v2\/posts\/86126\/revisions"}],"wp:featuredmedia":[{"embeddable":true,"href":"https:\/\/senoticias.com.br\/se\/wp-json\/wp\/v2\/media\/86127"}],"wp:attachment":[{"href":"https:\/\/senoticias.com.br\/se\/wp-json\/wp\/v2\/media?parent=86126"}],"wp:term":[{"taxonomy":"category","embeddable":true,"href":"https:\/\/senoticias.com.br\/se\/wp-json\/wp\/v2\/categories?post=86126"},{"taxonomy":"post_tag","embeddable":true,"href":"https:\/\/senoticias.com.br\/se\/wp-json\/wp\/v2\/tags?post=86126"}],"curies":[{"name":"wp","href":"https:\/\/api.w.org\/{rel}","templated":true}]}}