{"id":86123,"date":"2015-11-17T15:11:27","date_gmt":"2015-11-17T18:11:27","guid":{"rendered":"http:\/\/senoticias.com.br\/se\/?p=86123"},"modified":"2015-11-17T15:11:27","modified_gmt":"2015-11-17T18:11:27","slug":"fogo-danifica-veiculos-estacionados-em-posto-de-combustiveis-em-socorro","status":"publish","type":"post","link":"https:\/\/senoticias.com.br\/se\/fogo-danifica-veiculos-estacionados-em-posto-de-combustiveis-em-socorro\/","title":{"rendered":"Fogo danifica ve\u00edculos estacionados em posto de combust\u00edveis em Socorro"},"content":{"rendered":"<div id=\"attachment_86124\" style=\"width: 608px\" class=\"wp-caption aligncenter\"><a href=\"http:\/\/senoticias.com.br\/se\/wp-content\/uploads\/2015\/11\/20151117041826636foto.jpg\"><img loading=\"lazy\" decoding=\"async\" aria-describedby=\"caption-attachment-86124\" class=\" wp-image-86124 \" alt=\"Chamas danificaram os ve\u00edculos que estavam parados no posto (Foto: Delmar Santos\/VC na TV Sergipe) \" src=\"http:\/\/senoticias.com.br\/se\/wp-content\/uploads\/2015\/11\/20151117041826636foto.jpg\" width=\"598\" height=\"465\" \/><\/a><p id=\"caption-attachment-86124\" class=\"wp-caption-text\">Chamas danificaram os ve\u00edculos que estavam parados no posto (Foto: Delmar Santos\/VC na TV Sergipe)<\/p><\/div>\n<p style=\"text-align: justify;\">Na madrugada desta ter\u00e7a-feira (17) o Corpo de Bombeiros Militar combateu um inc\u00eandio na \u00e1rea de um posto de combust\u00edveis da BR-101, localizado na entrada do Parque dos Far\u00f3is em Nossa Senhora do Socorro (SE).<\/p>\n<p style=\"text-align: justify;\">O fogo come\u00e7ou por volta das 2h e s\u00f3 foi debelado por volta das 4h30, segundo informa\u00e7\u00f5es dos bombeiros. Sete ve\u00edculos que estavam estacionados no posto ficaram danificados, mas ningu\u00e9m ficou ferido.<\/p>\n<p style=\"text-align: justify;\">Ser\u00e1 feita uma per\u00edcia para identificar o que provocou o inc\u00eandio, o laudo deve ficar pronto em 30 dias. A informa\u00e7\u00e3o \u00e9 que o fogo come\u00e7ou na \u00e1rea onde estavam os ve\u00edculos estacionados.<\/p>\n<p style=\"text-align: justify;\"><em>Com informa\u00e7\u00f5es do G1, em Sergipe<\/em><\/p>\n<p style=\"text-align: justify;\"><strong>Acompanhe o SE Not\u00edcias no <a href=\"https:\/\/twitter.com\/Senoticias\" target=\"_blank\">Twitter <\/a>e no <a href=\"https:\/\/www.facebook.com\/PortalSENoticias\/\" target=\"_blank\">Facebook<\/a><\/strong><\/p>\n","protected":false},"excerpt":{"rendered":"<p>Na madrugada desta ter\u00e7a-feira (17) o Corpo de Bombeiros Militar combateu um inc\u00eandio na \u00e1rea de um posto de combust\u00edveis da BR-101, localizado na entrada do Parque dos Far\u00f3is em Nossa Senhora do Socorro (SE). O fogo come\u00e7ou por volta das 2h e s\u00f3 foi debelado por volta das 4h30, segundo informa\u00e7\u00f5es dos bombeiros. Sete [&hellip;]<\/p>\n","protected":false},"author":1,"featured_media":86124,"comment_status":"closed","ping_status":"closed","sticky":false,"template":"","format":"standard","meta":{"footnotes":""},"categories":[38],"tags":[],"class_list":{"0":"post-86123","1":"post","2":"type-post","3":"status-publish","4":"format-standard","5":"has-post-thumbnail","7":"category-municipios"},"_links":{"self":[{"href":"https:\/\/senoticias.com.br\/se\/wp-json\/wp\/v2\/posts\/86123"}],"collection":[{"href":"https:\/\/senoticias.com.br\/se\/wp-json\/wp\/v2\/posts"}],"about":[{"href":"https:\/\/senoticias.com.br\/se\/wp-json\/wp\/v2\/types\/post"}],"author":[{"embeddable":true,"href":"https:\/\/senoticias.com.br\/se\/wp-json\/wp\/v2\/users\/1"}],"replies":[{"embeddable":true,"href":"https:\/\/senoticias.com.br\/se\/wp-json\/wp\/v2\/comments?post=86123"}],"version-history":[{"count":0,"href":"https:\/\/senoticias.com.br\/se\/wp-json\/wp\/v2\/posts\/86123\/revisions"}],"wp:featuredmedia":[{"embeddable":true,"href":"https:\/\/senoticias.com.br\/se\/wp-json\/wp\/v2\/media\/86124"}],"wp:attachment":[{"href":"https:\/\/senoticias.com.br\/se\/wp-json\/wp\/v2\/media?parent=86123"}],"wp:term":[{"taxonomy":"category","embeddable":true,"href":"https:\/\/senoticias.com.br\/se\/wp-json\/wp\/v2\/categories?post=86123"},{"taxonomy":"post_tag","embeddable":true,"href":"https:\/\/senoticias.com.br\/se\/wp-json\/wp\/v2\/tags?post=86123"}],"curies":[{"name":"wp","href":"https:\/\/api.w.org\/{rel}","templated":true}]}}