{"id":86121,"date":"2015-11-17T14:26:36","date_gmt":"2015-11-17T17:26:36","guid":{"rendered":"http:\/\/senoticias.com.br\/se\/?p=86121"},"modified":"2015-11-18T14:29:41","modified_gmt":"2015-11-18T17:29:41","slug":"86121","status":"publish","type":"post","link":"https:\/\/senoticias.com.br\/se\/86121\/","title":{"rendered":"Adolescente matou a outra em festa que teve drogas e sexo, diz delegado"},"content":{"rendered":"<div id=\"attachment_85965\" style=\"width: 310px\" class=\"wp-caption alignright\"><a href=\"http:\/\/senoticias.com.br\/se\/wp-content\/uploads\/2015\/11\/3940708572-.jpg\"><img loading=\"lazy\" decoding=\"async\" aria-describedby=\"caption-attachment-85965\" class=\"size-medium wp-image-85965\" alt=\"Familiares, contaram que Suzana saiu de casa dizendo que estava indo para casa de amigos, tomar banho de piscina. (Foto: Arquivo Pessoal) \" src=\"http:\/\/senoticias.com.br\/se\/wp-content\/uploads\/2015\/11\/3940708572--300x300.jpg\" width=\"300\" height=\"300\" srcset=\"https:\/\/senoticias.com.br\/se\/wp-content\/uploads\/2015\/11\/3940708572--300x300.jpg 300w, https:\/\/senoticias.com.br\/se\/wp-content\/uploads\/2015\/11\/3940708572--150x150.jpg 150w, https:\/\/senoticias.com.br\/se\/wp-content\/uploads\/2015\/11\/3940708572--50x50.jpg 50w, https:\/\/senoticias.com.br\/se\/wp-content\/uploads\/2015\/11\/3940708572--342x342.jpg 342w, https:\/\/senoticias.com.br\/se\/wp-content\/uploads\/2015\/11\/3940708572--70x70.jpg 70w, https:\/\/senoticias.com.br\/se\/wp-content\/uploads\/2015\/11\/3940708572--55x55.jpg 55w, https:\/\/senoticias.com.br\/se\/wp-content\/uploads\/2015\/11\/3940708572-.jpg 616w\" sizes=\"(max-width: 300px) 100vw, 300px\" \/><\/a><p id=\"caption-attachment-85965\" class=\"wp-caption-text\">Familiares, contaram que Suzana saiu de casa dizendo que estava indo para casa de amigos, tomar banho de piscina. (Foto: Arquivo Pessoal)<\/p><\/div>\n<p style=\"text-align: justify;\">Em entrevista coletiva concedida na manh\u00e3 desta ter\u00e7a-feira, 17, o diretor do Departamento de Homic\u00eddios e Prote\u00e7\u00e3o \u00e0 Pessoa (DHPP), delegado Alessandro Vieira, divulgou detalhes das investiga\u00e7\u00f5es que resultaram na elucida\u00e7\u00e3o do<a href=\"http:\/\/senoticias.com.br\/se\/?p=85964\" target=\"_blank\"><strong> crime contra a jovem Suzana Concei\u00e7\u00e3o Santos, 16 anos<\/strong><\/a>, morta com disparo de arma de fogo na \u00faltima quarta-feira, 11, durante uma festa realizada em uma resid\u00eancia no Mosqueiro, zona sul de Aracaju.<\/p>\n<p style=\"text-align: justify;\">De acordo com Alessandro Vieira, ap\u00f3s depoimento de testemunhas que estavam no local e investiga\u00e7\u00f5es, ficou comprovado que o disparo da arma de fogo foi feito por uma jovem, de 15 anos, que estava em poder de um rev\u00f3lver calibre 38 trazido \u00e0 festa por um outro adolescente. \u201cConstatamos que o tiro foi deflagrado pela adolescente, que agora vai responder pelo ato infracional an\u00e1logo ao crime de homic\u00eddio. Cabe agora investigar se houve ou n\u00e3o a inten\u00e7\u00e3o do dolo. O que sabemos \u00e9 que a jovem foi alertada pela v\u00edtima para que tivesse cuidado ao manusear o objeto, mas, mesmo assim, ela teria mirado o rev\u00f3lver na cabe\u00e7a da v\u00edtima, efetuando o disparo, o que levou ao seu indiciamento pelo crime de homic\u00eddio\u201d, salientou.<\/p>\n<p style=\"text-align: justify;\">Ainda em depoimento, a adolescente, que j\u00e1 responde na justi\u00e7a por ato infracional an\u00e1logo ao crime de tentativa de homic\u00eddio contra o padastro, confessou o ocorrido, mas alegou se tratar de um acidente. \u201cA jovem teria relatado que n\u00e3o sabia que o rev\u00f3lver estava municiado, mas constatamos, por meio das investiga\u00e7\u00f5es, que a todo momento foi dito pelos presentes que a arma estava carregada. Ent\u00e3o, ela teria assumido o risco da pr\u00e1tica delitiva\u201d, explicou Alessandro Vieira.<\/p>\n<p style=\"text-align: justify;\">Sobre a origem da arma de fogo, o delegado informou que ela pertencia a outro adolescente, presente na festa, e que possivelmente tem envolvimento na pr\u00e1tica de outros atos infracionais. \u201cO rev\u00f3lver foi levado \u00e0 festa por um jovem que possui liga\u00e7\u00e3o com o tr\u00e1fico de drogas e outros homic\u00eddios. No momento ele est\u00e1 foragido, mas as equipes continuam atuando no sentido de localizar e efetuar a sua apreens\u00e3o\u201d, frisou.<\/p>\n<p style=\"text-align: justify;\">\u00a0<strong>Outros envolvidos<\/strong><\/p>\n<p style=\"text-align: justify;\">Dois adultos ser\u00e3o indiciados por crimes de tr\u00e1fico de drogas, porte ilegal de arma de fogo e corrup\u00e7\u00e3o de menores. \u201cPelo que constatamos, tratava-se de uma festa regada a muito \u00e1lcool, sexo e drogas. Um suspeito ser\u00e1 indiciado pela posse de uma arma de fogo e por fornecer as drogas aos participantes da festa. J\u00e1 a outra envolvida, uma mulher, vai responder pelo crime de corrup\u00e7\u00e3o de menores\u201d, ressaltou. J\u00e1\u00a0as outras adolescentes que estavam no local v\u00e3o ser responder por ato infracional an\u00e1logo ao crime de falso testemunho.<\/p>\n<p style=\"text-align: justify;\"><strong>Acompanhe o SE Not\u00edcias no\u00a0<a href=\"https:\/\/twitter.com\/Senoticias\" target=\"_blank\">Twitter\u00a0<\/a>e no\u00a0<a href=\"https:\/\/www.facebook.com\/PortalSENoticias\/\" target=\"_blank\">Facebook<\/a><\/strong><\/p>\n<p style=\"text-align: justify;\"><strong><em>Informa\u00e7\u00f5es da SSP\/SE<\/em><\/strong><\/p>\n","protected":false},"excerpt":{"rendered":"<p>Em entrevista coletiva concedida na manh\u00e3 desta ter\u00e7a-feira, 17, o diretor do Departamento de Homic\u00eddios e Prote\u00e7\u00e3o \u00e0 Pessoa (DHPP), delegado Alessandro Vieira, divulgou detalhes das investiga\u00e7\u00f5es que resultaram na elucida\u00e7\u00e3o do crime contra a jovem Suzana Concei\u00e7\u00e3o Santos, 16 anos, morta com disparo de arma de fogo na \u00faltima quarta-feira, 11, durante uma festa [&hellip;]<\/p>\n","protected":false},"author":1,"featured_media":85965,"comment_status":"closed","ping_status":"closed","sticky":false,"template":"","format":"standard","meta":{"footnotes":""},"categories":[7],"tags":[],"class_list":{"0":"post-86121","1":"post","2":"type-post","3":"status-publish","4":"format-standard","5":"has-post-thumbnail","7":"category-policia"},"_links":{"self":[{"href":"https:\/\/senoticias.com.br\/se\/wp-json\/wp\/v2\/posts\/86121"}],"collection":[{"href":"https:\/\/senoticias.com.br\/se\/wp-json\/wp\/v2\/posts"}],"about":[{"href":"https:\/\/senoticias.com.br\/se\/wp-json\/wp\/v2\/types\/post"}],"author":[{"embeddable":true,"href":"https:\/\/senoticias.com.br\/se\/wp-json\/wp\/v2\/users\/1"}],"replies":[{"embeddable":true,"href":"https:\/\/senoticias.com.br\/se\/wp-json\/wp\/v2\/comments?post=86121"}],"version-history":[{"count":0,"href":"https:\/\/senoticias.com.br\/se\/wp-json\/wp\/v2\/posts\/86121\/revisions"}],"wp:featuredmedia":[{"embeddable":true,"href":"https:\/\/senoticias.com.br\/se\/wp-json\/wp\/v2\/media\/85965"}],"wp:attachment":[{"href":"https:\/\/senoticias.com.br\/se\/wp-json\/wp\/v2\/media?parent=86121"}],"wp:term":[{"taxonomy":"category","embeddable":true,"href":"https:\/\/senoticias.com.br\/se\/wp-json\/wp\/v2\/categories?post=86121"},{"taxonomy":"post_tag","embeddable":true,"href":"https:\/\/senoticias.com.br\/se\/wp-json\/wp\/v2\/tags?post=86121"}],"curies":[{"name":"wp","href":"https:\/\/api.w.org\/{rel}","templated":true}]}}