{"id":86119,"date":"2015-11-17T14:01:24","date_gmt":"2015-11-17T17:01:24","guid":{"rendered":"http:\/\/senoticias.com.br\/se\/?p=86119"},"modified":"2015-11-17T14:13:27","modified_gmt":"2015-11-17T17:13:27","slug":"ifs-abre-100-vagas-gratuitas-para-cursos-tecnicos-a-distancia","status":"publish","type":"post","link":"https:\/\/senoticias.com.br\/se\/ifs-abre-100-vagas-gratuitas-para-cursos-tecnicos-a-distancia\/","title":{"rendered":"IFS abre 100 vagas gratuitas para cursos t\u00e9cnicos a dist\u00e2ncia"},"content":{"rendered":"<p style=\"text-align: justify;\">As inscri\u00e7\u00f5es est\u00e3o abertas at\u00e9 o dia 24 de novembro pelo site &#8211;<a href=\"http:\/\/www.ifs.edu.br\/processoseletivo\" target=\"_blank\">www.ifs.edu.br\/<wbr \/>processoseletivo<\/a>, no link Inscreva-se. N\u00e3o ser\u00e1 cobrada taxa de inscri\u00e7\u00e3o. Os\u00a0cursos t\u00e9cnicos na Modalidade a Dist\u00e2ncia \u2013 EAD ofertados\u00a0no Campus Aracaju do Instituto Federal de Sergipe s\u00e3o: Administra\u00e7\u00e3o e Transa\u00e7\u00f5es Imobili\u00e1rias. S\u00e3o 50 vagas para cada curso.<\/p>\n<div id=\"attachment_53374\" style=\"width: 608px\" class=\"wp-caption aligncenter\"><a href=\"http:\/\/senoticias.com.br\/se\/wp-content\/uploads\/2013\/10\/grande-IFS_28122011-e1447780282137.jpg\"><img loading=\"lazy\" decoding=\"async\" aria-describedby=\"caption-attachment-53374\" class=\"size-full wp-image-53374\" alt=\"Crit\u00e9rio de sele\u00e7\u00e3o ser\u00e1 a an\u00e1lise do Hist\u00f3rico Escolar de conclus\u00e3o do Ensino M\u00e9dio ou equivalente.(Foto: Reprodu\u00e7\u00e3o\/Net) \" src=\"http:\/\/senoticias.com.br\/se\/wp-content\/uploads\/2013\/10\/grande-IFS_28122011-e1447780282137.jpg\" width=\"598\" height=\"397\" \/><\/a><p id=\"caption-attachment-53374\" class=\"wp-caption-text\">Crit\u00e9rio de sele\u00e7\u00e3o ser\u00e1 a an\u00e1lise do Hist\u00f3rico Escolar de conclus\u00e3o do Ensino M\u00e9dio ou equivalente. (Foto: Reprodu\u00e7\u00e3o\/Net)<\/p><\/div>\n<p style=\"text-align: justify;\">Para se inscrever \u00e9 necess\u00e1rio que o candidato tenha Certificado de Conclus\u00e3o do Ensino M\u00e9dio ou equivalente e CPF.\u00a0N\u00e3o ser\u00e1 aceita a inscri\u00e7\u00e3o de um mesmo candidato em mais de um curso.<\/p>\n<p style=\"text-align: justify;\">Ap\u00f3s fazer a inscri\u00e7\u00e3o pelo site, \u00e9 preciso comparecer \u00e0 Coordenadoria de Registro Escolar \u2013 CRE do Instituto Federal de Sergipe \u2013 Campus Aracaju, que fica na Avenida Gentil Tavares da Mota, 1164, bairro Get\u00falio Vargas, para entrega da documenta\u00e7\u00e3o necess\u00e1ria.<\/p>\n<p style=\"text-align: justify;\">Os documentos solicitados s\u00e3o: comprovante de inscri\u00e7\u00e3o impresso, fotoc\u00f3pia simples do RG e fotoc\u00f3pia simples do Hist\u00f3rico Escolar de Conclus\u00e3o do Ensino M\u00e9dio ou Declara\u00e7\u00e3o de Conclus\u00e3o do Ensino M\u00e9dio que constem as m\u00e9dias gerais da 1\u00aa, 2\u00aa e 3\u00aa S\u00e9ries.<\/p>\n<p style=\"text-align: justify;\">Caso o documento n\u00e3o contemple essas informa\u00e7\u00f5es, o candidato poder\u00e1 apresent\u00e1-las atrav\u00e9s de uma Declara\u00e7\u00e3o da institui\u00e7\u00e3o onde estudou.\u00a0\u00a0S\u00f3 ser\u00e3o analisadas as solicita\u00e7\u00f5es que apresentarem toda a documenta\u00e7\u00e3o exigida.<\/p>\n<p style=\"text-align: justify;\"><b>\u00a0<\/b><b>Sele\u00e7\u00e3o<\/b><\/p>\n<p style=\"text-align: justify;\">O crit\u00e9rio de sele\u00e7\u00e3o ser\u00e1 a an\u00e1lise do Hist\u00f3rico Escolar de Conclus\u00e3o do Ensino M\u00e9dio ou Declara\u00e7\u00e3o. Os candidatos ser\u00e3o classificados por ordem decrescente da m\u00e9dia aritm\u00e9tica das m\u00e9dias das 1\u00aa, 2\u00aa e 3\u00aa S\u00e9ries do Ensino M\u00e9dio, at\u00e9 o preenchimento do n\u00famero de vagas ofertadas para o curso escolhido.<\/p>\n<p style=\"text-align: justify;\">O resultado final da sele\u00e7\u00e3o ser\u00e1 publicado no endere\u00e7o eletr\u00f4nico\u00a0<a href=\"http:\/\/www.ifs.edu.br\/\" target=\"_blank\">www.ifs.edu.br<\/a>\u00a0at\u00e9 o dia 07 de dezembro. A matr\u00edcula da 1\u00aa chamada ser\u00e1 nos dias 10 e 11 de dezembro. No dia 14 de dezembro ser\u00e1 divulgada a 2\u00aa chamada.<\/p>\n<p>\u00a0<strong>Acompanhe o SE Not\u00edcias no\u00a0<a href=\"https:\/\/twitter.com\/Senoticias\" target=\"_blank\">Twitter\u00a0<\/a>e no\u00a0<a href=\"https:\/\/www.facebook.com\/PortalSENoticias\/\" target=\"_blank\">Facebook<\/a><\/strong><\/p>\n<p>Clique\u00a0<a href=\"http:\/\/www.ifs.edu.br\/images\/1Documentos\/2015\/11-novembro\/EDITAL_Vagas_Aracaju.pdf\" target=\"_blank\">aqui<\/a>\u00a0para acessar o Edital completo<\/p>\n<div><strong><em>ASCOM &#8211; Assessoria de Comunica\u00e7\u00e3o Social<\/em><\/strong><\/div>\n<div><strong><em>Instituto Federal de Sergipe &#8211; Campus Aracaju<\/em><\/strong><\/div>\n","protected":false},"excerpt":{"rendered":"<p>As inscri\u00e7\u00f5es est\u00e3o abertas at\u00e9 o dia 24 de novembro pelo site &#8211;www.ifs.edu.br\/processoseletivo, no link Inscreva-se. N\u00e3o ser\u00e1 cobrada taxa de inscri\u00e7\u00e3o. Os\u00a0cursos t\u00e9cnicos na Modalidade a Dist\u00e2ncia \u2013 EAD ofertados\u00a0no Campus Aracaju do Instituto Federal de Sergipe s\u00e3o: Administra\u00e7\u00e3o e Transa\u00e7\u00f5es Imobili\u00e1rias. S\u00e3o 50 vagas para cada curso. Para se inscrever \u00e9 necess\u00e1rio que [&hellip;]<\/p>\n","protected":false},"author":1,"featured_media":53374,"comment_status":"closed","ping_status":"closed","sticky":false,"template":"","format":"standard","meta":{"footnotes":""},"categories":[26,1],"tags":[],"class_list":{"0":"post-86119","1":"post","2":"type-post","3":"status-publish","4":"format-standard","5":"has-post-thumbnail","7":"category-esportes","8":"category-sem-categoria"},"_links":{"self":[{"href":"https:\/\/senoticias.com.br\/se\/wp-json\/wp\/v2\/posts\/86119"}],"collection":[{"href":"https:\/\/senoticias.com.br\/se\/wp-json\/wp\/v2\/posts"}],"about":[{"href":"https:\/\/senoticias.com.br\/se\/wp-json\/wp\/v2\/types\/post"}],"author":[{"embeddable":true,"href":"https:\/\/senoticias.com.br\/se\/wp-json\/wp\/v2\/users\/1"}],"replies":[{"embeddable":true,"href":"https:\/\/senoticias.com.br\/se\/wp-json\/wp\/v2\/comments?post=86119"}],"version-history":[{"count":0,"href":"https:\/\/senoticias.com.br\/se\/wp-json\/wp\/v2\/posts\/86119\/revisions"}],"wp:featuredmedia":[{"embeddable":true,"href":"https:\/\/senoticias.com.br\/se\/wp-json\/wp\/v2\/media\/53374"}],"wp:attachment":[{"href":"https:\/\/senoticias.com.br\/se\/wp-json\/wp\/v2\/media?parent=86119"}],"wp:term":[{"taxonomy":"category","embeddable":true,"href":"https:\/\/senoticias.com.br\/se\/wp-json\/wp\/v2\/categories?post=86119"},{"taxonomy":"post_tag","embeddable":true,"href":"https:\/\/senoticias.com.br\/se\/wp-json\/wp\/v2\/tags?post=86119"}],"curies":[{"name":"wp","href":"https:\/\/api.w.org\/{rel}","templated":true}]}}