{"id":86109,"date":"2015-11-17T11:56:32","date_gmt":"2015-11-17T14:56:32","guid":{"rendered":"http:\/\/senoticias.com.br\/se\/?p=86109"},"modified":"2015-11-19T10:15:58","modified_gmt":"2015-11-19T13:15:58","slug":"polica-prende-em-dores-homem-com-coletes-municoes-e-carro-roubado-em-itabaiana","status":"publish","type":"post","link":"https:\/\/senoticias.com.br\/se\/polica-prende-em-dores-homem-com-coletes-municoes-e-carro-roubado-em-itabaiana\/","title":{"rendered":"Pol\u00edcia prende em Dores, homem com coletes, muni\u00e7\u00f5es e carro roubado em Itabaiana"},"content":{"rendered":"<p>A Pol\u00edcia Militar do Estado de Sergipe, por meio do 10\u00ba Batalh\u00e3o de Pol\u00edcia Militar (10\u00b0 BPM), prendeu um indiv\u00edduo que dirigia um carro com restri\u00e7\u00e3o de roubo\/furto na tarde da sexta-feira, 13, durante rondas no munic\u00edpio de Nossa Senhora das Dores, distante 72 quil\u00f4metros da capital.<\/p>\n<div id=\"attachment_86110\" style=\"width: 608px\" class=\"wp-caption aligncenter\"><a href=\"http:\/\/senoticias.com.br\/se\/wp-content\/uploads\/2015\/11\/dores2-e1447772074380.png\"><img loading=\"lazy\" decoding=\"async\" aria-describedby=\"caption-attachment-86110\" class=\"size-full wp-image-86110\" alt=\"No interior do Corolla, a pol\u00edcia encontrou coletes bal\u00edsticos, muni\u00e7\u00f5es calibre 12, luneta, bin\u00f3culo, porta-c\u00e9dula da Pol\u00edcia Civil, boina da Pol\u00edcia Militar, adesivos da Pol\u00edcia Federal, farda do Ex\u00e9rcito, v\u00e1rias Carteiras de Habilita\u00e7\u00e3o, pen drives, maleta de ferramenta, bolsa com v\u00e1rios tipos de rem\u00e9dios, chips, dois modem,  documenta\u00e7\u00e3o falsa e  v\u00e1rias placas frias de ve\u00edculos. (Foto: Site Visite Dores)\" src=\"http:\/\/senoticias.com.br\/se\/wp-content\/uploads\/2015\/11\/dores2-e1447772074380.png\" width=\"598\" height=\"336\" \/><\/a><p id=\"caption-attachment-86110\" class=\"wp-caption-text\">No interior do Corolla, a pol\u00edcia encontrou coletes bal\u00edsticos, muni\u00e7\u00f5es calibre 12, luneta, bin\u00f3culo, porta-c\u00e9dula da Pol\u00edcia Civil, boina da Pol\u00edcia Militar, adesivos da Pol\u00edcia Federal, farda do Ex\u00e9rcito, v\u00e1rias Carteiras de Habilita\u00e7\u00e3o, pen drives, maleta de ferramenta, bolsa com v\u00e1rios tipos de rem\u00e9dios, chips, dois modem, documenta\u00e7\u00e3o falsa e v\u00e1rias placas frias de ve\u00edculos. (Foto: Site Visite Dores)<\/p><\/div>\n<p style=\"text-align: justify;\">A a\u00e7\u00e3o aconteceu quando a guarni\u00e7\u00e3o composta pelo sargento Souza e soldado Jailson realizava o policiamento e percebeu um ve\u00edculo Toyota Corolla, de cor branca e placas PUP-7242, parado no acostamento pr\u00f3ximo \u00e0 rodovi\u00e1ria local. A cena chamou a aten\u00e7\u00e3o dos policias, que consultaram a situa\u00e7\u00e3o do carro via CIOSP.<\/p>\n<p style=\"text-align: justify;\">Ap\u00f3s a avalia\u00e7\u00e3o, constatou-se que as placas pertenciam a um ve\u00edculo Nissan March, de cor prata, do Estado de Belo Horizonte. Diante do ocorrido,\u00a0o subtenente Anilton e o soldado Roni Clay refor\u00e7aram a equipe, que o tentou abordar o ocupante do ve\u00edculo, mas este empreendeu fuga e foi perseguido, vindo a capotar o carro.<\/p>\n<div id=\"attachment_86111\" style=\"width: 608px\" class=\"wp-caption aligncenter\"><a href=\"http:\/\/senoticias.com.br\/se\/wp-content\/uploads\/2015\/11\/dores-e1447772129966.png\"><img loading=\"lazy\" decoding=\"async\" aria-describedby=\"caption-attachment-86111\" class=\"size-full wp-image-86111\" alt=\" No interior do Corolla, a pol\u00edcia localizou o verdadeiro documento do ve\u00edculo, onde constava o nome do propriet\u00e1rio e a placa original, a OZB- 9218. (Foto: Site Visite Dores)\" src=\"http:\/\/senoticias.com.br\/se\/wp-content\/uploads\/2015\/11\/dores-e1447772129966.png\" width=\"598\" height=\"414\" \/><\/a><p id=\"caption-attachment-86111\" class=\"wp-caption-text\">No interior do Corolla, a pol\u00edcia localizou o verdadeiro documento do ve\u00edculo, onde constava o nome do propriet\u00e1rio e a placa original, a OZB- 9218. (Foto: Site Visite Dores)<\/p><\/div>\n<p style=\"text-align: justify;\">Mesmo com o sinistro, o suspeito conseguiu sair do carro, adentrando num mato no Povoado Flor da \u00cdndia, entre os munic\u00edpios de Dores e Capela, e sendo alcan\u00e7ado quando tentava se esconder num canavial. No interior do Corolla, a pol\u00edcia localizou o verdadeiro documento do ve\u00edculo, onde constava o nome do propriet\u00e1rio e a placa original, a OZB- 9218.<\/p>\n<p style=\"text-align: justify;\">Os militares consultaram a situa\u00e7\u00e3o do autom\u00f3vel, descobrindo a restri\u00e7\u00e3o de roubo\/furto. De acordo com as informa\u00e7\u00f5es, o carro foi tomado de assalto no m\u00eas de Setembro em Itabaiana, no bairro Marianga.<\/p>\n<p style=\"text-align: justify;\"><strong>Objetos apreendidos<\/strong><\/p>\n<p style=\"text-align: justify;\">No interior do Corolla, a pol\u00edcia encontrou coletes bal\u00edsticos, muni\u00e7\u00f5es calibre 12, luneta, bin\u00f3culo, porta-c\u00e9dula da Pol\u00edcia Civil, boina da Pol\u00edcia Militar, adesivos da Pol\u00edcia Federal, farda do Ex\u00e9rcito, v\u00e1rias Carteiras de Habilita\u00e7\u00e3o, pen drives, maleta de ferramenta, bolsa com v\u00e1rios tipos de rem\u00e9dios, chips, dois modem,\u00a0 documenta\u00e7\u00e3o falsa e\u00a0 v\u00e1rias placas frias de ve\u00edculos.<\/p>\n<p style=\"text-align: justify;\">Pelo material encontrado, suspeita-se que o indiv\u00edduo seja membro de alguma quadrilha de assaltantes de ag\u00eancias banc\u00e1rias e o papel dele seja o de olheiro.\u00a0Depois de catalogado, o material foi encaminhado \u00e0 Delegacia Regional de Nossa Senhora da Gl\u00f3ria, juntamente com o autor, para os procedimentos cab\u00edveis.<\/p>\n<p style=\"text-align: justify;\"><strong>Acompanhe o SE Not\u00edcias no\u00a0<a href=\"https:\/\/twitter.com\/Senoticias\" target=\"_blank\">Twitter\u00a0<\/a>e no\u00a0<a href=\"https:\/\/www.facebook.com\/PortalSENoticias\/\" target=\"_blank\">Facebook<\/a><\/strong><\/p>\n<p style=\"text-align: justify;\"><strong>Informa\u00e7\u00f5es da PM\/SE<\/strong><\/p>\n","protected":false},"excerpt":{"rendered":"<p>A Pol\u00edcia Militar do Estado de Sergipe, por meio do 10\u00ba Batalh\u00e3o de Pol\u00edcia Militar (10\u00b0 BPM), prendeu um indiv\u00edduo que dirigia um carro com restri\u00e7\u00e3o de roubo\/furto na tarde da sexta-feira, 13, durante rondas no munic\u00edpio de Nossa Senhora das Dores, distante 72 quil\u00f4metros da capital. A a\u00e7\u00e3o aconteceu quando a guarni\u00e7\u00e3o composta pelo [&hellip;]<\/p>\n","protected":false},"author":1,"featured_media":86110,"comment_status":"closed","ping_status":"closed","sticky":false,"template":"","format":"standard","meta":{"footnotes":""},"categories":[15,7],"tags":[],"class_list":{"0":"post-86109","1":"post","2":"type-post","3":"status-publish","4":"format-standard","5":"has-post-thumbnail","7":"category-destaques","8":"category-policia"},"_links":{"self":[{"href":"https:\/\/senoticias.com.br\/se\/wp-json\/wp\/v2\/posts\/86109"}],"collection":[{"href":"https:\/\/senoticias.com.br\/se\/wp-json\/wp\/v2\/posts"}],"about":[{"href":"https:\/\/senoticias.com.br\/se\/wp-json\/wp\/v2\/types\/post"}],"author":[{"embeddable":true,"href":"https:\/\/senoticias.com.br\/se\/wp-json\/wp\/v2\/users\/1"}],"replies":[{"embeddable":true,"href":"https:\/\/senoticias.com.br\/se\/wp-json\/wp\/v2\/comments?post=86109"}],"version-history":[{"count":0,"href":"https:\/\/senoticias.com.br\/se\/wp-json\/wp\/v2\/posts\/86109\/revisions"}],"wp:featuredmedia":[{"embeddable":true,"href":"https:\/\/senoticias.com.br\/se\/wp-json\/wp\/v2\/media\/86110"}],"wp:attachment":[{"href":"https:\/\/senoticias.com.br\/se\/wp-json\/wp\/v2\/media?parent=86109"}],"wp:term":[{"taxonomy":"category","embeddable":true,"href":"https:\/\/senoticias.com.br\/se\/wp-json\/wp\/v2\/categories?post=86109"},{"taxonomy":"post_tag","embeddable":true,"href":"https:\/\/senoticias.com.br\/se\/wp-json\/wp\/v2\/tags?post=86109"}],"curies":[{"name":"wp","href":"https:\/\/api.w.org\/{rel}","templated":true}]}}