{"id":86105,"date":"2015-11-16T22:21:43","date_gmt":"2015-11-17T01:21:43","guid":{"rendered":"http:\/\/senoticias.com.br\/se\/?p=86105"},"modified":"2015-11-18T06:40:13","modified_gmt":"2015-11-18T09:40:13","slug":"idosa-de-66-anos-e-morta-a-facadas-pelo-proprio-companheiro-em-salgado","status":"publish","type":"post","link":"https:\/\/senoticias.com.br\/se\/idosa-de-66-anos-e-morta-a-facadas-pelo-proprio-companheiro-em-salgado\/","title":{"rendered":"Idosa de 66 anos \u00e9 morta a facadas pelo pr\u00f3prio companheiro, em Salgado; acusado j\u00e1 est\u00e1 preso"},"content":{"rendered":"<p>&nbsp;<\/p>\n<p style=\"text-align: justify;\">Jo\u00e3o Batista dos Santos, de 44 anos, foi preso em flagrante suspeito de ter matado a sua companheira, Cicera Ferreira de S\u00e1, 66 anos, com diversos golpes de faca no final da tarde desta segunda-feira (16), no Povoado Matatas, em salgado. De acordo com informa\u00e7\u00f5es da Pol\u00edcia Civil, uma equipe foi acionada depois que vizinhos escutaram gritos da v\u00edtima.<\/p>\n<div id=\"attachment_86106\" style=\"width: 608px\" class=\"wp-caption aligncenter\"><a href=\"http:\/\/senoticias.com.br\/se\/wp-content\/uploads\/2015\/11\/Salgado-e1447723149769.jpg\"><img loading=\"lazy\" decoding=\"async\" aria-describedby=\"caption-attachment-86106\" class=\"size-full wp-image-86106\" alt=\"O acusado permanece \u00e0 disposi\u00e7\u00e3o da justi\u00e7a na carceragem tempor\u00e1ria da Delegacia de Salgado. (Foto: SENot\u00edcias)\" src=\"http:\/\/senoticias.com.br\/se\/wp-content\/uploads\/2015\/11\/Salgado-e1447723149769.jpg\" width=\"598\" height=\"903\" \/><\/a><p id=\"caption-attachment-86106\" class=\"wp-caption-text\">O acusado permanece \u00e0 disposi\u00e7\u00e3o da justi\u00e7a na carceragem tempor\u00e1ria da Delegacia de Salgado. (Foto: SENot\u00edcias)<\/p><\/div>\n<p style=\"text-align: justify;\">Ao chegarem no local, os policiais j\u00e1 encontraram a idosa morta. O acusado foi preso logo depois do crime e levado \u00e0 Delegacia Plantonista de Est\u00e2ncia. Ele responder\u00e1 por homic\u00eddio qualificado.<\/p>\n<div id=\"attachment_86107\" style=\"width: 608px\" class=\"wp-caption aligncenter\"><a href=\"http:\/\/senoticias.com.br\/se\/wp-content\/uploads\/2015\/11\/Salgado-idosa-e1447723293674.jpg\"><img loading=\"lazy\" decoding=\"async\" aria-describedby=\"caption-attachment-86107\" class=\"size-full wp-image-86107\" alt=\" O corpo de  Cicera Ferreira de S\u00e1, 66 anos foi recolhido ao IML (Instituto M\u00e9dico Legal) de Aracaju. (Foto: SENot\u00edcias)\" src=\"http:\/\/senoticias.com.br\/se\/wp-content\/uploads\/2015\/11\/Salgado-idosa-e1447723293674.jpg\" width=\"598\" height=\"908\" \/><\/a><p id=\"caption-attachment-86107\" class=\"wp-caption-text\"><br \/>O corpo de Cicera Ferreira de S\u00e1, 66 anos foi recolhido ao IML (Instituto M\u00e9dico Legal) de Aracaju. (Foto: SENot\u00edcias)<\/p><\/div>\n<p><strong>Acompanhe o SE Not\u00edcias no\u00a0<a href=\"https:\/\/twitter.com\/Senoticias\" target=\"_blank\">Twitter\u00a0<\/a>e no\u00a0<a href=\"https:\/\/www.facebook.com\/PortalSENoticias\/\" target=\"_blank\">Facebook<\/a><\/strong><\/p>\n<p>&nbsp;<\/p>\n","protected":false},"excerpt":{"rendered":"<p>&nbsp; Jo\u00e3o Batista dos Santos, de 44 anos, foi preso em flagrante suspeito de ter matado a sua companheira, Cicera Ferreira de S\u00e1, 66 anos, com diversos golpes de faca no final da tarde desta segunda-feira (16), no Povoado Matatas, em salgado. De acordo com informa\u00e7\u00f5es da Pol\u00edcia Civil, uma equipe foi acionada depois que [&hellip;]<\/p>\n","protected":false},"author":1,"featured_media":86106,"comment_status":"closed","ping_status":"closed","sticky":false,"template":"","format":"standard","meta":{"footnotes":""},"categories":[7],"tags":[],"class_list":{"0":"post-86105","1":"post","2":"type-post","3":"status-publish","4":"format-standard","5":"has-post-thumbnail","7":"category-policia"},"_links":{"self":[{"href":"https:\/\/senoticias.com.br\/se\/wp-json\/wp\/v2\/posts\/86105"}],"collection":[{"href":"https:\/\/senoticias.com.br\/se\/wp-json\/wp\/v2\/posts"}],"about":[{"href":"https:\/\/senoticias.com.br\/se\/wp-json\/wp\/v2\/types\/post"}],"author":[{"embeddable":true,"href":"https:\/\/senoticias.com.br\/se\/wp-json\/wp\/v2\/users\/1"}],"replies":[{"embeddable":true,"href":"https:\/\/senoticias.com.br\/se\/wp-json\/wp\/v2\/comments?post=86105"}],"version-history":[{"count":0,"href":"https:\/\/senoticias.com.br\/se\/wp-json\/wp\/v2\/posts\/86105\/revisions"}],"wp:featuredmedia":[{"embeddable":true,"href":"https:\/\/senoticias.com.br\/se\/wp-json\/wp\/v2\/media\/86106"}],"wp:attachment":[{"href":"https:\/\/senoticias.com.br\/se\/wp-json\/wp\/v2\/media?parent=86105"}],"wp:term":[{"taxonomy":"category","embeddable":true,"href":"https:\/\/senoticias.com.br\/se\/wp-json\/wp\/v2\/categories?post=86105"},{"taxonomy":"post_tag","embeddable":true,"href":"https:\/\/senoticias.com.br\/se\/wp-json\/wp\/v2\/tags?post=86105"}],"curies":[{"name":"wp","href":"https:\/\/api.w.org\/{rel}","templated":true}]}}