{"id":86102,"date":"2015-11-16T21:42:39","date_gmt":"2015-11-17T00:42:39","guid":{"rendered":"http:\/\/senoticias.com.br\/se\/?p=86102"},"modified":"2015-11-17T15:45:05","modified_gmt":"2015-11-17T18:45:05","slug":"governador-reune-secretariado-e-cobra-criatividade-para-enfrentar-a-crise","status":"publish","type":"post","link":"https:\/\/senoticias.com.br\/se\/governador-reune-secretariado-e-cobra-criatividade-para-enfrentar-a-crise\/","title":{"rendered":"Governador re\u00fane secretariado e cobra criatividade para enfrentar a crise"},"content":{"rendered":"<p>&nbsp;<\/p>\n<p style=\"text-align: justify;\">O governador Jackson Barreto reuniu na tarde desta segunda-feira, 16, os secret\u00e1rios de Estado, dirigentes de \u00f3rg\u00e3os da administra\u00e7\u00e3o direta e indireta e os presidentes das funda\u00e7\u00f5es e autarquias do Governo de Sergipe. No encontro, que ocorreu no Pal\u00e1cio de Veraneio, o governador solicitou que os dirigentes das pastas elaborem o relat\u00f3rio de gest\u00e3o de 2015, que deve ser entregue at\u00e9 o dia 30 de novembro.<br \/>\nJackson Barreto disse que quer um relat\u00f3rio sucinto e que cada dirigente apresente o que foi executado ao longo do ano. \u201cSabemos das dificuldades que todos est\u00e3o enfrentando e queremos tomar conhecimento das iniciativas que cada um de voc\u00eas tomou para enfrentar a crise e tamb\u00e9m quais as a\u00e7\u00f5es que pretendem desenvolver em 2016\u201d, acentuou.<\/p>\n<div id=\"attachment_86104\" style=\"width: 608px\" class=\"wp-caption aligncenter\"><a href=\"http:\/\/senoticias.com.br\/se\/wp-content\/uploads\/2015\/11\/jb-e1447721057379.jpeg\"><img loading=\"lazy\" decoding=\"async\" aria-describedby=\"caption-attachment-86104\" class=\"size-full wp-image-86104\" alt=\"O Governo do Estado reuniu a imprensa na manh\u00e3 desta segunda-feira, 16, no Pal\u00e1cio de Veraneio para o ato de transfer\u00eancia de cargo do governador em exerc\u00edcio, Belivaldo Chagas para o titular, Jackson Barreto. (Foto: Marcelle Cristinne\/ASN)\" src=\"http:\/\/senoticias.com.br\/se\/wp-content\/uploads\/2015\/11\/jb-e1447721057379.jpeg\" width=\"598\" height=\"401\" \/><\/a><p id=\"caption-attachment-86104\" class=\"wp-caption-text\">O Governo do Estado reuniu a imprensa na manh\u00e3 desta segunda-feira, 16, no Pal\u00e1cio de Veraneio para o ato de transfer\u00eancia de cargo do governador em exerc\u00edcio, Belivaldo Chagas para o titular, Jackson Barreto. (Foto: Marcelle Cristinne\/ASN)<\/p><\/div>\n<p style=\"text-align: justify;\">O governador pediu que os gestores usem da criatividade para cortar gastos e enfrentar a crise, sem deixar de oferecer os servi\u00e7os necess\u00e1rios \u00e0 popula\u00e7\u00e3o. Na ocasi\u00e3o, ele pediu provid\u00eancias ao secret\u00e1rio de Obras, Valmor Barbosa, para reformar o pr\u00e9dio onde estava instalado o Batalh\u00e3o da Caatinga, para que ele retorne ao povoado Vaca Serrada, em Po\u00e7o Redondo. No momento, o batalh\u00e3o est\u00e1 instalado num pr\u00e9dio em Nossa Senhora da Gl\u00f3ria.<\/p>\n<p style=\"text-align: justify;\">O secret\u00e1rio de Estado da Fazenda, Jeferson Passos, refor\u00e7ou a solicita\u00e7\u00e3o do governador ao demonstrar as dificuldades financeiras que o Estado enfrenta nos \u00faltimos anos. Ele disse que o governo tomou uma s\u00e9rie de medidas para cortar gastos tanto de pessoal como de custeio da m\u00e1quina, mas ainda \u00e9 necess\u00e1rio apertar o cinto. O secret\u00e1rio destacou que ap\u00f3s os cortes do governo, as despesas est\u00e3o equivalentes a 2009.<\/p>\n<p style=\"text-align: justify;\">A Sefaz tamb\u00e9m tomou uma s\u00e9rie de medidas para incrementar a receita, dentre eles a mudan\u00e7a do novo sistema de inscri\u00e7\u00e3o da d\u00edvida ativa, revis\u00e3o de concess\u00e3o de benef\u00edcios fiscais, recupera\u00e7\u00e3o de valores com a cobran\u00e7a sistem\u00e1tica e fiscaliza\u00e7\u00e3o. Jeferson Passos esclareceu ainda que alguns produtos como bebida alco\u00f3lica e cigarro tiveram a al\u00edquotas do ICMS reajustada, assim como a do IPVA e do ICMD. A partir de primeiro de janeiro o governo tamb\u00e9m vai arrecadar parte do ICMS nas vendas por internet.<\/p>\n<p style=\"text-align: justify;\"><strong>Acompanhe o SE Not\u00edcias no\u00a0<a href=\"https:\/\/twitter.com\/Senoticias\" target=\"_blank\">Twitter\u00a0<\/a>e no\u00a0<a href=\"https:\/\/www.facebook.com\/PortalSENoticias\/\" target=\"_blank\">Facebook<\/a><\/strong><\/p>\n<p><strong> Secretaria de Estado da Comunica\u00e7\u00e3o Social<\/strong><br \/>\n<strong> Governo de Sergipe<\/strong><\/p>\n","protected":false},"excerpt":{"rendered":"<p>&nbsp; O governador Jackson Barreto reuniu na tarde desta segunda-feira, 16, os secret\u00e1rios de Estado, dirigentes de \u00f3rg\u00e3os da administra\u00e7\u00e3o direta e indireta e os presidentes das funda\u00e7\u00f5es e autarquias do Governo de Sergipe. No encontro, que ocorreu no Pal\u00e1cio de Veraneio, o governador solicitou que os dirigentes das pastas elaborem o relat\u00f3rio de gest\u00e3o [&hellip;]<\/p>\n","protected":false},"author":1,"featured_media":86104,"comment_status":"closed","ping_status":"closed","sticky":false,"template":"","format":"standard","meta":{"footnotes":""},"categories":[6],"tags":[],"class_list":{"0":"post-86102","1":"post","2":"type-post","3":"status-publish","4":"format-standard","5":"has-post-thumbnail","7":"category-politica"},"_links":{"self":[{"href":"https:\/\/senoticias.com.br\/se\/wp-json\/wp\/v2\/posts\/86102"}],"collection":[{"href":"https:\/\/senoticias.com.br\/se\/wp-json\/wp\/v2\/posts"}],"about":[{"href":"https:\/\/senoticias.com.br\/se\/wp-json\/wp\/v2\/types\/post"}],"author":[{"embeddable":true,"href":"https:\/\/senoticias.com.br\/se\/wp-json\/wp\/v2\/users\/1"}],"replies":[{"embeddable":true,"href":"https:\/\/senoticias.com.br\/se\/wp-json\/wp\/v2\/comments?post=86102"}],"version-history":[{"count":0,"href":"https:\/\/senoticias.com.br\/se\/wp-json\/wp\/v2\/posts\/86102\/revisions"}],"wp:featuredmedia":[{"embeddable":true,"href":"https:\/\/senoticias.com.br\/se\/wp-json\/wp\/v2\/media\/86104"}],"wp:attachment":[{"href":"https:\/\/senoticias.com.br\/se\/wp-json\/wp\/v2\/media?parent=86102"}],"wp:term":[{"taxonomy":"category","embeddable":true,"href":"https:\/\/senoticias.com.br\/se\/wp-json\/wp\/v2\/categories?post=86102"},{"taxonomy":"post_tag","embeddable":true,"href":"https:\/\/senoticias.com.br\/se\/wp-json\/wp\/v2\/tags?post=86102"}],"curies":[{"name":"wp","href":"https:\/\/api.w.org\/{rel}","templated":true}]}}