{"id":86099,"date":"2015-11-16T18:52:36","date_gmt":"2015-11-16T21:52:36","guid":{"rendered":"http:\/\/senoticias.com.br\/se\/?p=86099"},"modified":"2015-11-17T22:42:40","modified_gmt":"2015-11-18T01:42:40","slug":"mulher-morta-a-tiros-em-itabaiana","status":"publish","type":"post","link":"https:\/\/senoticias.com.br\/se\/mulher-morta-a-tiros-em-itabaiana\/","title":{"rendered":"Mulher morta a tiros em Itabaiana"},"content":{"rendered":"<p style=\"text-align: justify;\"><em><strong>Por Iane Gois, <a href=\"http:\/\/senoticias.com.br\/se\/?p=86093\" target=\"_blank\">Itnet<\/a><\/strong><\/em><\/p>\n<p style=\"text-align: justify;\">Um homic\u00eddio ocorrido h\u00e1 pouco na Rua Francisco Oliveira aumenta a estat\u00edstica de homic\u00eddios em Itabaiana (SE), onde, desde o in\u00edcio do ano, 72 crimes j\u00e1 foram registrados pela pol\u00edcia. O assassinato \u00e9 o terceiro em menos de 24h.<\/p>\n<div id=\"attachment_86100\" style=\"width: 608px\" class=\"wp-caption aligncenter\"><a href=\"http:\/\/senoticias.com.br\/se\/wp-content\/uploads\/2015\/11\/ita-e1447710607279.jpg\"><img loading=\"lazy\" decoding=\"async\" aria-describedby=\"caption-attachment-86100\" class=\"size-full wp-image-86100\" alt=\"Com esse homic\u00eddio, sobe para 72 ,somente este ano em Itabaiana. (Foto:Itnet)\" src=\"http:\/\/senoticias.com.br\/se\/wp-content\/uploads\/2015\/11\/ita-e1447710607279.jpg\" width=\"598\" height=\"598\" \/><\/a><p id=\"caption-attachment-86100\" class=\"wp-caption-text\">Com esse homic\u00eddio, sobe para 72, somente este ano em Itabaiana. (Foto:Itnet)<\/p><\/div>\n<p style=\"text-align: justify;\">A v\u00edtima, de prenome Jackequeline, transitava em um ciclomotor pela via p\u00fablica quando foi alvejada por disparos de arma de fogo.<\/p>\n<p style=\"text-align: justify;\">A pol\u00edcia j\u00e1 tem informa\u00e7\u00f5es sobre a poss\u00edvel autoria do crime, mas a fim de n\u00e3o atrapalhar as investiga\u00e7\u00f5es a identidade do suspeito, que est\u00e1 foragido, n\u00e3o foi divulgada.<\/p>\n<p style=\"text-align: justify;\"><strong>Acompanhe o SE Not\u00edcias no\u00a0<a href=\"https:\/\/twitter.com\/Senoticias\" target=\"_blank\">Twitter\u00a0<\/a>e no\u00a0<a href=\"https:\/\/www.facebook.com\/PortalSENoticias\/\" target=\"_blank\">Facebook<\/a><\/strong><\/p>\n","protected":false},"excerpt":{"rendered":"<p>Por Iane Gois, Itnet Um homic\u00eddio ocorrido h\u00e1 pouco na Rua Francisco Oliveira aumenta a estat\u00edstica de homic\u00eddios em Itabaiana (SE), onde, desde o in\u00edcio do ano, 72 crimes j\u00e1 foram registrados pela pol\u00edcia. O assassinato \u00e9 o terceiro em menos de 24h. A v\u00edtima, de prenome Jackequeline, transitava em um ciclomotor pela via p\u00fablica [&hellip;]<\/p>\n","protected":false},"author":3,"featured_media":86100,"comment_status":"closed","ping_status":"closed","sticky":false,"template":"","format":"standard","meta":{"footnotes":""},"categories":[15,7],"tags":[],"class_list":{"0":"post-86099","1":"post","2":"type-post","3":"status-publish","4":"format-standard","5":"has-post-thumbnail","7":"category-destaques","8":"category-policia"},"_links":{"self":[{"href":"https:\/\/senoticias.com.br\/se\/wp-json\/wp\/v2\/posts\/86099"}],"collection":[{"href":"https:\/\/senoticias.com.br\/se\/wp-json\/wp\/v2\/posts"}],"about":[{"href":"https:\/\/senoticias.com.br\/se\/wp-json\/wp\/v2\/types\/post"}],"author":[{"embeddable":true,"href":"https:\/\/senoticias.com.br\/se\/wp-json\/wp\/v2\/users\/3"}],"replies":[{"embeddable":true,"href":"https:\/\/senoticias.com.br\/se\/wp-json\/wp\/v2\/comments?post=86099"}],"version-history":[{"count":0,"href":"https:\/\/senoticias.com.br\/se\/wp-json\/wp\/v2\/posts\/86099\/revisions"}],"wp:featuredmedia":[{"embeddable":true,"href":"https:\/\/senoticias.com.br\/se\/wp-json\/wp\/v2\/media\/86100"}],"wp:attachment":[{"href":"https:\/\/senoticias.com.br\/se\/wp-json\/wp\/v2\/media?parent=86099"}],"wp:term":[{"taxonomy":"category","embeddable":true,"href":"https:\/\/senoticias.com.br\/se\/wp-json\/wp\/v2\/categories?post=86099"},{"taxonomy":"post_tag","embeddable":true,"href":"https:\/\/senoticias.com.br\/se\/wp-json\/wp\/v2\/tags?post=86099"}],"curies":[{"name":"wp","href":"https:\/\/api.w.org\/{rel}","templated":true}]}}