{"id":86093,"date":"2015-11-16T15:54:47","date_gmt":"2015-11-16T18:54:47","guid":{"rendered":"http:\/\/senoticias.com.br\/se\/?p=86093"},"modified":"2015-11-17T14:34:11","modified_gmt":"2015-11-17T17:34:11","slug":"sede-do-pmdb-em-sergipe-e-pichada-com-palavras-de-ordem-contra-cunha","status":"publish","type":"post","link":"https:\/\/senoticias.com.br\/se\/sede-do-pmdb-em-sergipe-e-pichada-com-palavras-de-ordem-contra-cunha\/","title":{"rendered":"Sede do PMDB em Sergipe \u00e9 pichada com palavras de ordem contra Eduardo Cunha"},"content":{"rendered":"<div id=\"attachment_86094\" style=\"width: 608px\" class=\"wp-caption aligncenter\"><a href=\"http:\/\/senoticias.com.br\/se\/wp-content\/uploads\/2015\/11\/cunha_2.jpg\"><img loading=\"lazy\" decoding=\"async\" aria-describedby=\"caption-attachment-86094\" class=\" wp-image-86094 \" alt=\"Pr\u00e9dio foi pichado durante na madrugada desta segunda (Foto: Reprodu\u00e7\u00e3o\/TV Sergipe)\" src=\"http:\/\/senoticias.com.br\/se\/wp-content\/uploads\/2015\/11\/cunha_2.jpg\" width=\"598\" height=\"465\" \/><\/a><p id=\"caption-attachment-86094\" class=\"wp-caption-text\">Pr\u00e9dio foi pichado durante na madrugada desta segunda (Foto: Reprodu\u00e7\u00e3o\/TV Sergipe)<\/p><\/div>\n<p style=\"text-align: justify;\">O pr\u00e9dio da sede do PMDB de Sergipe localizado na Avenida Bar\u00e3o de Maruim, regi\u00e3o Central de Aracaju, foi pichado na madrugada desta segunda-feira (16), com palavras de ordem contra o presidente da C\u00e2mara, deputado Eduardo Cunha (PMDB\/RJ).<\/p>\n<p style=\"text-align: justify;\">\u201cQuebraram as portas do PMDB e picharam fora Cunha. Como se o PMDB de Sergipe, um partido hist\u00f3rico que luta contra a ilegalidade e pela democracia, tivesse alguma coisa com o comportamento do senhor Eduardo Cunha\u201d, disse o presidente do partido em Sergipe Jo\u00e3o Augusto Gama.<\/p>\n<p style=\"text-align: justify;\">Ele revelou ainda que espera a identifica\u00e7\u00e3o dos autores do vandalismo. \u201cJ\u00e1 prestamos queixa \u00e0 pol\u00edcia e fizemos um acervo fotogr\u00e1fico. Agora aguardamos o resultado das investiga\u00e7\u00f5es\u201d, finalizou.<\/p>\n<p style=\"text-align: justify;\"><em>Com informa\u00e7\u00f5es do G1, em Sergipe<\/em><\/p>\n<p style=\"text-align: justify;\"><strong>Acompanhe o SE Not\u00edcias no <a href=\"https:\/\/twitter.com\/Senoticias\" target=\"_blank\">Twitter <\/a>e no <a href=\"https:\/\/www.facebook.com\/PortalSENoticias\/\" target=\"_blank\">Facebook<\/a><\/strong><\/p>\n","protected":false},"excerpt":{"rendered":"<p>O pr\u00e9dio da sede do PMDB de Sergipe localizado na Avenida Bar\u00e3o de Maruim, regi\u00e3o Central de Aracaju, foi pichado na madrugada desta segunda-feira (16), com palavras de ordem contra o presidente da C\u00e2mara, deputado Eduardo Cunha (PMDB\/RJ). \u201cQuebraram as portas do PMDB e picharam fora Cunha. Como se o PMDB de Sergipe, um partido [&hellip;]<\/p>\n","protected":false},"author":1,"featured_media":86094,"comment_status":"closed","ping_status":"closed","sticky":false,"template":"","format":"standard","meta":{"footnotes":""},"categories":[6],"tags":[],"class_list":{"0":"post-86093","1":"post","2":"type-post","3":"status-publish","4":"format-standard","5":"has-post-thumbnail","7":"category-politica"},"_links":{"self":[{"href":"https:\/\/senoticias.com.br\/se\/wp-json\/wp\/v2\/posts\/86093"}],"collection":[{"href":"https:\/\/senoticias.com.br\/se\/wp-json\/wp\/v2\/posts"}],"about":[{"href":"https:\/\/senoticias.com.br\/se\/wp-json\/wp\/v2\/types\/post"}],"author":[{"embeddable":true,"href":"https:\/\/senoticias.com.br\/se\/wp-json\/wp\/v2\/users\/1"}],"replies":[{"embeddable":true,"href":"https:\/\/senoticias.com.br\/se\/wp-json\/wp\/v2\/comments?post=86093"}],"version-history":[{"count":0,"href":"https:\/\/senoticias.com.br\/se\/wp-json\/wp\/v2\/posts\/86093\/revisions"}],"wp:featuredmedia":[{"embeddable":true,"href":"https:\/\/senoticias.com.br\/se\/wp-json\/wp\/v2\/media\/86094"}],"wp:attachment":[{"href":"https:\/\/senoticias.com.br\/se\/wp-json\/wp\/v2\/media?parent=86093"}],"wp:term":[{"taxonomy":"category","embeddable":true,"href":"https:\/\/senoticias.com.br\/se\/wp-json\/wp\/v2\/categories?post=86093"},{"taxonomy":"post_tag","embeddable":true,"href":"https:\/\/senoticias.com.br\/se\/wp-json\/wp\/v2\/tags?post=86093"}],"curies":[{"name":"wp","href":"https:\/\/api.w.org\/{rel}","templated":true}]}}