{"id":86090,"date":"2015-11-16T15:50:36","date_gmt":"2015-11-16T18:50:36","guid":{"rendered":"http:\/\/senoticias.com.br\/se\/?p=86090"},"modified":"2015-11-16T15:50:36","modified_gmt":"2015-11-16T18:50:36","slug":"jackson-barreto-reassume-o-governo-de-sergipe-apos-tres-meses","status":"publish","type":"post","link":"https:\/\/senoticias.com.br\/se\/jackson-barreto-reassume-o-governo-de-sergipe-apos-tres-meses\/","title":{"rendered":"Jackson Barreto reassume o Governo de Sergipe ap\u00f3s tr\u00eas meses"},"content":{"rendered":"<div id=\"attachment_86091\" style=\"width: 298px\" class=\"wp-caption alignright\"><a href=\"http:\/\/senoticias.com.br\/se\/wp-content\/uploads\/2015\/11\/7055e66eb992c1e4d427412d42318ff8.jpeg\"><img loading=\"lazy\" decoding=\"async\" aria-describedby=\"caption-attachment-86091\" class=\"size-medium wp-image-86091\" alt=\"Jackson Barreto reassumiu o cargo para o qual foi eleito ap\u00f3s tr\u00eas meses afastado (Foto: Assessoria\/Divulga\u00e7\u00e3o)\" src=\"http:\/\/senoticias.com.br\/se\/wp-content\/uploads\/2015\/11\/7055e66eb992c1e4d427412d42318ff8-288x300.jpeg\" width=\"288\" height=\"300\" srcset=\"https:\/\/senoticias.com.br\/se\/wp-content\/uploads\/2015\/11\/7055e66eb992c1e4d427412d42318ff8-288x300.jpeg 288w, https:\/\/senoticias.com.br\/se\/wp-content\/uploads\/2015\/11\/7055e66eb992c1e4d427412d42318ff8-342x355.jpeg 342w, https:\/\/senoticias.com.br\/se\/wp-content\/uploads\/2015\/11\/7055e66eb992c1e4d427412d42318ff8-300x311.jpeg 300w, https:\/\/senoticias.com.br\/se\/wp-content\/uploads\/2015\/11\/7055e66eb992c1e4d427412d42318ff8.jpeg 963w\" sizes=\"(max-width: 288px) 100vw, 288px\" \/><\/a><p id=\"caption-attachment-86091\" class=\"wp-caption-text\">Jackson Barreto reassumiu o cargo para o qual foi eleito ap\u00f3s tr\u00eas meses afastado (Foto: Assessoria\/Divulga\u00e7\u00e3o)<\/p><\/div>\n<p style=\"text-align: justify;\">O governador Jackson Barreto reassumiu nesta segunda-feira (16) a fun\u00e7\u00e3o para o qual foi eleito. De acordo com a Secretaria de Estado da Comunica\u00e7\u00e3o (Secom), o gestor precisou ficar quase tr\u00eas meses afastado do cargo devido a uma cirurgia no p\u00e9. Neste per\u00edodo o vice-governador, Belivaldo Chagas, ficou respons\u00e1vel por Sergipe.<\/p>\n<p style=\"text-align: justify;\">Durante a coletiva o governador revelou que solicitou o emprego da For\u00e7a Nacional de Seguran\u00e7a P\u00fablica no Estado de Sergipe, por um prazo 12 meses no m\u00ednimo para ajudar no refor\u00e7o da seguran\u00e7a no estado. E assinou um decreto, com o objetivo de estabelecer zonas especiais em Sergipe para que o n\u00famero de homic\u00eddios possa ser combatido. &#8221; O decreto estabelece zonas especiais para trabalhar, levando em conta principalmente, o n\u00famero de homic\u00eddios por regi\u00e3o e munic\u00edpio. O of\u00edcio que eu fiz ao ministro da Justi\u00e7a pede a presen\u00e7a da For\u00e7a Nacional, pois o n\u00famero de homic\u00eddios cresceu de forma assustadora e isso preocupa o governo&#8221;, destacou o governador.<\/p>\n<p style=\"text-align: justify;\">Segundo o secret\u00e1rio de Seguran\u00e7a P\u00fablica de Sergipe, Mendon\u00e7a Prado o governador solicitou um estudo sobre quais seriam as regi\u00f5es com \u00edndices de maior viol\u00eancia para que fosse tra\u00e7ado um trabalho direcionado a diminui\u00e7\u00e3o desses n\u00fameros.<\/p>\n<p style=\"text-align: justify;\"><em>Informa\u00e7\u00f5es do G1, em Sergipe<\/em><\/p>\n<p style=\"text-align: justify;\"><strong>Acompanhe o SE Not\u00edcias no <a href=\"https:\/\/twitter.com\/Senoticias\" target=\"_blank\">Twitter <\/a>e no <a href=\"https:\/\/www.facebook.com\/PortalSENoticias\/\" target=\"_blank\">Facebook<\/a><\/strong><\/p>\n","protected":false},"excerpt":{"rendered":"<p>O governador Jackson Barreto reassumiu nesta segunda-feira (16) a fun\u00e7\u00e3o para o qual foi eleito. De acordo com a Secretaria de Estado da Comunica\u00e7\u00e3o (Secom), o gestor precisou ficar quase tr\u00eas meses afastado do cargo devido a uma cirurgia no p\u00e9. Neste per\u00edodo o vice-governador, Belivaldo Chagas, ficou respons\u00e1vel por Sergipe. Durante a coletiva o [&hellip;]<\/p>\n","protected":false},"author":1,"featured_media":86091,"comment_status":"closed","ping_status":"closed","sticky":false,"template":"","format":"standard","meta":{"footnotes":""},"categories":[6],"tags":[],"class_list":{"0":"post-86090","1":"post","2":"type-post","3":"status-publish","4":"format-standard","5":"has-post-thumbnail","7":"category-politica"},"_links":{"self":[{"href":"https:\/\/senoticias.com.br\/se\/wp-json\/wp\/v2\/posts\/86090"}],"collection":[{"href":"https:\/\/senoticias.com.br\/se\/wp-json\/wp\/v2\/posts"}],"about":[{"href":"https:\/\/senoticias.com.br\/se\/wp-json\/wp\/v2\/types\/post"}],"author":[{"embeddable":true,"href":"https:\/\/senoticias.com.br\/se\/wp-json\/wp\/v2\/users\/1"}],"replies":[{"embeddable":true,"href":"https:\/\/senoticias.com.br\/se\/wp-json\/wp\/v2\/comments?post=86090"}],"version-history":[{"count":0,"href":"https:\/\/senoticias.com.br\/se\/wp-json\/wp\/v2\/posts\/86090\/revisions"}],"wp:featuredmedia":[{"embeddable":true,"href":"https:\/\/senoticias.com.br\/se\/wp-json\/wp\/v2\/media\/86091"}],"wp:attachment":[{"href":"https:\/\/senoticias.com.br\/se\/wp-json\/wp\/v2\/media?parent=86090"}],"wp:term":[{"taxonomy":"category","embeddable":true,"href":"https:\/\/senoticias.com.br\/se\/wp-json\/wp\/v2\/categories?post=86090"},{"taxonomy":"post_tag","embeddable":true,"href":"https:\/\/senoticias.com.br\/se\/wp-json\/wp\/v2\/tags?post=86090"}],"curies":[{"name":"wp","href":"https:\/\/api.w.org\/{rel}","templated":true}]}}