{"id":86089,"date":"2015-11-16T15:42:00","date_gmt":"2015-11-16T18:42:00","guid":{"rendered":"http:\/\/senoticias.com.br\/se\/?p=86089"},"modified":"2015-11-16T17:02:50","modified_gmt":"2015-11-16T20:02:50","slug":"mp-ajuiza-acao-de-improbidade-administrativa-contra-deputado-federal-e-mais-oito-pessoas","status":"publish","type":"post","link":"https:\/\/senoticias.com.br\/se\/mp-ajuiza-acao-de-improbidade-administrativa-contra-deputado-federal-e-mais-oito-pessoas\/","title":{"rendered":"Minist\u00e9rio P\u00fablico de Sergipe aju\u00edza A\u00e7\u00e3o contra Jo\u00e3o Daniel e mais oito pessoas"},"content":{"rendered":"<div id=\"attachment_61633\" style=\"width: 310px\" class=\"wp-caption alignright\"><a href=\"http:\/\/senoticias.com.br\/se\/wp-content\/uploads\/2014\/03\/grande-joao_daniel_nova_maria_odilia.jpg\"><img loading=\"lazy\" decoding=\"async\" aria-describedby=\"caption-attachment-61633\" class=\"size-medium wp-image-61633\" alt=\"MPE aju\u00edza A\u00e7\u00e3o de Improbidade Administrativa contra Jo\u00e3o Daniel e mais oito pessoas.  (Foto de arquivo Maria Od\u00edlia)\" src=\"http:\/\/senoticias.com.br\/se\/wp-content\/uploads\/2014\/03\/grande-joao_daniel_nova_maria_odilia-300x199.jpg\" width=\"300\" height=\"199\" srcset=\"https:\/\/senoticias.com.br\/se\/wp-content\/uploads\/2014\/03\/grande-joao_daniel_nova_maria_odilia-300x199.jpg 300w, https:\/\/senoticias.com.br\/se\/wp-content\/uploads\/2014\/03\/grande-joao_daniel_nova_maria_odilia-342x227.jpg 342w, https:\/\/senoticias.com.br\/se\/wp-content\/uploads\/2014\/03\/grande-joao_daniel_nova_maria_odilia.jpg 500w\" sizes=\"(max-width: 300px) 100vw, 300px\" \/><\/a><p id=\"caption-attachment-61633\" class=\"wp-caption-text\">MPE aju\u00edza A\u00e7\u00e3o de Improbidade Administrativa contra Jo\u00e3o Daniel e mais oito pessoas. (Foto de arquivo Maria Od\u00edlia)<\/p><\/div>\n<p style=\"text-align: justify;\">O Minist\u00e9rio P\u00fablico de Sergipe ajuizou A\u00e7\u00e3o Civil por Ato de Improbidade Administrava em face do ex-Deputado Estadual e atualmente Deputado Federal, Jo\u00e3o Somariva Daniel. De acordo com o MP, um Inqu\u00e9rito Civil apurou supostas irregularidades na aplica\u00e7\u00e3o de recursos p\u00fablicos provenientes de subven\u00e7\u00f5es sociais da Assembleia Legislativa do Estado de Sergipe \u2013 ALESE pelos gestores da Casa Legislativa, Deputados Estaduais, respons\u00e1veis pela indica\u00e7\u00e3o da mencionada verba, e pelos Dirigentes de Associa\u00e7\u00f5es e Entidades ligadas ao Terceiro Setor.<\/p>\n<p style=\"text-align: justify;\">Al\u00e9m do Deputado, outras oito pessoas est\u00e3o envolvidas e tamb\u00e9m responder\u00e3o por improbidade administrativa, s\u00e3o elas: a Presidente da Associa\u00e7\u00e3o de Coopera\u00e7\u00e3o Agr\u00edcola do Estado de Sergipe, Rita Henrique Santos; o Presidente do Centro Comunit\u00e1rio de Forma\u00e7\u00e3o em Agropecu\u00e1ria Dom Jos\u00e9 Brand\u00e3o de Castro \u2013 CFAC, C\u00edcero Jos\u00e9 De Carvalho; o S\u00f3cio da Empresa BHS Servi\u00e7os e Promo\u00e7\u00f5es de Eventos Ltda., Wacil Leandro De Morais J\u00fanior; o Servidor P\u00fablico, Augusto C\u00e9sar Melo de Souza; a Empres\u00e1ria Luciana Brito dos Santos Melo; o Empres\u00e1rio Cristiano da Silva Souza; o T\u00e9cnico em Agropecu\u00e1ria, Rog\u00e9rio Silva Santos; e Francileide Maria Da Silva.<\/p>\n<p style=\"text-align: justify;\">O MP requer a indisponibilidade dos bens, contas banc\u00e1rias e aplica\u00e7\u00f5es financeiras dos acusados, no montante que assegure o ressarcimento integral do dano de <strong>R$ 1.500.000,00<\/strong> (<strong>um milh\u00e3o e quinhentos mil reais<\/strong>), distribu\u00eddo indevidamente de encontro \u00e0 legisla\u00e7\u00e3o vigente.<\/p>\n<p style=\"text-align: justify;\">Os Promotores de Justi\u00e7a que ajuizaram a A\u00e7\u00e3o, Dr. Henrique Ribeiro Cardoso, Dr. Bruno Melo Moura, Dr. Jarbas Adelino Santos J\u00fanior, Dra. Maria Helena M. Sanches Lisboa e Dr. Ant\u00f4nio Fernandes da Silva J\u00fanior, integram o Grupo de Combate \u00e0 Improbidade Administrativa \u2013 GCIA. O Grupo foi criado pelo Procurador-Geral de Justi\u00e7a, a fim de atuar diretamente no combate \u00e0 corrup\u00e7\u00e3o e impunidade no setor p\u00fablico, atuando em conjunto com os Promotores de Justi\u00e7a do Estado.<\/p>\n<p style=\"text-align: justify;\">\u201cAliado ao louv\u00e1vel trabalho do Minist\u00e9rio P\u00fablico Eleitoral, o Minist\u00e9rio P\u00fablico Estadual, paralelamente, instaurou 20 Inqu\u00e9ritos Civis e apurou em procedimentos pr\u00f3prios a regularidade dos repasses \u00e0s entidades privadas e o efetivo funcionamento de diversas associa\u00e7\u00f5es integrantes do Terceiro Setor, assim como procedeu com a colheita de prova oral, realizou dilig\u00eancias, requisitou novos documentos e realizou novas quebras de sigilos banc\u00e1rios\u201d, destacaram os Promotores de Justi\u00e7a na A\u00e7\u00e3o.<\/p>\n<p style=\"text-align: justify;\"><em>Fonte: MPE\/SE<\/em><\/p>\n<p style=\"text-align: justify;\"><strong>Acompanhe o SE Not\u00edcias no <a href=\"https:\/\/twitter.com\/Senoticias\" target=\"_blank\">Twitter <\/a>e no <a href=\"https:\/\/www.facebook.com\/PortalSENoticias\/\" target=\"_blank\">Facebook<\/a><\/strong><\/p>\n","protected":false},"excerpt":{"rendered":"<p>O Minist\u00e9rio P\u00fablico de Sergipe ajuizou A\u00e7\u00e3o Civil por Ato de Improbidade Administrava em face do ex-Deputado Estadual e atualmente Deputado Federal, Jo\u00e3o Somariva Daniel. De acordo com o MP, um Inqu\u00e9rito Civil apurou supostas irregularidades na aplica\u00e7\u00e3o de recursos p\u00fablicos provenientes de subven\u00e7\u00f5es sociais da Assembleia Legislativa do Estado de Sergipe \u2013 ALESE pelos [&hellip;]<\/p>\n","protected":false},"author":1,"featured_media":61633,"comment_status":"closed","ping_status":"closed","sticky":false,"template":"","format":"standard","meta":{"footnotes":""},"categories":[6],"tags":[],"class_list":{"0":"post-86089","1":"post","2":"type-post","3":"status-publish","4":"format-standard","5":"has-post-thumbnail","7":"category-politica"},"_links":{"self":[{"href":"https:\/\/senoticias.com.br\/se\/wp-json\/wp\/v2\/posts\/86089"}],"collection":[{"href":"https:\/\/senoticias.com.br\/se\/wp-json\/wp\/v2\/posts"}],"about":[{"href":"https:\/\/senoticias.com.br\/se\/wp-json\/wp\/v2\/types\/post"}],"author":[{"embeddable":true,"href":"https:\/\/senoticias.com.br\/se\/wp-json\/wp\/v2\/users\/1"}],"replies":[{"embeddable":true,"href":"https:\/\/senoticias.com.br\/se\/wp-json\/wp\/v2\/comments?post=86089"}],"version-history":[{"count":0,"href":"https:\/\/senoticias.com.br\/se\/wp-json\/wp\/v2\/posts\/86089\/revisions"}],"wp:featuredmedia":[{"embeddable":true,"href":"https:\/\/senoticias.com.br\/se\/wp-json\/wp\/v2\/media\/61633"}],"wp:attachment":[{"href":"https:\/\/senoticias.com.br\/se\/wp-json\/wp\/v2\/media?parent=86089"}],"wp:term":[{"taxonomy":"category","embeddable":true,"href":"https:\/\/senoticias.com.br\/se\/wp-json\/wp\/v2\/categories?post=86089"},{"taxonomy":"post_tag","embeddable":true,"href":"https:\/\/senoticias.com.br\/se\/wp-json\/wp\/v2\/tags?post=86089"}],"curies":[{"name":"wp","href":"https:\/\/api.w.org\/{rel}","templated":true}]}}