{"id":86087,"date":"2015-11-16T15:33:12","date_gmt":"2015-11-16T18:33:12","guid":{"rendered":"http:\/\/senoticias.com.br\/se\/?p=86087"},"modified":"2015-11-16T15:33:12","modified_gmt":"2015-11-16T18:33:12","slug":"receita-paga-sexto-lote-de-restituicao-do-imposto-de-renda","status":"publish","type":"post","link":"https:\/\/senoticias.com.br\/se\/receita-paga-sexto-lote-de-restituicao-do-imposto-de-renda\/","title":{"rendered":"Receita paga sexto lote de restitui\u00e7\u00e3o do Imposto de Renda"},"content":{"rendered":"<div id=\"attachment_80533\" style=\"width: 310px\" class=\"wp-caption alignright\"><a href=\"http:\/\/senoticias.com.br\/se\/wp-content\/uploads\/2015\/06\/611201475324.jpg\"><img loading=\"lazy\" decoding=\"async\" aria-describedby=\"caption-attachment-80533\" class=\"size-medium wp-image-80533\" alt=\"Foto: Divulga\u00e7\u00e3o \" src=\"http:\/\/senoticias.com.br\/se\/wp-content\/uploads\/2015\/06\/611201475324-300x172.jpg\" width=\"300\" height=\"172\" srcset=\"https:\/\/senoticias.com.br\/se\/wp-content\/uploads\/2015\/06\/611201475324-300x172.jpg 300w, https:\/\/senoticias.com.br\/se\/wp-content\/uploads\/2015\/06\/611201475324-342x196.jpg 342w, https:\/\/senoticias.com.br\/se\/wp-content\/uploads\/2015\/06\/611201475324.jpg 640w\" sizes=\"(max-width: 300px) 100vw, 300px\" \/><\/a><p id=\"caption-attachment-80533\" class=\"wp-caption-text\">Foto: Divulga\u00e7\u00e3o<\/p><\/div>\n<p style=\"text-align: justify;\">A Receita Federal deposita nesta segunda-feira (16) nos bancos as restitui\u00e7\u00f5es do sexto lote do Imposto de Renda Pessoa F\u00edsica 2015. \u00c9 o pen\u00faltimo lote liberado. A consulta ao lote pode ser feita nap\u00e1gina da Receita, pelo Receitafone e pelo aplicativo para tablets e smartphones.<\/p>\n<p style=\"text-align: justify;\">O sexto lote inclui 2.107.191 contribuintes e o valor total \u00e9 R$ 2,399 bilh\u00f5es. A Receita paga tamb\u00e9m R$ 101,07 milh\u00f5es a 46.279 contribuintes que fizeram a declara\u00e7\u00e3o entre 2008 e 2014, mas estavam na malha fina.<\/p>\n<p style=\"text-align: justify;\">As restitui\u00e7\u00f5es t\u00eam corre\u00e7\u00e3o de 7,57% para o lote de 2015 e de 76,07% para o lote de 2008. Em todos os casos, os \u00edndices t\u00eam como base a taxa Selic (juros b\u00e1sicos da economia) acumulada desde a entrega da declara\u00e7\u00e3o at\u00e9 este m\u00eas.<\/p>\n<p style=\"text-align: justify;\">O dep\u00f3sito \u00e9 feito nas contas informadas na declara\u00e7\u00e3o. O contribuinte que n\u00e3o receber a restitui\u00e7\u00e3o dever\u00e1 ir a uma ag\u00eancia do Banco do Brasil ou ligar para os telefones 4004-0001 (capitais), 0800-729-0001 (demais localidades) e 0800-729-0088 (telefone especial exclusivo para deficientes auditivos) para ter acesso ao pagamento.<\/p>\n<p style=\"text-align: justify;\">O \u00faltimo lote regular ser\u00e1 liberado em dezembro. Se estiverem fora desses lotes, os contribuintes devem procurar a Receita Federal: os nomes podem estar na malha fina por erros ou omiss\u00f5es na declara\u00e7\u00e3o.<\/p>\n<p style=\"text-align: justify;\"><em>Fonte: Ag\u00eancia Brasil<\/em><\/p>\n<p style=\"text-align: justify;\"><strong>Acompanhe o SE Not\u00edcias no <a href=\"https:\/\/twitter.com\/Senoticias\" target=\"_blank\">Twitter <\/a>e no <a href=\"https:\/\/www.facebook.com\/PortalSENoticias\/\" target=\"_blank\">Facebook<\/a><\/strong><\/p>\n","protected":false},"excerpt":{"rendered":"<p>A Receita Federal deposita nesta segunda-feira (16) nos bancos as restitui\u00e7\u00f5es do sexto lote do Imposto de Renda Pessoa F\u00edsica 2015. \u00c9 o pen\u00faltimo lote liberado. A consulta ao lote pode ser feita nap\u00e1gina da Receita, pelo Receitafone e pelo aplicativo para tablets e smartphones. O sexto lote inclui 2.107.191 contribuintes e o valor total [&hellip;]<\/p>\n","protected":false},"author":1,"featured_media":80533,"comment_status":"closed","ping_status":"closed","sticky":false,"template":"","format":"standard","meta":{"footnotes":""},"categories":[6],"tags":[],"class_list":{"0":"post-86087","1":"post","2":"type-post","3":"status-publish","4":"format-standard","5":"has-post-thumbnail","7":"category-politica"},"_links":{"self":[{"href":"https:\/\/senoticias.com.br\/se\/wp-json\/wp\/v2\/posts\/86087"}],"collection":[{"href":"https:\/\/senoticias.com.br\/se\/wp-json\/wp\/v2\/posts"}],"about":[{"href":"https:\/\/senoticias.com.br\/se\/wp-json\/wp\/v2\/types\/post"}],"author":[{"embeddable":true,"href":"https:\/\/senoticias.com.br\/se\/wp-json\/wp\/v2\/users\/1"}],"replies":[{"embeddable":true,"href":"https:\/\/senoticias.com.br\/se\/wp-json\/wp\/v2\/comments?post=86087"}],"version-history":[{"count":0,"href":"https:\/\/senoticias.com.br\/se\/wp-json\/wp\/v2\/posts\/86087\/revisions"}],"wp:featuredmedia":[{"embeddable":true,"href":"https:\/\/senoticias.com.br\/se\/wp-json\/wp\/v2\/media\/80533"}],"wp:attachment":[{"href":"https:\/\/senoticias.com.br\/se\/wp-json\/wp\/v2\/media?parent=86087"}],"wp:term":[{"taxonomy":"category","embeddable":true,"href":"https:\/\/senoticias.com.br\/se\/wp-json\/wp\/v2\/categories?post=86087"},{"taxonomy":"post_tag","embeddable":true,"href":"https:\/\/senoticias.com.br\/se\/wp-json\/wp\/v2\/tags?post=86087"}],"curies":[{"name":"wp","href":"https:\/\/api.w.org\/{rel}","templated":true}]}}