{"id":86084,"date":"2015-11-16T15:27:24","date_gmt":"2015-11-16T18:27:24","guid":{"rendered":"http:\/\/senoticias.com.br\/se\/?p=86084"},"modified":"2015-11-16T15:27:24","modified_gmt":"2015-11-16T18:27:24","slug":"smtt-informa-mudanca-de-circulacao-no-bairro-jardins","status":"publish","type":"post","link":"https:\/\/senoticias.com.br\/se\/smtt-informa-mudanca-de-circulacao-no-bairro-jardins\/","title":{"rendered":"SMTT informa mudan\u00e7a de circula\u00e7\u00e3o no bairro Jardins"},"content":{"rendered":"<div id=\"attachment_86085\" style=\"width: 310px\" class=\"wp-caption alignright\"><a href=\"http:\/\/senoticias.com.br\/se\/wp-content\/uploads\/2015\/11\/11611201513499.jpg\"><img loading=\"lazy\" decoding=\"async\" aria-describedby=\"caption-attachment-86085\" class=\"size-medium wp-image-86085\" alt=\"Foto: Divulga\u00e7\u00e3o \" src=\"http:\/\/senoticias.com.br\/se\/wp-content\/uploads\/2015\/11\/11611201513499-300x225.jpg\" width=\"300\" height=\"225\" srcset=\"https:\/\/senoticias.com.br\/se\/wp-content\/uploads\/2015\/11\/11611201513499-300x225.jpg 300w, https:\/\/senoticias.com.br\/se\/wp-content\/uploads\/2015\/11\/11611201513499-342x256.jpg 342w, https:\/\/senoticias.com.br\/se\/wp-content\/uploads\/2015\/11\/11611201513499-60x45.jpg 60w, https:\/\/senoticias.com.br\/se\/wp-content\/uploads\/2015\/11\/11611201513499-150x113.jpg 150w, https:\/\/senoticias.com.br\/se\/wp-content\/uploads\/2015\/11\/11611201513499-269x201.jpg 269w, https:\/\/senoticias.com.br\/se\/wp-content\/uploads\/2015\/11\/11611201513499.jpg 640w\" sizes=\"(max-width: 300px) 100vw, 300px\" \/><\/a><p id=\"caption-attachment-86085\" class=\"wp-caption-text\">Foto: Divulga\u00e7\u00e3o<\/p><\/div>\n<p style=\"text-align: justify;\">Buscando sempre melhorar a mobilidade urbana da capital sergipana, a Superintend\u00eancia Municipal de Transportes e Tr\u00e2nsito (SMTT), informa mudan\u00e7a de circula\u00e7\u00e3o no bairro Jardins, a partir da pr\u00f3xima segunda-feira, dia 23, no entorno do Col\u00e9gio Salvador.<\/p>\n<p style=\"text-align: justify;\">As altera\u00e7\u00f5es visam melhorar o fluxo de ve\u00edculos com a forma\u00e7\u00e3o de um sistema bin\u00e1rio. As mudan\u00e7as contribuir\u00e3o, inclusive, para a mobilidade dos alunos no momento do embarque e desembarque. Toda a sinaliza\u00e7\u00e3o vi\u00e1ria horizontal ser\u00e1 revitalizada para orientar os condutores e a SMTT tamb\u00e9m far\u00e1 ampla divulga\u00e7\u00e3o na m\u00eddia e nas redes sociais.<\/p>\n<p style=\"text-align: justify;\">As ruas Gilberto Almeida e Madeira Valdeir N. Lins passar\u00e3o a ter sentido inverso de circula\u00e7\u00e3o e fica proibido o estacionamento no lado direito da via. As ruas perpendiculares \u00e0s avenidas Franklin de Campos Sobral e Ministro Geraldo Barreto Sobral n\u00e3o sofrer\u00e3o altera\u00e7\u00f5es.<\/p>\n<p style=\"text-align: justify;\">Durante 15 dias, per\u00edodo de adapta\u00e7\u00e3o das mudan\u00e7as, cerca de 10 agentes de tr\u00e2nsito estar\u00e3o diariamente orientando a popula\u00e7\u00e3o. Colabore e respeite a sinaliza\u00e7\u00e3o. Disque Tr\u00e2nsito &#8211; 118.<\/p>\n<p style=\"text-align: justify;\"><em>Fonte: SMTT<\/em><\/p>\n<p style=\"text-align: justify;\"><strong>Acompanhe o SE Not\u00edcias no <a href=\"https:\/\/twitter.com\/Senoticias\" target=\"_blank\">Twitter <\/a>e no <a href=\"https:\/\/www.facebook.com\/PortalSENoticias\/\" target=\"_blank\">Facebook<\/a><\/strong><\/p>\n","protected":false},"excerpt":{"rendered":"<p>Buscando sempre melhorar a mobilidade urbana da capital sergipana, a Superintend\u00eancia Municipal de Transportes e Tr\u00e2nsito (SMTT), informa mudan\u00e7a de circula\u00e7\u00e3o no bairro Jardins, a partir da pr\u00f3xima segunda-feira, dia 23, no entorno do Col\u00e9gio Salvador. As altera\u00e7\u00f5es visam melhorar o fluxo de ve\u00edculos com a forma\u00e7\u00e3o de um sistema bin\u00e1rio. As mudan\u00e7as contribuir\u00e3o, inclusive, [&hellip;]<\/p>\n","protected":false},"author":1,"featured_media":86085,"comment_status":"closed","ping_status":"closed","sticky":false,"template":"","format":"standard","meta":{"footnotes":""},"categories":[38],"tags":[],"class_list":{"0":"post-86084","1":"post","2":"type-post","3":"status-publish","4":"format-standard","5":"has-post-thumbnail","7":"category-municipios"},"_links":{"self":[{"href":"https:\/\/senoticias.com.br\/se\/wp-json\/wp\/v2\/posts\/86084"}],"collection":[{"href":"https:\/\/senoticias.com.br\/se\/wp-json\/wp\/v2\/posts"}],"about":[{"href":"https:\/\/senoticias.com.br\/se\/wp-json\/wp\/v2\/types\/post"}],"author":[{"embeddable":true,"href":"https:\/\/senoticias.com.br\/se\/wp-json\/wp\/v2\/users\/1"}],"replies":[{"embeddable":true,"href":"https:\/\/senoticias.com.br\/se\/wp-json\/wp\/v2\/comments?post=86084"}],"version-history":[{"count":0,"href":"https:\/\/senoticias.com.br\/se\/wp-json\/wp\/v2\/posts\/86084\/revisions"}],"wp:featuredmedia":[{"embeddable":true,"href":"https:\/\/senoticias.com.br\/se\/wp-json\/wp\/v2\/media\/86085"}],"wp:attachment":[{"href":"https:\/\/senoticias.com.br\/se\/wp-json\/wp\/v2\/media?parent=86084"}],"wp:term":[{"taxonomy":"category","embeddable":true,"href":"https:\/\/senoticias.com.br\/se\/wp-json\/wp\/v2\/categories?post=86084"},{"taxonomy":"post_tag","embeddable":true,"href":"https:\/\/senoticias.com.br\/se\/wp-json\/wp\/v2\/tags?post=86084"}],"curies":[{"name":"wp","href":"https:\/\/api.w.org\/{rel}","templated":true}]}}