{"id":86076,"date":"2015-11-16T11:38:04","date_gmt":"2015-11-16T14:38:04","guid":{"rendered":"http:\/\/senoticias.com.br\/se\/?p=86076"},"modified":"2015-11-17T11:55:51","modified_gmt":"2015-11-17T14:55:51","slug":"placar-da-justica-chega-a-aracaju-e-apresenta-numero-de-processos-em-tempo-real","status":"publish","type":"post","link":"https:\/\/senoticias.com.br\/se\/placar-da-justica-chega-a-aracaju-e-apresenta-numero-de-processos-em-tempo-real\/","title":{"rendered":"Placar da Justi\u00e7a chega a Aracaju e apresenta n\u00famero de processos em tempo real"},"content":{"rendered":"<p style=\"text-align: justify;\"><em><strong>Reda\u00e7\u00e3o Portal A8SE<\/strong><\/em><\/p>\n<div id=\"attachment_86077\" style=\"width: 310px\" class=\"wp-caption alignright\"><a href=\"http:\/\/senoticias.com.br\/se\/wp-content\/uploads\/2015\/11\/placar.jpg\"><img loading=\"lazy\" decoding=\"async\" aria-describedby=\"caption-attachment-86077\" class=\"size-medium wp-image-86077\" alt=\"Depois de chegar a Aracaju, o Process\u00f4metro itinerante segue Florian\u00f3polis.. (Foto: Divulga\u00e7\u00e3o)\" src=\"http:\/\/senoticias.com.br\/se\/wp-content\/uploads\/2015\/11\/placar-300x200.jpg\" width=\"300\" height=\"200\" srcset=\"https:\/\/senoticias.com.br\/se\/wp-content\/uploads\/2015\/11\/placar-300x200.jpg 300w, https:\/\/senoticias.com.br\/se\/wp-content\/uploads\/2015\/11\/placar-342x228.jpg 342w, https:\/\/senoticias.com.br\/se\/wp-content\/uploads\/2015\/11\/placar.jpg 616w\" sizes=\"(max-width: 300px) 100vw, 300px\" \/><\/a><p id=\"caption-attachment-86077\" class=\"wp-caption-text\">Depois de chegar a Aracaju, o Process\u00f4metro itinerante segue Florian\u00f3polis.. (Foto: Divulga\u00e7\u00e3o)<\/p><\/div>\n<p style=\"text-align: justify;\">Pela primeira vez, o Placar da Justi\u00e7a estar\u00e1 na cidade de Aracaju, Sergipe, nesta segunda-feira (16), para conscientizar e esclarecer os cidad\u00e3os sobre o n\u00famero de processos que chegam ao Judici\u00e1rio de todo o Pa\u00eds e quantos desses poderiam ser evitados. O contador digital estar\u00e1 instalado em frente ao Tribunal de Justi\u00e7a de Sergipe (TJSE), na Pra\u00e7a Fausto Cardoso, a partir das 9h da manh\u00e3.<\/p>\n<p style=\"text-align: justify;\">De acordo com a metodologia desenvolvida pela Associa\u00e7\u00e3o dos Magistrados Brasileiros (AMB), mais de 106 milh\u00f5es de a\u00e7\u00f5es tramitam no Judici\u00e1rio de todo o pa\u00eds, um novo processo a cada cinco segundos chega \u00e0s varas e f\u00f3runs do Brasil. O \u201cProcess\u00f4metro\u201d traz dois contadores: o primeiro com o n\u00famero de processos que tramitam na Justi\u00e7a em tempo real; e um segundo contador que aponta a quantidade de processos que n\u00e3o deveriam estar no Judici\u00e1rio se o Poder P\u00fablico, bancos, empresas de telefonia, de planos de sa\u00fade e tantos outros setores cumprissem a legisla\u00e7\u00e3o e garantissem os direitos dos cidad\u00e3os. S\u00e3o mais de 42 milh\u00f5es de processos que poderiam ser evitados e resolvidos por meio de acordos, uma economia estimada em R$ 63 bilh\u00f5es para os cofres p\u00fablicos.<\/p>\n<p style=\"text-align: justify;\">Para o presidente da AMB, Jo\u00e3o Ricardo Costa, os n\u00fameros revelam uma realidade grave. \u201cA partir desses dados percebemos que a sociedade brasileira n\u00e3o tem conseguido resolver os seus conflitos por meio de acordos. Praticamente tudo \u00e9 levado para o Judici\u00e1rio. Queremos alertar a todos sobre os riscos e as consequ\u00eancias de tamanha litigiosidade, especialmente em importantes setores da economia, cujas causas devem ser examinadas em profundidade. O Placar da Justi\u00e7a vai possibilitar que toda a sociedade conhe\u00e7a e acompanhe a situa\u00e7\u00e3o real da Justi\u00e7a e desperte para a import\u00e2ncia de mudarmos essa cultura\u201d, avalia.<\/p>\n<p style=\"text-align: justify;\">Gustavo Plech, presidente da Associa\u00e7\u00e3o dos Magistrados de Sergipe (Amase), tamb\u00e9m destaca a carga excessiva de trabalho que chega aos ju\u00edzes de todo o pa\u00eds. \u201cA gente enfrenta uma carga desumana. A cada 5 segundos, um novo processo entra na Justi\u00e7a. A partir do movimento N\u00e3o deixe o Judici\u00e1rio parar, a sociedade vai reconhecer o esfor\u00e7o da magistratura e ver que existem alternativas para melhorar esta situa\u00e7\u00e3o\u201d, disse.<\/p>\n<p style=\"text-align: justify;\">O Placar da Justi\u00e7a j\u00e1 passou por Bras\u00edlia, Porto Alegre, Salvador, Rio de Janeiro, S\u00e3o Paulo e Jo\u00e3o Pessoa. Depois de chegar a Aracaju, o Process\u00f4metro itinerante segue Florian\u00f3polis.<\/p>\n<p style=\"text-align: justify;\"><strong>Movimento N\u00e3o deixe o Judici\u00e1rio parar<\/strong><\/p>\n<p style=\"text-align: justify;\">O Placar da Justi\u00e7a \u00e9 uma ferramenta in\u00e9dita que faz parte do Movimento Nacional N\u00e3o deixe o Judici\u00e1rio parar. Liderado pela AMB e com o apoio das Associa\u00e7\u00f5es Estaduais de Magistrados e dos Tribunais de Justi\u00e7a, o movimento \u00e9 baseado em uma consistente pesquisa realizada pela entidade: \u201cO uso da Justi\u00e7a e lit\u00edgio no Brasil\u201d.<\/p>\n<p style=\"text-align: justify;\">Lan\u00e7ado em agosto deste ano, o estudo permitiu mapear os setores que mais congestionam a Justi\u00e7a entre os 100 maiores litigantes. O levantamento foi realizado em 10 estados e no Distrito Federal e apontou que em oito Unidades da Federa\u00e7\u00e3o o Poder P\u00fablico \u00e9 o setor que mais congestiona o Judici\u00e1rio, seguido pelos setores financeiro e de telefonia. A pesquisa traz dados in\u00e9ditos de 2010 a 2013.<\/p>\n<p style=\"text-align: justify;\">Em Sergipe, dentre as partes que mais ajuizaram a\u00e7\u00f5es judiciais no Primeiro Grau do Tribunal de Justi\u00e7a do Estado (TJSE), entre 2010 e 2013, predominaram as empresas do setor financeiro. A administra\u00e7\u00e3o p\u00fablica (municipal e estadual) veio em seguida, mas com \u00edndices bem inferiores, como pode ser verificado na tabela abaixo.<\/p>\n<p style=\"text-align: justify;\">Entre os 100 maiores litigantes de Sergipe, apenas 13 concentraram mais de 50% dos processos iniciados nos quatro anos pesquisados. Esses agentes pertencem aos setores p\u00fablicos estadual e municipal, financeiro e petrol\u00edfero.<\/p>\n<p style=\"text-align: justify;\"><strong>Acompanhe o SE Not\u00edcias no\u00a0<a href=\"https:\/\/twitter.com\/Senoticias\" target=\"_blank\">Twitter\u00a0<\/a>e no\u00a0<a href=\"https:\/\/www.facebook.com\/PortalSENoticias\/\" target=\"_blank\">Facebook<\/a><\/strong><\/p>\n","protected":false},"excerpt":{"rendered":"<p>Reda\u00e7\u00e3o Portal A8SE Pela primeira vez, o Placar da Justi\u00e7a estar\u00e1 na cidade de Aracaju, Sergipe, nesta segunda-feira (16), para conscientizar e esclarecer os cidad\u00e3os sobre o n\u00famero de processos que chegam ao Judici\u00e1rio de todo o Pa\u00eds e quantos desses poderiam ser evitados. O contador digital estar\u00e1 instalado em frente ao Tribunal de Justi\u00e7a [&hellip;]<\/p>\n","protected":false},"author":1,"featured_media":86077,"comment_status":"closed","ping_status":"closed","sticky":false,"template":"","format":"standard","meta":{"footnotes":""},"categories":[6],"tags":[],"class_list":{"0":"post-86076","1":"post","2":"type-post","3":"status-publish","4":"format-standard","5":"has-post-thumbnail","7":"category-politica"},"_links":{"self":[{"href":"https:\/\/senoticias.com.br\/se\/wp-json\/wp\/v2\/posts\/86076"}],"collection":[{"href":"https:\/\/senoticias.com.br\/se\/wp-json\/wp\/v2\/posts"}],"about":[{"href":"https:\/\/senoticias.com.br\/se\/wp-json\/wp\/v2\/types\/post"}],"author":[{"embeddable":true,"href":"https:\/\/senoticias.com.br\/se\/wp-json\/wp\/v2\/users\/1"}],"replies":[{"embeddable":true,"href":"https:\/\/senoticias.com.br\/se\/wp-json\/wp\/v2\/comments?post=86076"}],"version-history":[{"count":0,"href":"https:\/\/senoticias.com.br\/se\/wp-json\/wp\/v2\/posts\/86076\/revisions"}],"wp:featuredmedia":[{"embeddable":true,"href":"https:\/\/senoticias.com.br\/se\/wp-json\/wp\/v2\/media\/86077"}],"wp:attachment":[{"href":"https:\/\/senoticias.com.br\/se\/wp-json\/wp\/v2\/media?parent=86076"}],"wp:term":[{"taxonomy":"category","embeddable":true,"href":"https:\/\/senoticias.com.br\/se\/wp-json\/wp\/v2\/categories?post=86076"},{"taxonomy":"post_tag","embeddable":true,"href":"https:\/\/senoticias.com.br\/se\/wp-json\/wp\/v2\/tags?post=86076"}],"curies":[{"name":"wp","href":"https:\/\/api.w.org\/{rel}","templated":true}]}}