{"id":86071,"date":"2015-11-15T22:08:53","date_gmt":"2015-11-16T01:08:53","guid":{"rendered":"http:\/\/senoticias.com.br\/se\/?p=86071"},"modified":"2015-11-15T22:16:27","modified_gmt":"2015-11-16T01:16:27","slug":"edvaldo-aracaju-tem-que-voltar-a-ser-uma-cidade-do-seu-tempo","status":"publish","type":"post","link":"https:\/\/senoticias.com.br\/se\/edvaldo-aracaju-tem-que-voltar-a-ser-uma-cidade-do-seu-tempo\/","title":{"rendered":"Edvaldo: &#8216;Aracaju tem que voltar a ser uma cidade do seu tempo&#8217;"},"content":{"rendered":"<p style=\"text-align: justify;\"><strong>por Valter Lima, do Sergipe 247<\/strong><\/p>\n<div id=\"attachment_22936\" style=\"width: 310px\" class=\"wp-caption alignright\"><a href=\"http:\/\/senoticias.com.br\/se\/wp-content\/uploads\/2012\/01\/01-e1442070126205.jpg\"><img loading=\"lazy\" decoding=\"async\" aria-describedby=\"caption-attachment-22936\" class=\"size-medium wp-image-22936\" alt=\"Ex-prefeito Edvaldo Nogueira, (Foto de arquivo: Silvio Rocha)\" src=\"http:\/\/senoticias.com.br\/se\/wp-content\/uploads\/2012\/01\/01-300x209.jpg\" width=\"300\" height=\"209\" \/><\/a><p id=\"caption-attachment-22936\" class=\"wp-caption-text\">Ex-prefeito Edvaldo Nogueira. (Foto de arquivo: Silvio Rocha)<\/p><\/div>\n<p style=\"text-align: justify;\">Ex-prefeito de Aracaju, Edvaldo Nogueira (PC do B) \u00e9 hoje um dos nomes mais fortes do bloco liderado pelo governador Jackson Barreto (PMDB) para disputar a elei\u00e7\u00e3o na capital em 2016. Em entrevista ao Sergipe 247, ele faz uma avalia\u00e7\u00e3o da gest\u00e3o do prefeito Jo\u00e3o Alves Filho (DEM), a quem n\u00e3o poupa cr\u00edticas, e compara o quadro atual da cidade com a situa\u00e7\u00e3o deixada por ele ao final de 2012. &#8220;Infelizmente, na atual gest\u00e3o a cidade retroagiu, Jo\u00e3o colocou a cidade al\u00e9m do passado&#8221;, diz. Sobre o pleito do ano que vem, Edvaldo se diz preparado para enfrentar os desafios e tra\u00e7a um panorama do que cr\u00ea ser fundamental para Aracaju se tornar uma cidade do futuro.<\/p>\n<p style=\"text-align: justify;\">Confira a \u00edntegra da entrevista:<\/p>\n<p style=\"text-align: justify;\"><strong>&#8220;A administra\u00e7\u00e3o atual tem sido uma trag\u00e9dia para a nossa cidade&#8221;<\/strong><\/p>\n<p style=\"text-align: justify;\">\u00a0<strong>Sergipe 247 &#8211; Quase tr\u00eas ap\u00f3s deixar a prefeitura de Aracaju, que compara\u00e7\u00e3o o senhor estabelece entre a gest\u00e3o que o senhor encerrou em 2012, e a atual gest\u00e3o, sob o comando de Jo\u00e3o, ao final de 2015?<\/strong><\/p>\n<p style=\"text-align: justify;\"><strong>Edvaldo Nogueira &#8211;<\/strong>\u00a0Aracaju viveu o seu melhor per\u00edodo, do ponto de vista do desenvolvimento urbano, da luta pela igualdade, das obras prioritariamente nas \u00e1reas mais carentes, do crescimento da cidade., entre 2001 e 2012. Chegamos ao ponto em que Aracaju foi considerada a capital da qualidade de vida. Isso foi fruto de um trabalho que iniciou com Marcelo D\u00e9da em 2001 \u2013 na \u00e9poca eu era vice-prefeito. E posteriormente quando me tornei prefeito, dei continuidade nos anos de 2006 a 2012. Aracaju na sua hist\u00f3ria experimentou um desenvolvimento nunca visto antes, apesar de ter tido bons prefeitos, como Jackson Barreto, que foi um grande gestor, que levou obras para periferia, como Jo\u00e3o Augusto Gama e outros prefeitos ligados ao nosso bloco. \u00c9 ineg\u00e1vel que no per\u00edodo em que D\u00e9da e eu governamos, a cidade teve um crescimento superior \u00e0 m\u00e9dia dos \u00faltimos anos. Na nossa gest\u00e3o, a cidade avan\u00e7ou do ponto de vista da \u00e9tica.\u00a0 Aracaju foi governada e o dinheiro p\u00fablico foi rigorosamente aplicado em obras. Avan\u00e7amos no sentido democr\u00e1tico, criamos o or\u00e7amento participativo. Institu\u00edmos os conselhos, que desempenhavam um papel muito importante \u2013 t\u00ednhamos o Conselho da Assist\u00eancia social, o Conselho da Sa\u00fade, o Conselho da Juventude, entre outros. Os conselhos propiciavam que a sociedade pudesse participar mais democraticamente da gest\u00e3o. A cidade tamb\u00e9m avan\u00e7ou no que diz respeito \u00e0 moderniza\u00e7\u00e3o. N\u00f3s investimos na informatiza\u00e7\u00e3o da prefeitura. Pela primeira vez na hist\u00f3ria, conseguimos informatizar toda a prefeitura. Aracaju se desenvolveu no aspecto da gest\u00e3o p\u00fablica, porque nos aproximamos cada vez mais do republicanismo, ou seja, a prefeitura ser de todos, ser um instrumento do direito do cidad\u00e3o. Ela cresceu sustentavelmente. Conseguimos pela primeira vez fazer obras de habita\u00e7\u00e3o e expandimos a cidade para a Zona Sul. Constru\u00edmos um bairro novo depois de 30 anos, o 17 de mar\u00e7o. Um bairro que foi constru\u00eddo para a popula\u00e7\u00e3o mais carente. Enfrentamos problemas hist\u00f3ricos, a exemplo do Bairro Santa Maria. As pessoas moravam de forma indigna e prec\u00e1ria e n\u00f3s transformamos o local. Realizamos investimento asf\u00e1ltico, constru\u00edmos casas e realizamos servi\u00e7o de esgotamento sanit\u00e1rio. Transformamos tamb\u00e9m a Coroa do Meio. Na localidade, existiam as palafitas, que eram uma chaga para a regi\u00e3o. Enfrentamos os problemas do Coqueiral que era uma \u00e1rea muito degradada. E mais do que isso, transformamos os bairros como um todo, atrav\u00e9s dos servi\u00e7os que melhoraram a qualidade de vida. Quando eu sa\u00ed da prefeitura, Aracaju era a capital do Brasil que menos tinha favela, com o \u00edndice de 0,23%. Foi uma grande transforma\u00e7\u00e3o na cidade. Al\u00e9m disso, n\u00f3s avan\u00e7amos na renova\u00e7\u00e3o da frota do transporte coletivo. Em seis anos de gest\u00e3o, foram 388 \u00f4nibus novos. Constru\u00edmos 100 km de ciclovias. Na \u00e9poca, era a cidade que mais possu\u00eda ciclovias proporcionalmente. Ampliamos as Equipes de Sa\u00fade da Fam\u00edlia e aumentamos as Unidades B\u00e1sicas de Sa\u00fade. A cidade ficou com quase 90% de cobertura do SUS. Elaboramos o projeto \u201cDireito de Aprender\u201d, no qual distribu\u00edmos 10 mil computadores para crian\u00e7as das escolas municipais, com wifi e tablets. Os meninos puderam ter contato com a modernidade. Realizamos uma pol\u00edtica salarial mais efetiva para o servidor p\u00fablico e demos os maiores aumentos da hist\u00f3ria de Aracaju. Constru\u00edmos quase 5 mil moradias. Constru\u00edmos um projeto para a cidade de Aracaju, que, infelizmente, foi destru\u00eddo parcialmente pela nova administra\u00e7\u00e3o.<\/p>\n<p style=\"text-align: justify;\"><strong>247 \u2013 Como assim?<\/strong><br \/>\n<strong>EN<\/strong>\u00a0&#8211; Aracaju n\u00e3o est\u00e1 avan\u00e7ando, pelo contr\u00e1rio, houve perdas significativas na qualidade de vida. \u00c9 vis\u00edvel a queda brutal da qualidade dos servi\u00e7os. A sa\u00fade piorou de forma muito efetiva. Voc\u00ea pode ver que o Hospital Cirurgia j\u00e1 suspendeu as cirurgias. Os m\u00e9dicos podem entrar em greve. Os agentes de sa\u00fade est\u00e3o com os sal\u00e1rios atrasados. As unidades de sa\u00fade est\u00e3o todas deterioradas. Na nossa gest\u00e3o os hospitais nunca estiveram fechados. J\u00e1 na administra\u00e7\u00e3o atual j\u00e1 fecharam umas tr\u00eas vezes. Durante muitos anos a cidade de Aracaju era considera a capital mais limpa do pa\u00eds. Hoje, se formos andar pela cidade, iremos perceber como est\u00e1 suja e malcuidada. Quando n\u00f3s faz\u00edamos pesquisa de qualidade, a popula\u00e7\u00e3o dava nota 9 para a limpeza. Nessa nova gest\u00e3o, somente este ano, j\u00e1 tivemos quatro greves na \u00e1rea da limpeza urbana. Nunca na hist\u00f3ria de Aracaju, isso ocorreu. Outro ponto \u00e9 a merenda escolar, que aumentou e n\u00e3o vimos nenhuma efetividade de melhoria. Na \u00e1rea do transporte, passamos nessa nova gest\u00e3o por muitas paralisa\u00e7\u00f5es e aumentos consecutivos de tarifa. Quando eu fui prefeito, por dois anos, n\u00e3o houve aumento de tarifa do transporte, porque diminui o ISS das empresas, para congelar a tarifa. Fato que os prefeitos de outras cidades est\u00e3o fazendo agora e n\u00f3s j\u00e1 t\u00ednhamos antecipado na nossa gest\u00e3o. Essa \u00e9 vis\u00e3o de futuro que a gente tinha. Eu acho que a administra\u00e7\u00e3o atual tem sido uma trag\u00e9dia para a nossa cidade. E o fato mais grave: n\u00e3o consegue administrar a cidade e piorar os servi\u00e7os p\u00fablicos. A administra\u00e7\u00e3o atual n\u00e3o realizou uma \u00fanica proposta de campanha. J\u00e1 s\u00e3o tr\u00eas anos de gest\u00e3o. O ano que vem \u00e9 o ano da sucess\u00e3o. Queria que a cidade estivesse bem administrada, pois a popula\u00e7\u00e3o \u00e9 quem ganha. Mas, infelizmente, digo com tristeza, estamos diante de uma das piores administra\u00e7\u00f5es da hist\u00f3ria de Aracaju.<\/p>\n<p style=\"text-align: justify;\"><strong>&#8220;A preocupa\u00e7\u00e3o de Jo\u00e3o Alves foi a de transformar a prefeitura num instrumento para se favorecer nas elei\u00e7\u00f5es&#8221;<\/strong><\/p>\n<p style=\"text-align: justify;\"><strong>247 &#8211; Estes problemas que a cidade enfrenta s\u00e3o solucion\u00e1veis?<\/strong><br \/>\n<strong>EN<\/strong>\u00a0&#8211; S\u00e3o solucion\u00e1veis sim. Eu acredito que o grande problema \u00e9 que a atual administra\u00e7\u00e3o n\u00e3o se preparou para enfrentar os problemas. Quais foram as primeiras medidas que a administra\u00e7\u00e3o tomou? Criar e aumentar os cargos em comiss\u00e3o e pensar exclusivamente em transformar a prefeitura num instrumento de proje\u00e7\u00e3o eleitoreira. Essa foi a o primeiro providencia da atual gest\u00e3o que prejudicou todo o servi\u00e7o p\u00fablico. Na minha \u00e9poca t\u00ednhamos uma folha de pagamento anual de R$ 19 milh\u00f5es. Agora, a folha pulou para quase R$ 80milh\u00f5es. A preocupa\u00e7\u00e3o de Jo\u00e3o Alves foi a de transformar a prefeitura num instrumento para se favorecer nas elei\u00e7\u00f5es. Esse fato foi fundamental para chegarmos a crise que estamos vivendo hoje. \u00c9 tanto que ele teve gastos exacerbados com publicidade e com cargos em comiss\u00e3o, no intuito de acomodar os seus correligion\u00e1rios pol\u00edticos. Ele n\u00e3o pensou na cidade de Aracaju. Jo\u00e3o Alves foi o prefeito que criou a maior quantidade de impostos nos \u00faltimos 20 anos. Ele criou a taxa de ilumina\u00e7\u00e3o p\u00fablica, que equivale a uma receita de quase 10 milh\u00f5es por ano. E vemos a cidade \u00e0s escuras. Ele deu tamb\u00e9m o maior aumento dos \u00faltimos anos no IPTU. Fez uma reposi\u00e7\u00e3o na planta de valores que em alguns casos chega a mais de 100%. Vendeu a folha de pagamento dos servidores, tirando-a do Banese que \u00e9 um banco estadual, importante para o Estado, e colocou na Caixa Econ\u00f4mica Federal, o que rendeu R$ 30 milh\u00f5es. Al\u00e9m disso, est\u00e1 preparando para vender terrenos da prefeitura, que \u00e9 um patrim\u00f4nio p\u00fablico.\u00a0 No entanto, este dinheiro n\u00e3o est\u00e1 sendo aplicado nos servi\u00e7os e ainda por cima os servidores est\u00e3o recebendo atrasado. Ele n\u00e3o fez nenhuma obra para a cidade de Aracaju, a exce\u00e7\u00e3o da obra da Praia Treze de Julho, que ali\u00e1s caminha muito mal. Na minha gest\u00e3o, enfrentamos crise em 2008, mas a prefeitura n\u00e3o paralisou. Muito pelo contr\u00e1rio, segurei e fiz um planejamento. Da\u00ed nos outros anos consegui dar um aumento, pagar em dia, resolver os problemas e deixar a prefeitura saneada e ainda com mais de R$ 240 milh\u00f5es em caixa de obras e servi\u00e7os, que at\u00e9 isso ele fez paralisar. Ent\u00e3o \u00e9 poss\u00edvel superar este momento com planejamento, se voc\u00ea tiver o esp\u00edrito de governar para a cidade, com \u00e9tica, para aqueles que mais precisam. N\u00f3s temos condi\u00e7\u00f5es de enfrentar os problemas e resolver os problemas.<\/p>\n<p style=\"text-align: justify;\"><strong>247 &#8211; Na campanha eleitoral de 2012, Jo\u00e3o prometeu melhorar a sa\u00fade em seis meses, o que aconteceu? A Sa\u00fade \u00e9 a pasta mais problem\u00e1tica? A situa\u00e7\u00e3o est\u00e1 mais dif\u00edcil?<\/strong><br \/>\n<strong>EN &#8211;<\/strong>\u00a0\u00c9 uma situa\u00e7\u00e3o sim dif\u00edcil de enfrentar, mas quando est\u00e1vamos na prefeitura, a Sa\u00fade era muito melhor do que \u00e9 hoje. Obviamente, que t\u00ednhamos problemas e que exigiam mudan\u00e7as de paradigmas. N\u00f3s come\u00e7amos a colocar em pratica e deixamos uma situa\u00e7\u00e3o muito melhor do que a encontramos hoje. O problema maior \u00e9 que essa nova gest\u00e3o voltou com as pr\u00e1ticas antigas na Sa\u00fade. Primeiro, um governo que tem quatro secret\u00e1rios em dois anos, um governo que deixa o secret\u00e1rio assumir e acumular com a Secretaria de Finan\u00e7as por quase um ano. \u00c9 um governo que n\u00e3o se preocupa com sa\u00fade. O primeiro secret\u00e1rio da pasta foi escolhido por quest\u00f5es pol\u00edticas. Embora eu tenha um grande respeito e admira\u00e7\u00e3o por Goretti Reis, que foi a primeira secret\u00e1ria, sei que a responsabilidade n\u00e3o foi dela. Jo\u00e3o Alves usou a Secretaria de Sa\u00fade para acomodar os aliados pol\u00edticos. N\u00e3o olhou a Sa\u00fade como a resolu\u00e7\u00e3o de um problema. Usou a a pasta da Sa\u00fade como uma quest\u00e3o pol\u00edtica. Porque logo ap\u00f3s a sa\u00edda da secret\u00e1ria, ele colocou outra e depois outro que n\u00e3o duraram nem tr\u00eas meses no cargo.\u00a0 O quarto secret\u00e1rio que assumiu chegou a acumular tamb\u00e9m a Secretaria de Finan\u00e7as.\u00a0 Ent\u00e3o a Sa\u00fade ficou ao Deus dar\u00e1. Eu tenho andado na periferia da cidade e visto as reclama\u00e7\u00f5es. Diante dessa situa\u00e7\u00e3o, em vez de resolver o problema, Jo\u00e3o Alves coloca a culpa nos outros. Ele fica dizendo que a culpa foi do D\u00e9da, minha, de Jackson, de Dilma e agora fica dizendo que a culpa \u00e9 da popula\u00e7\u00e3o. Na verdade, a culpa \u00e9 dele por n\u00e3o conseguir administrar a cidade.<\/p>\n<p style=\"text-align: justify;\"><strong>247 &#8211; Em rela\u00e7\u00e3o \u00e0 mobilidade urbana, quando o senhor foi prefeito, construiu um viaduto, deixou outro encaminhado, abriu novas entradas para a zona sul. A mobilidade urbana \u00e9 um dos temas mais importantes e hoje est\u00e1 parada? Como o senhor avalia essa quest\u00e3o?<\/strong><br \/>\n<strong>EN &#8211;<\/strong>\u00a0Avalio que ele n\u00e3o tem nenhum compromisso com a mobilidade. Estacionou tudo que n\u00f3s come\u00e7amos a fazer do ponto de vista da mobilidade. O que n\u00f3s fizemos foi muito importante. Abrimos a avenida S\u00e3o Paulo que n\u00e3o existia, o que possibilitou a liga\u00e7\u00e3o do Siqueira Campos \u00e0 zona leste da cidade. Duplicamos a avenida Santa Gleide. Abrimos uma nova avenida de acesso ao conjunto Bugio. Outro grande problema na mobilidade era o Distrito Industrial.\u00a0 Aquela regi\u00e3o apresentava muita dificuldade, mas com o viaduto a situa\u00e7\u00e3o mudou. Outro gargalo, era a avenida Beira Mar, que melhorou bastante com a constru\u00e7\u00e3o do viaduto Marcelo D\u00e9da. Al\u00e9m disso, n\u00f3s fizemos um plano de mobilidade urbana que n\u00e3o existia \u00e0 \u00e9poca. Fomos os primeiros a elaborar. O plano previa a constru\u00e7\u00e3o de quatro corredores de transporte. Foi um ano de trabalho de consultoria. A licita\u00e7\u00e3o para essa consultoria teve a presen\u00e7a do Tribunal de Contas, atrav\u00e9s do Dr. Bandeira de Melo. Pelo Plano, a mobilidade urbana devia ser integrada. A concep\u00e7\u00e3o de mobilidade \u00e9 aquela em que a cidade tem que permitir v\u00e1rias modalidades de transporte.\u00a0 A ideia que as pessoas se mobilizem de maneira que elas acharem mais adequado. Temos que ter o transporte coletivo de massas como mais importante, mas tamb\u00e9m pensar nas pessoas que andam com seus carros. A bicicleta que foi um grande avan\u00e7o para a cidade de Aracaju. Foram 100 km de ciclovias que n\u00f3s construirmos. Conseguimos avan\u00e7ar na mobilidade urbana, renovamos a frota, conseguimos uma tarifa de transporte que n\u00e3o ultrapasse a infla\u00e7\u00e3o, buscando fazer o equil\u00edbrio entre as despesas das empresas e a necessidade de renova\u00e7\u00e3o da frota. Implantamos sem\u00e1foros modernos com temporizadores. Hoje n\u00e3o temos nenhuma obra de mobilidade urbana na gest\u00e3o atual, a exce\u00e7\u00e3o de mudan\u00e7as de fluxo, o que j\u00e1 v\u00edamos fazendo tamb\u00e9m.<\/p>\n<p style=\"text-align: justify;\"><strong>247 &#8211; Edvaldo, o senhor foi o candidato a deputado federal da coliga\u00e7\u00e3o governista mais votado em Aracaju em 2014. O que representou este resultado?<\/strong><br \/>\n<strong>EN &#8211;<\/strong>\u00a0Uma alegria muito grande. Fiz uma campanha em cima da hora. Eu tinha colocado a minha candidatura para o Senado, que era o cargo que eu queria disputar, para discutir os temas nacionais. Achava que era o momento de buscar a renova\u00e7\u00e3o. Mas para manter o bloco unido eu abri m\u00e3o da minha candidatura em prol da candidatura de Rog\u00e9rio Carvalho, do PT. E em julho foi que decidi ser candidato a deputado federal. Eu n\u00e3o pude buscar construir bases no interior do Estado, ent\u00e3o me concentrei em Aracaju. E o resultado foi muito favor\u00e1vel, o que mostra um apoio e simpatia da popula\u00e7\u00e3o da capital ao meu nome e um reconhecimento do trabalho que eu tinha feito na nossa cidade. Hoje, quando ando nas ruas, sinto um sentimento de grande frustra\u00e7\u00e3o com a atual gest\u00e3o e de reconhecimento cada vez maior do trabalho que fizemos na PMA.<\/p>\n<p style=\"text-align: justify;\"><strong>&#8220;A uni\u00e3o do bloco liderado por JB far\u00e1 a diferen\u00e7a&#8221;<\/strong><\/p>\n<p style=\"text-align: justify;\"><strong>247 &#8211; O senhor falou que abriu m\u00e3o da candidatura ao Senado em nome da unidade. E a unidade tem sido um dos temas que o senhor tem defendido muito. O senhor acredita que \u00e9 poss\u00edvel construir isto para 2016?<\/strong><br \/>\n<strong>EN &#8211;<\/strong>\u00a0Dizia M\u00e1rio Lago que na hora que o ser humano perde a esperan\u00e7a \u00e9 como se apagassem as cores do arco-\u00edris. Eu n\u00e3o perdi a esperan\u00e7a. Vou lutar, trabalhar para que o nosso bloco de for\u00e7as pol\u00edticas tenha um candidato \u00fanico para enfrentar a candidatura de Jo\u00e3o Alves, para que a gente possa impedir que Aracaju continue sendo deixada de lado, esfacelada. Vou lutar para que possamos retomar o projeto de desenvolvimento da cidade e melhorar, trazer novas ideias. Aracaju n\u00e3o pode continuar como est\u00e1. A cidade tem que voltar ao patamar anterior e crescer. A gente precisa, inclusive, fazer um trabalho com ideias, propostas e com novas quest\u00f5es para que Aracaju possa recuperar o tempo perdido e avan\u00e7ar ainda mais. Tem muita coisa para ser feita. Aracaju precisa retomar o seu desenvolvimento, o seu progresso dentro do que as cidades no mundo inteiro est\u00e3o trabalhando. Uma cidade inteligente, enfim uma cidade contempor\u00e2nea, uma cidade do seu tempo. Acho que eu tenho muita esperan\u00e7a que a gente possa construir essa unidade. A nossa uni\u00e3o, quanto mais partidos juntos e for\u00e7as pol\u00edticas, far\u00e1 a diferen\u00e7a. N\u00e3o vai ser uma tarefa f\u00e1cil. Vamos ter um advers\u00e1rio que est\u00e1 na prefeitura de Aracaju e que sempre soube usar o poder p\u00fablico para sair vitorioso nas suas elei\u00e7\u00f5es. N\u00e3o podemos menosprezar, nem subestimar a candidatura dele. Mas acredito que se sairmos juntos, temos uma grande chance de ganharmos a elei\u00e7\u00e3o \u2013 e bem. Acredito na lideran\u00e7a do governador Jackson Barreto neste processo, no sentido de ajudar e trabalhar para construir este caminho de unidade. Mas isso no momento certo, n\u00e3o agora. \u00c9 natural que os partidos lancem seus candidatos e tamb\u00e9m acho que o governador n\u00e3o deve interferir. Ele tem que se voltar como tem feito para os problemas do Estado.<\/p>\n<p style=\"text-align: justify;\"><strong>247 &#8211; O PC do B tem defendido a candidatura do senhor. Est\u00e1 disposto a enfrentar mais este desafio?<\/strong><br \/>\n<strong>EN &#8211;<\/strong>\u00a0Nunca me furtei a enfrentar desafios colocados pelo PC do B. Minha trajet\u00f3ria tem sido sempre de desafios. Vim morar sozinho em Aracaju, aos 14 anos de idade. Minha fam\u00edlia era do interior. Nasci em P\u00e3o de A\u00e7\u00facar e vim para Aracaju estudar, morar numa pens\u00e3o na rua Laranjeiras. Meus avos moravam aqui, na avenida Pedro Calazans, mas a casa j\u00e1 estava cheia. Foi um desafio grande: menino do interior, com 14 anos, na capital para estudar e eu venci. Depois com 17 anos passei no vestibular de Medicina, que era um curso muito dif\u00edcil de passar, ainda mais para quem era de fam\u00edlia humilde como a minha. Mais um desafio que superei. Na faculdade, pensei em ser cirurgi\u00e3o card\u00edaco. Fiz parte da equipe de Dr. Teles, desafio muito grande, pois era um grupo muito disciplinado. O testemunho de Dr. Teles neste sentido \u00e9 muito positivo para mim de que eu cumpri as tarefas e seria um eficiente cirurgi\u00e3o. Mas a\u00ed veio a pol\u00edtica, em outro desafio: entrei no PC do B, um partido que n\u00e3o tinha quase ningu\u00e9m. \u00c9ramos nove pessoas, quando come\u00e7amos. Eu n\u00e3o procurei o partido da elite, a Arena, ou mesmo os partidos estabelecidos pela ditadura. Fui para um partido que era perseguido. Fui para o DCE da universidade, quando fui l\u00edder estudantil, foi vereador, prefeito, que foi um desafio imenso junto com D\u00e9da. N\u00f3s dois, jovens pol\u00edticos sem experi\u00eancia administrativa. E mesmo assim fizemos uma obra que ficou marcada. Nunca fugi dos desafios, nem fugirei. Enfrentarei com trabalho, dedica\u00e7\u00e3o e darei o melhor de mim para que o desafio posto pelo PC do B eu possa cumprir com a maior compet\u00eancia, zelo e dedica\u00e7\u00e3o poss\u00edvel.<\/p>\n<p style=\"text-align: justify;\"><strong>&#8220;Precisamos recuperar o tempo perdido da gest\u00e3o de Jo\u00e3o e pensar no futuro&#8221;<\/strong><\/p>\n<p style=\"text-align: justify;\"><strong>247 &#8211; O desafio que est\u00e1 posto para o pr\u00f3ximo prefeito n\u00e3o \u00e9 pequeno. \u00c9 apontar para o futuro, \u00e9 pensar a cidade. Como o senhor pensa esta Aracaju do futuro?<\/strong><br \/>\n<strong>EN &#8211;<\/strong>\u00a0Eu j\u00e1 nos dois \u00faltimos anos do mandato de prefeito, meu lema era esse: preparar a cidade para o futuro. Infelizmente, na atual gest\u00e3o a cidade retroagiu, Jo\u00e3o colocou a cidade al\u00e9m do passado. Ent\u00e3o vamos ter que reconstruir e pensar no futuro. \u00c9 muito importante, por exemplo enfrentar e dar respostas ao problema da mobilidade urbana com novos corredores exclusivos, outros modais de transporte, pensar na cidade de forma integrada, pensar na cidade de modo sustent\u00e1vel, respeitando o meio ambiente, onde a qualidade de vida volte a ser um tema importante. A cidade n\u00e3o \u00e9 cal, cimento, pr\u00e9dio, avenida. A cidade \u00e9 as pessoas. Temos que nos preocupar com as pessoas, com a mobilidade das pessoas, com a qualidade de vida das pessoas, com a sa\u00fade delas, com o poder aquisitivo, com o desenvolvimento intelectual. \u00c9 essa mudan\u00e7a de paradigma que vamos ter que trabalhar tamb\u00e9m. Al\u00e9m da cidade crescer, de fazer novas vias, melhorar os servi\u00e7os, pensar a partir do ponto de vista da estrutura f\u00edsica, \u00e9 criar uma cidade que seja aconchegante, avan\u00e7ar no sentido dos polos de turismo, lazer, das \u00e1reas de trabalho e das possibilidades de ir e vir com mais facilidade. Investir na educa\u00e7\u00e3o, que seja inclusiva, plena, ampla, em hor\u00e1rio integral, com a tecnologia tendo papel preponderante, para que os alunos tenham interesse. Tornar a sa\u00fade refer\u00eancia, onde a popula\u00e7\u00e3o seja bem recebida, bem acolhida e que tenha, num curto espa\u00e7o de tempo, seus problemas encaminhados. Pensar na sa\u00fade preventiva, que tamb\u00e9m foi na atual administra\u00e7\u00e3o deixada de lado, tanto que voltou o surto de dengue. A cidade tamb\u00e9m que fazer uso da tecnologia para ser inteligente. Tem a transpar\u00eancia p\u00fablica. Na nossa gest\u00e3o, toda noite tudo estava na internet, tanto pagamentos quanto recebimentos. Hoje, mudou. A Transpar\u00eancia Brasil esteve aqui e disse que Aracaju \u00e9 uma das piores cidades do Brasil pelo ponto de vista da transpar\u00eancia. Temos que criar mecanismos de participa\u00e7\u00e3o da sociedade \u2013 e n\u00e3o s\u00f3 presenciais, mas com uso dos instrumentos tecnol\u00f3gicos para permitir maior participa\u00e7\u00e3o. Precisamos recuperar o tempo perdido da gest\u00e3o de Jo\u00e3o e pensar no futuro. Me sinto pessoalmente preparado para enfrentar este desafio. Estamos fazendo semin\u00e1rios. J\u00e1 tivemos o primeiro encontro, faremos semin\u00e1rios tem\u00e1ticos, v\u00e1rias pessoas est\u00e3o trabalhando no PC do B junto a institutos e intelectuais para irmos construindo este projeto. Aracaju tem que voltar a ser a cidade que vivia no seu tempo. Esta pequena treva vai passar, vir\u00e3o luzes.<\/p>\n<p style=\"text-align: justify;\"><strong>Acompanhe o SE Not\u00edcias no\u00a0<a href=\"https:\/\/twitter.com\/Senoticias\" target=\"_blank\">Twitter\u00a0<\/a>e no\u00a0<a href=\"https:\/\/www.facebook.com\/PortalSENoticias\/\" target=\"_blank\">Facebook<\/a><\/strong><\/p>\n<div id=\"beacon_3e28d5d82f\" style=\"text-align: justify;\"><img loading=\"lazy\" decoding=\"async\" alt=\"\" src=\"http:\/\/cat.ny.us.criteo.com\/delivery\/lg.php?cppv=1&amp;cpp=u9P3HHxmRVNEZm9JOFYwdkNqTStEUEg3c2pwdlJscDNrcXhpSWdrUWZyMFg4a0IyNTRqUjF5UFowWHV2Rm5PN2pwcnhiczR0TGlSdkxrMnNuL29ZQThHTS96bHlzVWdhQ2lSeVpJNThXMEQ5dkl5eWpRQ1dIcVQ1ZHB1SW5zUy82NFRRM0dOT0h3SnBCMlBJWXh0TGd2S095MS9BUEV4eXdwbTl3QkFHYmdJZ1l2MHFKaFlYK2MxdVBTL2lCWWZjbUx3OUpkTm9kTVpYSlo5YkZNMjVYQXVaTCt1WFJzWUl0WXhtOW5HazYwbUNmTXJ3PXw%3D\" width=\"0\" height=\"0\" \/><\/div>\n<div><em><strong>Mat\u00e9ria postada na \u00edntegra no <a href=\"http:\/\/www.brasil247.com\/pt\/247\/sergipe247\/205239\/Edvaldo-'Aracaju-tem-que-voltar-a-ser-uma-cidade-do-seu-tempo'.htm\" target=\"_blank\">Portal Sergipe 247<\/a><\/strong><\/em><\/div>\n","protected":false},"excerpt":{"rendered":"<p>por Valter Lima, do Sergipe 247 Ex-prefeito de Aracaju, Edvaldo Nogueira (PC do B) \u00e9 hoje um dos nomes mais fortes do bloco liderado pelo governador Jackson Barreto (PMDB) para disputar a elei\u00e7\u00e3o na capital em 2016. Em entrevista ao Sergipe 247, ele faz uma avalia\u00e7\u00e3o da gest\u00e3o do prefeito Jo\u00e3o Alves Filho (DEM), a [&hellip;]<\/p>\n","protected":false},"author":1,"featured_media":56132,"comment_status":"closed","ping_status":"closed","sticky":false,"template":"","format":"standard","meta":{"footnotes":""},"categories":[6],"tags":[],"class_list":{"0":"post-86071","1":"post","2":"type-post","3":"status-publish","4":"format-standard","5":"has-post-thumbnail","7":"category-politica"},"_links":{"self":[{"href":"https:\/\/senoticias.com.br\/se\/wp-json\/wp\/v2\/posts\/86071"}],"collection":[{"href":"https:\/\/senoticias.com.br\/se\/wp-json\/wp\/v2\/posts"}],"about":[{"href":"https:\/\/senoticias.com.br\/se\/wp-json\/wp\/v2\/types\/post"}],"author":[{"embeddable":true,"href":"https:\/\/senoticias.com.br\/se\/wp-json\/wp\/v2\/users\/1"}],"replies":[{"embeddable":true,"href":"https:\/\/senoticias.com.br\/se\/wp-json\/wp\/v2\/comments?post=86071"}],"version-history":[{"count":0,"href":"https:\/\/senoticias.com.br\/se\/wp-json\/wp\/v2\/posts\/86071\/revisions"}],"wp:featuredmedia":[{"embeddable":true,"href":"https:\/\/senoticias.com.br\/se\/wp-json\/wp\/v2\/media\/56132"}],"wp:attachment":[{"href":"https:\/\/senoticias.com.br\/se\/wp-json\/wp\/v2\/media?parent=86071"}],"wp:term":[{"taxonomy":"category","embeddable":true,"href":"https:\/\/senoticias.com.br\/se\/wp-json\/wp\/v2\/categories?post=86071"},{"taxonomy":"post_tag","embeddable":true,"href":"https:\/\/senoticias.com.br\/se\/wp-json\/wp\/v2\/tags?post=86071"}],"curies":[{"name":"wp","href":"https:\/\/api.w.org\/{rel}","templated":true}]}}