{"id":86069,"date":"2015-11-15T21:42:24","date_gmt":"2015-11-16T00:42:24","guid":{"rendered":"http:\/\/senoticias.com.br\/se\/?p=86069"},"modified":"2015-11-16T22:23:00","modified_gmt":"2015-11-17T01:23:00","slug":"ans-abre-concurso-para-102-vagas-funcab-e-a-organizadora","status":"publish","type":"post","link":"https:\/\/senoticias.com.br\/se\/ans-abre-concurso-para-102-vagas-funcab-e-a-organizadora\/","title":{"rendered":"ANS abre concurso para 102 vagas; Funcab \u00e9 a organizadora"},"content":{"rendered":"<div align=\"justify\">\n<div id=\"attachment_26561\" style=\"width: 310px\" class=\"wp-caption alignright\"><a href=\"http:\/\/senoticias.com.br\/se\/wp-content\/uploads\/2012\/03\/FotodeFabianaCosta.jpeg\"><img loading=\"lazy\" decoding=\"async\" aria-describedby=\"caption-attachment-26561\" class=\"size-medium wp-image-26561\" alt=\"Todas as oportunidades s\u00e3o de n\u00edvel m\u00e9dio.  (Foto: Divulga\u00e7\u00e3o\/Net) \" src=\"http:\/\/senoticias.com.br\/se\/wp-content\/uploads\/2012\/03\/FotodeFabianaCosta-300x199.jpg\" width=\"300\" height=\"199\" srcset=\"https:\/\/senoticias.com.br\/se\/wp-content\/uploads\/2012\/03\/FotodeFabianaCosta-300x199.jpg 300w, https:\/\/senoticias.com.br\/se\/wp-content\/uploads\/2012\/03\/FotodeFabianaCosta-342x227.jpg 342w, https:\/\/senoticias.com.br\/se\/wp-content\/uploads\/2012\/03\/FotodeFabianaCosta.jpeg 650w\" sizes=\"(max-width: 300px) 100vw, 300px\" \/><\/a><p id=\"caption-attachment-26561\" class=\"wp-caption-text\">Todas as oportunidades s\u00e3o de n\u00edvel m\u00e9dio.<br \/>(Foto: arquivo \/divulga\u00e7\u00e3o\/Net)<\/p><\/div>\n<p><span style=\"font-family: Arial; font-size: small;\">A Ag\u00eancia Nacional de Sa\u00fade Suplementar (ANS) divulgou edital de concurso p\u00fablico, nesta sexta-feira (13), para 102 vagas em cargos de n\u00edvel m\u00e9dio. O sal\u00e1rio \u00e9 de R$ 5.689,52 a 5.957,52. A Funda\u00e7\u00e3o Professor Carlos Augusto Bittencourt (Funcab) \u00e9 a organizadora respons\u00e1vel pela sele\u00e7\u00e3o.<\/span><\/p>\n<\/div>\n<div align=\"justify\">\n<p><span style=\"font-family: Arial; font-size: small;\">Do total das oportunidades, 5% s\u00e3o reservadas para pessoas com defici\u00eancia e 20% para negros. A jornada de trabalho ser\u00e1 de 40 horas semanais.<\/span><\/p>\n<div><a href=\"http:\/\/pesquisa.in.gov.br\/imprensa\/jsp\/visualiza\/index.jsp?jornal=3&amp;pagina=145&amp;data=13\/11\/2015\" target=\"_blank\"><span style=\"font-family: Arial; font-size: small;\">No site do Di\u00e1rio Oficial da Uni\u00e3o \u00e9 poss\u00edvel ver o edital. Clique aqui<\/span><\/a><span style=\"font-family: Arial; font-size: small;\">.<\/span><\/div>\n<p><span style=\"font-family: Arial; font-size: small;\">S\u00e3o 36 vagas para t\u00e9cnico em regula\u00e7\u00e3o de sa\u00fade suplementar e 66 para t\u00e9cnico administrativo. Os candidatos devem ter n\u00edvel m\u00e9dio completo para participar da sele\u00e7\u00e3o.<\/span><\/p>\n<p><span style=\"font-family: Arial; font-size: small;\">As oportunidades s\u00e3o para Cear\u00e1, Par\u00e1, Paran\u00e1, Rio de Janeiro, S\u00e3o Paulo, Mato Grosso e no Distrito Federal.<\/span><\/p>\n<p><span style=\"font-family: Arial; font-size: small;\">As inscri\u00e7\u00f5es devem ser feitas pelo site\u00a0<\/span><a href=\"http:\/\/www.funcab.org.br\/\" target=\"_blank\"><span style=\"font-family: Arial; font-size: small;\">www.funcab.org.br<\/span><\/a><span style=\"font-family: Arial; font-size: small;\">\u00a0no per\u00edodo de 17 de novembro a 13 de dezembro. A taxa \u00e9 de R$ 74.<\/span><\/p>\n<p><span style=\"font-family: Arial; font-size: small;\">A sele\u00e7\u00e3o ser\u00e1 feita por meio de prova objetiva e prova discursiva. As provas est\u00e3o previstas para o dia 21 de fevereiro de 2016.<\/span><\/p>\n<p><span style=\"font-family: Arial; font-size: small;\">O concurso ter\u00e1 validade de 1 ano e poder\u00e1 ser prorrogado, uma vez, por igual per\u00edodo.<\/span><\/p>\n<p><strong>Acompanhe o SE Not\u00edcias no\u00a0<a href=\"https:\/\/twitter.com\/Senoticias\" target=\"_blank\">Twitter\u00a0<\/a>e no\u00a0<a href=\"https:\/\/www.facebook.com\/PortalSENoticias\/\" target=\"_blank\">Facebook<\/a><\/strong><\/p>\n<p>&nbsp;<\/p>\n<div><strong><span style=\"font-family: Arial; font-size: small;\">Fonte: G1<\/span><\/strong><\/div>\n<\/div>\n","protected":false},"excerpt":{"rendered":"<p>A Ag\u00eancia Nacional de Sa\u00fade Suplementar (ANS) divulgou edital de concurso p\u00fablico, nesta sexta-feira (13), para 102 vagas em cargos de n\u00edvel m\u00e9dio. O sal\u00e1rio \u00e9 de R$ 5.689,52 a 5.957,52. A Funda\u00e7\u00e3o Professor Carlos Augusto Bittencourt (Funcab) \u00e9 a organizadora respons\u00e1vel pela sele\u00e7\u00e3o. Do total das oportunidades, 5% s\u00e3o reservadas para pessoas com defici\u00eancia [&hellip;]<\/p>\n","protected":false},"author":1,"featured_media":26561,"comment_status":"closed","ping_status":"closed","sticky":false,"template":"","format":"standard","meta":{"footnotes":""},"categories":[9,6],"tags":[],"class_list":{"0":"post-86069","1":"post","2":"type-post","3":"status-publish","4":"format-standard","5":"has-post-thumbnail","7":"category-concursos","8":"category-politica"},"_links":{"self":[{"href":"https:\/\/senoticias.com.br\/se\/wp-json\/wp\/v2\/posts\/86069"}],"collection":[{"href":"https:\/\/senoticias.com.br\/se\/wp-json\/wp\/v2\/posts"}],"about":[{"href":"https:\/\/senoticias.com.br\/se\/wp-json\/wp\/v2\/types\/post"}],"author":[{"embeddable":true,"href":"https:\/\/senoticias.com.br\/se\/wp-json\/wp\/v2\/users\/1"}],"replies":[{"embeddable":true,"href":"https:\/\/senoticias.com.br\/se\/wp-json\/wp\/v2\/comments?post=86069"}],"version-history":[{"count":0,"href":"https:\/\/senoticias.com.br\/se\/wp-json\/wp\/v2\/posts\/86069\/revisions"}],"wp:featuredmedia":[{"embeddable":true,"href":"https:\/\/senoticias.com.br\/se\/wp-json\/wp\/v2\/media\/26561"}],"wp:attachment":[{"href":"https:\/\/senoticias.com.br\/se\/wp-json\/wp\/v2\/media?parent=86069"}],"wp:term":[{"taxonomy":"category","embeddable":true,"href":"https:\/\/senoticias.com.br\/se\/wp-json\/wp\/v2\/categories?post=86069"},{"taxonomy":"post_tag","embeddable":true,"href":"https:\/\/senoticias.com.br\/se\/wp-json\/wp\/v2\/tags?post=86069"}],"curies":[{"name":"wp","href":"https:\/\/api.w.org\/{rel}","templated":true}]}}