{"id":86062,"date":"2015-11-15T09:41:00","date_gmt":"2015-11-15T12:41:00","guid":{"rendered":"http:\/\/senoticias.com.br\/se\/?p=86062"},"modified":"2017-04-19T02:57:09","modified_gmt":"2017-04-19T05:57:09","slug":"jornal-nacional-e-detonado-por-cobrir-atentado-em-paris-e-esquecer-tragedia-em-minas-gerais","status":"publish","type":"post","link":"https:\/\/senoticias.com.br\/se\/jornal-nacional-e-detonado-por-cobrir-atentado-em-paris-e-esquecer-tragedia-em-minas-gerais\/","title":{"rendered":"\u201cJornal Nacional\u201d \u00e9 detonado por cobrir atentado em Paris e \u201cesquecer\u201d trag\u00e9dia em Minas Gerais"},"content":{"rendered":"<p style=\"text-align: justify;\"><em><strong>\u00a0por Breno Cunha, do Portal IG<\/strong><\/em><\/p>\n<p style=\"text-align: justify;\">A edi\u00e7\u00e3o do \u201c<strong>Jornal Nacional<\/strong>\u201d deste s\u00e1bado (14), apresentada por <strong>William Bonner<\/strong> e <strong>Renata Vasconcellos<\/strong>, sobre a trag\u00e9dia em Paris, quando 129 pessoas foram mortas e outras 80 ficaram feridas ap\u00f3s um atentado terrorista do Estado Isl\u00e2mico, foi bastante criticada nas redes sociais.<\/p>\n<div id=\"attachment_86063\" style=\"width: 610px\" class=\"wp-caption aligncenter\"><a href=\"http:\/\/senoticias.com.br\/se\/wp-content\/uploads\/2015\/11\/JN.jpg\"><img loading=\"lazy\" decoding=\"async\" aria-describedby=\"caption-attachment-86063\" class=\"size-full wp-image-86063\" src=\"http:\/\/senoticias.com.br\/se\/wp-content\/uploads\/2015\/11\/JN.jpg\" alt=\"William Bonner e Renata Vasconcellos na edi\u00e7\u00e3o do \u201cJornal Nacional\u201d sobre os atentados na Fran\u00e7a\" width=\"600\" height=\"455\" srcset=\"https:\/\/senoticias.com.br\/se\/wp-content\/uploads\/2015\/11\/JN.jpg 600w, https:\/\/senoticias.com.br\/se\/wp-content\/uploads\/2015\/11\/JN-300x227.jpg 300w, https:\/\/senoticias.com.br\/se\/wp-content\/uploads\/2015\/11\/JN-342x259.jpg 342w, https:\/\/senoticias.com.br\/se\/wp-content\/uploads\/2015\/11\/JN-60x45.jpg 60w, https:\/\/senoticias.com.br\/se\/wp-content\/uploads\/2015\/11\/JN-150x113.jpg 150w\" sizes=\"(max-width: 600px) 100vw, 600px\" \/><\/a><p id=\"caption-attachment-86063\" class=\"wp-caption-text\">William Bonner e Renata Vasconcellos na edi\u00e7\u00e3o do \u201cJornal Nacional\u201d sobre os atentados na Fran\u00e7a. (Divulga\u00e7\u00e3o\/Net)<\/p><\/div>\n<p style=\"text-align: justify;\">Alguns internautas lembraram que o telejornal da Globo n\u00e3o dedicou tamanha aten\u00e7\u00e3o ao rompimento de uma barragem em Mariana, Minas Gerais, em um desastre que tirou a vida de cinco moradores e destruiu cidades. Outras 23 pessoas est\u00e3o desaparecidas.<\/p>\n<p style=\"text-align: justify;\">\u201cHoje o Jornal Nacional s\u00f3 falou de Paris. Vergonhoso a atitude do editor-chefe Sr. William Bonner. Mariana, Bento Rodrigues?\u201d, escreveu um internauta, enquanto outro comentou: \u201cEles n\u00e3o passam f\u00e9rias em Mariana, mas adoram Paris, jornalistas em geral\u201d.<\/p>\n<p style=\"text-align: justify;\">Na sexta-feira (13), data fat\u00eddica para os franceses, o \u201cJN\u201d tamb\u00e9m foi criticado ao dar not\u00edcias imprecisas sobre o banho de sangue. A Globo, sem um correspondente em Paris, precisou deslocar Roberto Kovalick, de Londres. Na ocasi\u00e3o, s\u00f3 Band e RedeTV! entraram com rep\u00f3rteres do local.<\/p>\n<p style=\"text-align: justify;\"><strong>Acompanhe o SE Not\u00edcias no\u00a0<a href=\"https:\/\/twitter.com\/Senoticias\" target=\"_blank\">Twitter\u00a0<\/a>e no\u00a0<a href=\"https:\/\/www.facebook.com\/PortalSENoticias\/\" target=\"_blank\">Facebook<\/a><\/strong><\/p>\n","protected":false},"excerpt":{"rendered":"<p>\u00a0por Breno Cunha, do Portal IG A edi\u00e7\u00e3o do \u201cJornal Nacional\u201d deste s\u00e1bado (14), apresentada por William Bonner e Renata Vasconcellos, sobre a trag\u00e9dia em Paris, quando 129 pessoas foram mortas e outras 80 ficaram feridas ap\u00f3s um atentado terrorista do Estado Isl\u00e2mico, foi bastante criticada nas redes sociais. Alguns internautas lembraram que o telejornal [&hellip;]<\/p>\n","protected":false},"author":1,"featured_media":86063,"comment_status":"closed","ping_status":"closed","sticky":false,"template":"","format":"standard","meta":{"footnotes":""},"categories":[15,2961],"tags":[],"class_list":{"0":"post-86062","1":"post","2":"type-post","3":"status-publish","4":"format-standard","5":"has-post-thumbnail","7":"category-destaques","8":"category-nacional"},"_links":{"self":[{"href":"https:\/\/senoticias.com.br\/se\/wp-json\/wp\/v2\/posts\/86062"}],"collection":[{"href":"https:\/\/senoticias.com.br\/se\/wp-json\/wp\/v2\/posts"}],"about":[{"href":"https:\/\/senoticias.com.br\/se\/wp-json\/wp\/v2\/types\/post"}],"author":[{"embeddable":true,"href":"https:\/\/senoticias.com.br\/se\/wp-json\/wp\/v2\/users\/1"}],"replies":[{"embeddable":true,"href":"https:\/\/senoticias.com.br\/se\/wp-json\/wp\/v2\/comments?post=86062"}],"version-history":[{"count":0,"href":"https:\/\/senoticias.com.br\/se\/wp-json\/wp\/v2\/posts\/86062\/revisions"}],"wp:featuredmedia":[{"embeddable":true,"href":"https:\/\/senoticias.com.br\/se\/wp-json\/wp\/v2\/media\/86063"}],"wp:attachment":[{"href":"https:\/\/senoticias.com.br\/se\/wp-json\/wp\/v2\/media?parent=86062"}],"wp:term":[{"taxonomy":"category","embeddable":true,"href":"https:\/\/senoticias.com.br\/se\/wp-json\/wp\/v2\/categories?post=86062"},{"taxonomy":"post_tag","embeddable":true,"href":"https:\/\/senoticias.com.br\/se\/wp-json\/wp\/v2\/tags?post=86062"}],"curies":[{"name":"wp","href":"https:\/\/api.w.org\/{rel}","templated":true}]}}