{"id":86059,"date":"2015-11-15T09:16:17","date_gmt":"2015-11-15T12:16:17","guid":{"rendered":"http:\/\/senoticias.com.br\/se\/?p=86059"},"modified":"2015-11-16T07:40:13","modified_gmt":"2015-11-16T10:40:13","slug":"rosalvo-soares-radialista-da-fm-itabaiana-morre-aos-63-anos","status":"publish","type":"post","link":"https:\/\/senoticias.com.br\/se\/rosalvo-soares-radialista-da-fm-itabaiana-morre-aos-63-anos\/","title":{"rendered":"Rosalvo Soares, radialista da FM Itabaiana, morre aos 63 anos"},"content":{"rendered":"<div id=\"attachment_86060\" style=\"width: 310px\" class=\"wp-caption alignright\"><a href=\"http:\/\/senoticias.com.br\/se\/wp-content\/uploads\/2015\/11\/Rosalvo-Soares.jpg\"><img loading=\"lazy\" decoding=\"async\" aria-describedby=\"caption-attachment-86060\" class=\"size-medium wp-image-86060\" alt=\"Radialista Rosalvo Soares, morreu aos 63 anos. (Foto: arquivo\/pessoal)\" src=\"http:\/\/senoticias.com.br\/se\/wp-content\/uploads\/2015\/11\/Rosalvo-Soares-300x300.jpg\" width=\"300\" height=\"300\" srcset=\"https:\/\/senoticias.com.br\/se\/wp-content\/uploads\/2015\/11\/Rosalvo-Soares-300x300.jpg 300w, https:\/\/senoticias.com.br\/se\/wp-content\/uploads\/2015\/11\/Rosalvo-Soares-150x150.jpg 150w, https:\/\/senoticias.com.br\/se\/wp-content\/uploads\/2015\/11\/Rosalvo-Soares-50x50.jpg 50w, https:\/\/senoticias.com.br\/se\/wp-content\/uploads\/2015\/11\/Rosalvo-Soares-342x342.jpg 342w, https:\/\/senoticias.com.br\/se\/wp-content\/uploads\/2015\/11\/Rosalvo-Soares-70x70.jpg 70w, https:\/\/senoticias.com.br\/se\/wp-content\/uploads\/2015\/11\/Rosalvo-Soares-55x55.jpg 55w, https:\/\/senoticias.com.br\/se\/wp-content\/uploads\/2015\/11\/Rosalvo-Soares.jpg 405w\" sizes=\"(max-width: 300px) 100vw, 300px\" \/><\/a><p id=\"caption-attachment-86060\" class=\"wp-caption-text\">Radialista Rosalvo Soares, morreu aos 63 anos. (Foto: arquivo\/pessoal)<\/p><\/div>\n<p style=\"text-align: justify;\">Morreu na madrugada deste domingo, dia 15, no Hospital de Cirurgia, em Aracaju, o Radialista Rosalvo Soares da Silva, 63 anos, \u00e2ncora do Jornal da Manh\u00e3 da FM Itabaiana.<\/p>\n<p style=\"text-align: justify;\">Soares passou por algumas complica\u00e7\u00f5es em seu estado de sa\u00fade desde a metade do m\u00eas de outubro. Ao consultar o m\u00e9dico, foi solicitada a realiza\u00e7\u00e3o de exames e ap\u00f3s os resultados foi constatada a necessidade da realiza\u00e7\u00e3o de uma interven\u00e7\u00e3o cir\u00fargica.<\/p>\n<p style=\"text-align: justify;\">O radialista foi encaminhado ao Hospital de Cirurgia e ficou aguardando por 35 dias e na quarta-feira, dia 11, com dura\u00e7\u00e3o de aproximadamente 10 horas, foram implantadas tr\u00eas pontes de safena. Ap\u00f3s o processo cir\u00fargico o radialista ficou internado na UTI (Unidade de Terapia Intensiva) do hospital, mas na madrugada deste domingo n\u00e3o resistiu e faleceu.<\/p>\n<p style=\"text-align: justify;\">Rosalvo Soares da Silva era natural de Delmiro Gouveia (AL) e residia em Itabaiana.<\/p>\n<p style=\"text-align: justify;\"><strong>Acompanhe o SE Not\u00edcias no\u00a0<a href=\"https:\/\/twitter.com\/Senoticias\" target=\"_blank\">Twitter\u00a0<\/a>e no\u00a0<a href=\"https:\/\/www.facebook.com\/PortalSENoticias\/\" target=\"_blank\">Facebook<\/a><\/strong><\/p>\n<p style=\"text-align: justify;\"><em><strong>Informa\u00e7\u00f5es do Portal Itnet<\/strong><\/em><\/p>\n","protected":false},"excerpt":{"rendered":"<p>Morreu na madrugada deste domingo, dia 15, no Hospital de Cirurgia, em Aracaju, o Radialista Rosalvo Soares da Silva, 63 anos, \u00e2ncora do Jornal da Manh\u00e3 da FM Itabaiana. Soares passou por algumas complica\u00e7\u00f5es em seu estado de sa\u00fade desde a metade do m\u00eas de outubro. Ao consultar o m\u00e9dico, foi solicitada a realiza\u00e7\u00e3o de [&hellip;]<\/p>\n","protected":false},"author":1,"featured_media":86060,"comment_status":"closed","ping_status":"closed","sticky":false,"template":"","format":"standard","meta":{"footnotes":""},"categories":[310],"tags":[],"class_list":{"0":"post-86059","1":"post","2":"type-post","3":"status-publish","4":"format-standard","5":"has-post-thumbnail","7":"category-destaques-da-semana"},"_links":{"self":[{"href":"https:\/\/senoticias.com.br\/se\/wp-json\/wp\/v2\/posts\/86059"}],"collection":[{"href":"https:\/\/senoticias.com.br\/se\/wp-json\/wp\/v2\/posts"}],"about":[{"href":"https:\/\/senoticias.com.br\/se\/wp-json\/wp\/v2\/types\/post"}],"author":[{"embeddable":true,"href":"https:\/\/senoticias.com.br\/se\/wp-json\/wp\/v2\/users\/1"}],"replies":[{"embeddable":true,"href":"https:\/\/senoticias.com.br\/se\/wp-json\/wp\/v2\/comments?post=86059"}],"version-history":[{"count":0,"href":"https:\/\/senoticias.com.br\/se\/wp-json\/wp\/v2\/posts\/86059\/revisions"}],"wp:featuredmedia":[{"embeddable":true,"href":"https:\/\/senoticias.com.br\/se\/wp-json\/wp\/v2\/media\/86060"}],"wp:attachment":[{"href":"https:\/\/senoticias.com.br\/se\/wp-json\/wp\/v2\/media?parent=86059"}],"wp:term":[{"taxonomy":"category","embeddable":true,"href":"https:\/\/senoticias.com.br\/se\/wp-json\/wp\/v2\/categories?post=86059"},{"taxonomy":"post_tag","embeddable":true,"href":"https:\/\/senoticias.com.br\/se\/wp-json\/wp\/v2\/tags?post=86059"}],"curies":[{"name":"wp","href":"https:\/\/api.w.org\/{rel}","templated":true}]}}